{"id":11285,"date":"2024-07-29T14:00:00","date_gmt":"2024-07-29T21:00:00","guid":{"rendered":"https:\/\/www.csf.bc.ca\/?p=11285"},"modified":"2025-01-21T13:48:31","modified_gmt":"2025-01-21T21:48:31","slug":"nouveau-gymnase-pour-les-eleves-francophones-a-mission","status":"publish","type":"post","link":"https:\/\/www.csf.bc.ca\/en\/2024\/07\/29\/nouveau-gymnase-pour-les-eleves-francophones-a-mission\/","title":{"rendered":"Nouveau gymnase pour les \u00e9l\u00e8ves francophones \u00e0 Mission"},"content":{"rendered":"\n<p><strong>RICHMOND, le 29 juillet 2024 \u2013<\/strong>\u00a0\u00a0Le minist\u00e8re de l\u2019\u00c9ducation et des Services \u00e0 la petite enfance annonce l&#8217;ouverture d&#8217;un nouveau gymnase pour les \u00e9l\u00e8ves et le personnel de l&#8217;\u00e9cole des Deux-rives. <\/p>\n\n\n\n<hr class=\"wp-block-separator has-alpha-channel-opacity\"\/>\n\n\n\n<p><strong>Pour diffusion imm\u00e9diate<\/strong><br>Le 29 juillet 2024<\/p>\n\n\n\n<p class=\"has-text-align-center has-luminous-vivid-orange-color has-text-color has-link-color wp-elements-38b26b3896d735a9378746b2cac43dda\"><strong>COMMUNIQU\u00c9 DE PRESSE<\/strong><\/p>\n\n\n\n<p class=\"has-text-align-center\"><strong><strong>New school gym opens for francophone students in Mission<\/strong><\/strong><\/p>\n\n\n\n<p><\/p>\n\n\n\n<p><strong>MISSION &#8211; A new gymnasium is now open for students and staff at \u00c9cole des Deux-rives, while\u00a0offering families in the community a valuable gathering area.<\/strong><\/p>\n\n\n\n<p>&#8220;Our\u00a0government\u00a0continues\u00a0to\u00a0fulfil\u00a0our\u00a0promise\u00a0to\u00a0build,\u00a0expand,\u00a0and\u00a0upgrade\u00a0schools\u00a0throughout B.C.,&#8221; said Rachna Singh, Minister of Education and Child Care. &#8220;This new gym for\u00a0students\u00a0at\u00a0\u00c9cole\u00a0des\u00a0Deux-rives\u00a0is part\u00a0of\u00a0that\u00a0commitment.\u00a0Gyms\u00a0are\u00a0a\u00a0vital\u00a0part\u00a0of\u00a0students&#8217;\u00a0experience in schools, as well as providing a space for recreational activities, and I&#8217;m so pleased\u00a0with\u00a0the\u00a0contribution\u00a0this\u00a0project\u00a0represents.&#8221;<\/p>\n\n\n\n<p>With provincial funding of almost $6.9 million, the gym was constructed using mass timber for the&nbsp;walls&nbsp;and&nbsp;roof,&nbsp;andlight&nbsp;wood&nbsp;frames&nbsp;for&nbsp;the&nbsp;support&nbsp;areas.&nbsp;The&nbsp;old&nbsp;gym&nbsp;will&nbsp;be&nbsp;converted&nbsp;into new extra learning spaces, additional library space, a special education room and a multi-&nbsp;purpose area.<\/p>\n\n\n\n<p>During the past seven years, the Province has provided the Conseil scolaire francophone de la\u00a0Colombie-Britannique\u00a0(CSF)\u00a0with\u00a0more\u00a0than\u00a0$93\u00a0million\u00a0for\u00a0site\u00a0purchases\u00a0in\u00a0Burnaby,\u00a0Kamloops, Penticton, Victoria, Pemberton, Smithers, Sechelt and Squamish, as well as more\u00a0than\u00a0$130\u00a0million\u00a0for\u00a0new\u00a0construction\u00a0and addition\u00a0projects\u00a0in\u00a0Victoria,\u00a0Smithers,\u00a0Mission,\u00a0Pemberton and Burnaby. The government has invested $223 million, resulting in 845 more seats in CSF schools throughout the province.<\/p>\n\n\n\n<p>Since September 2017, the B.C. government has approved $4.9 billion for new and improved schools, and land purchases for schools in the province. This has resulted in more than 35,000 new student spaces and more than 35,000 seismically safer seats at B.C. schools.<\/p>\n\n\n\n<p>Budget\u00a02024\u00a0includes\u00a0$3.75\u00a0billion\u00a0for\u00a0school\u00a0capital\u00a0projects\u00a0over\u00a0the\u00a0next\u00a0three\u00a0years,\u00a0including\u00a0new\u00a0and expanded\u00a0schools,\u00a0seismic\u00a0upgrades\u00a0and\u00a0replacements,\u00a0and\u00a0land\u00a0purchases\u00a0for future schools.<\/p>\n\n\n\n<p><\/p>\n\n\n\n<p><strong>Quotes: <\/strong><\/p>\n\n\n\n<p><\/p>\n\n\n\n<p><strong>Pam\u00a0Alexis,\u00a0MLA\u00a0for\u00a0Abbotsford-Mission\u00a0&#8211;<\/strong><\/p>\n\n\n\n<p>&#8220;A new gymnasium at \u00c9cole Des Deux-rives is now open, providing a modern space for education and recreation for students. This proves our government has kept to promises made\u00a0and\u00a0we\u00a0are\u00a0ready\u00a0to\u00a0domore.&#8221;<\/p>\n\n\n\n<p><\/p>\n\n\n\n<p><strong>Marie-Pierre\u00a0Lavoie,\u00a0chair,\u00a0CSF\u00a0Board\u00a0of\u00a0Directors\u00a0&#8211;<\/strong><\/p>\n\n\n\n<p>&#8220;The&nbsp;new&nbsp;gymnasium&nbsp;at&nbsp;\u00c9cole&nbsp;des&nbsp;Deux-rives&nbsp;represents&nbsp;a&nbsp;major&nbsp;step&nbsp;forward&nbsp;for&nbsp;the&nbsp;Mission<\/p>\n\n\n\n<p>community\u00a0and\u00a0for\u00a0the\u00a0CSF.\u00a0This\u00a0new\u00a0space\u00a0provides\u00a0our\u00a0students\u00a0with\u00a0much-needed infrastructure. We&#8217;re happy to see one of our many court victories realized today and proud to\u00a0be\u00a0investing\u00a0in\u00a0the\u00a0future\u00a0of\u00a0our\u00a0families\u00a0and\u00a0childrenby\u00a0providing\u00a0them\u00a0with\u00a0the\u00a0facilities\u00a0they\u00a0deserve<em>.<\/em>&#8220;<\/p>\n\n\n\n<p><\/p>\n\n\n\n<p><strong>Learn more: <\/strong><\/p>\n\n\n\n<p>For more information about School District No. 93 (Conseil scolaire francophone de la C.-B.),&nbsp;visit:&nbsp;<a href=\"https:\/\/www.csf.bc.ca\/\">https:\/\/www.csf.bc.ca<\/a><\/p>\n\n\n\n<p>For more information about major public school capital projects underway, visit:&nbsp;<a href=\"https:\/\/www2.gov.bc.ca\/gov\/content\/education-training\/k-12\/administration\/capital\/major-capital-projects\">https:\/\/www<\/a><a href=\"https:\/\/www2.gov.bc.ca\/gov\/content\/education-training\/k-12\/administration\/capital\/major-capital-projects\">2<\/a><a href=\"https:\/\/www2.gov.bc.ca\/gov\/content\/education-training\/k-12\/administration\/capital\/major-capital-projects\">.gov.bc.ca\/gov\/content\/education-training\/k-<\/a><a href=\"https:\/\/www2.gov.bc.ca\/gov\/content\/education-training\/k-12\/administration\/capital\/major-capital-projects\">12<\/a><a href=\"https:\/\/www2.gov.bc.ca\/gov\/content\/education-training\/k-12\/administration\/capital\/major-capital-projects\">\/administration\/capital\/major-<\/a>&nbsp;<a href=\"https:\/\/www2.gov.bc.ca\/gov\/content\/education-training\/k-12\/administration\/capital\/major-capital-projects\">capital-projects<\/a><\/p>\n\n\n\n<p>To\u00a0learn\u00a0more\u00a0about\u00a0B.C.&#8217;s\u00a0Seismic\u00a0Mitigation\u00a0Program,\u00a0visit:\u00a0<a href=\"https:\/\/www2.gov.bc.ca\/gov\/content\/education-training\/k-12\/administration\/capital\/seismic-mitigation\">https:\/\/www2.gov.bc.ca\/gov\/content\/education-training\/k-12\/administration\/capital\/seismic-<\/a>\u00a0<a href=\"https:\/\/www2.gov.bc.ca\/gov\/content\/education-training\/k-12\/administration\/capital\/seismic-mitigation\">mitigation<\/a><\/p>\n\n\n\n<p><\/p>\n\n\n\n<p><strong>Contact: <\/strong><\/p>\n\n\n\n<p>Ministry of Education and Child Care&nbsp;Media Relations<\/p>\n\n\n\n<p>250&nbsp;208-7705<\/p>\n\n\n\n<p>Connect&nbsp;with&nbsp;the&nbsp;Province&nbsp;of&nbsp;B.C.&nbsp;at:&nbsp;<a href=\"http:\/\/news.gov.bc.ca\/connect\">news.gov.bc.ca\/connect<\/a><\/p>\n\n\n\n<p><\/p>\n","protected":false},"excerpt":{"rendered":"<p>RICHMOND, le 29 juillet 2024 \u2013\u00a0\u00a0Le minist\u00e8re de l\u2019\u00c9ducation et des Services \u00e0 la petite [&hellip;]<\/p>\n","protected":false},"author":2,"featured_media":4178,"comment_status":"closed","ping_status":"closed","sticky":false,"template":"","format":"standard","meta":{"_acf_changed":false,"footnotes":""},"categories":[161],"tags":[],"class_list":["post-11285","post","type-post","status-publish","format-standard","has-post-thumbnail","hentry","category-immobilier"],"acf":[],"yoast_head":"<!-- This site is optimized with the Yoast SEO plugin v26.5 - https:\/\/yoast.com\/wordpress\/plugins\/seo\/ -->\n<title>Nouveau gymnase pour les \u00e9l\u00e8ves francophones \u00e0 Mission | Conseil scolaire francophone de la Colombie-Britannique<\/title>\n<meta name=\"robots\" content=\"index, follow, max-snippet:-1, max-image-preview:large, max-video-preview:-1\" \/>\n<link rel=\"canonical\" href=\"https:\/\/www.csf.bc.ca\/en\/2024\/07\/29\/nouveau-gymnase-pour-les-eleves-francophones-a-mission\/\" \/>\n<meta property=\"og:locale\" content=\"en_US\" \/>\n<meta property=\"og:type\" content=\"article\" \/>\n<meta property=\"og:title\" content=\"Nouveau gymnase pour les \u00e9l\u00e8ves francophones \u00e0 Mission | Conseil scolaire francophone de la Colombie-Britannique\" \/>\n<meta property=\"og:description\" content=\"RICHMOND, le 29 juillet 2024 \u2013\u00a0\u00a0Le minist\u00e8re de l\u2019\u00c9ducation et des Services \u00e0 la petite [&hellip;]\" \/>\n<meta property=\"og:url\" content=\"https:\/\/www.csf.bc.ca\/en\/2024\/07\/29\/nouveau-gymnase-pour-les-eleves-francophones-a-mission\/\" \/>\n<meta property=\"og:site_name\" content=\"Conseil scolaire francophone de la Colombie-Britannique\" \/>\n<meta property=\"article:published_time\" content=\"2024-07-29T21:00:00+00:00\" \/>\n<meta property=\"article:modified_time\" content=\"2025-01-21T21:48:31+00:00\" \/>\n<meta property=\"og:image\" content=\"https:\/\/www.csf.bc.ca\/wp-content\/uploads\/2022\/08\/BCNews-e1582739101730.jpg\" \/>\n\t<meta property=\"og:image:width\" content=\"745\" \/>\n\t<meta property=\"og:image:height\" content=\"495\" \/>\n\t<meta property=\"og:image:type\" content=\"image\/jpeg\" \/>\n<meta name=\"author\" content=\"csf\" \/>\n<meta name=\"twitter:card\" content=\"summary_large_image\" \/>\n<meta name=\"twitter:label1\" content=\"Written by\" \/>\n\t<meta name=\"twitter:data1\" content=\"csf\" \/>\n\t<meta name=\"twitter:label2\" content=\"Est. reading time\" \/>\n\t<meta name=\"twitter:data2\" content=\"3 minutes\" \/>\n<script type=\"application\/ld+json\" class=\"yoast-schema-graph\">{\"@context\":\"https:\/\/schema.org\",\"@graph\":[{\"@type\":\"Article\",\"@id\":\"https:\/\/www.csf.bc.ca\/en\/2024\/07\/29\/nouveau-gymnase-pour-les-eleves-francophones-a-mission\/#article\",\"isPartOf\":{\"@id\":\"https:\/\/www.csf.bc.ca\/en\/2024\/07\/29\/nouveau-gymnase-pour-les-eleves-francophones-a-mission\/\"},\"author\":{\"name\":\"csf\",\"@id\":\"https:\/\/www.csf.bc.ca\/en\/#\/schema\/person\/22c70ad892bd8e6c6ae5040918c74d76\"},\"headline\":\"Nouveau gymnase pour les \u00e9l\u00e8ves francophones \u00e0 Mission\",\"datePublished\":\"2024-07-29T21:00:00+00:00\",\"dateModified\":\"2025-01-21T21:48:31+00:00\",\"mainEntityOfPage\":{\"@id\":\"https:\/\/www.csf.bc.ca\/en\/2024\/07\/29\/nouveau-gymnase-pour-les-eleves-francophones-a-mission\/\"},\"wordCount\":589,\"publisher\":{\"@id\":\"https:\/\/www.csf.bc.ca\/en\/#organization\"},\"image\":{\"@id\":\"https:\/\/www.csf.bc.ca\/en\/2024\/07\/29\/nouveau-gymnase-pour-les-eleves-francophones-a-mission\/#primaryimage\"},\"thumbnailUrl\":\"https:\/\/www.csf.bc.ca\/wp-content\/uploads\/2022\/08\/BCNews-e1582739101730.jpg\",\"articleSection\":[\"Immobilier\"],\"inLanguage\":\"en-US\"},{\"@type\":\"WebPage\",\"@id\":\"https:\/\/www.csf.bc.ca\/en\/2024\/07\/29\/nouveau-gymnase-pour-les-eleves-francophones-a-mission\/\",\"url\":\"https:\/\/www.csf.bc.ca\/en\/2024\/07\/29\/nouveau-gymnase-pour-les-eleves-francophones-a-mission\/\",\"name\":\"Nouveau gymnase pour les \u00e9l\u00e8ves francophones \u00e0 Mission | Conseil scolaire francophone de la Colombie-Britannique\",\"isPartOf\":{\"@id\":\"https:\/\/www.csf.bc.ca\/en\/#website\"},\"primaryImageOfPage\":{\"@id\":\"https:\/\/www.csf.bc.ca\/en\/2024\/07\/29\/nouveau-gymnase-pour-les-eleves-francophones-a-mission\/#primaryimage\"},\"image\":{\"@id\":\"https:\/\/www.csf.bc.ca\/en\/2024\/07\/29\/nouveau-gymnase-pour-les-eleves-francophones-a-mission\/#primaryimage\"},\"thumbnailUrl\":\"https:\/\/www.csf.bc.ca\/wp-content\/uploads\/2022\/08\/BCNews-e1582739101730.jpg\",\"datePublished\":\"2024-07-29T21:00:00+00:00\",\"dateModified\":\"2025-01-21T21:48:31+00:00\",\"breadcrumb\":{\"@id\":\"https:\/\/www.csf.bc.ca\/en\/2024\/07\/29\/nouveau-gymnase-pour-les-eleves-francophones-a-mission\/#breadcrumb\"},\"inLanguage\":\"en-US\",\"potentialAction\":[{\"@type\":\"ReadAction\",\"target\":[\"https:\/\/www.csf.bc.ca\/en\/2024\/07\/29\/nouveau-gymnase-pour-les-eleves-francophones-a-mission\/\"]}]},{\"@type\":\"ImageObject\",\"inLanguage\":\"en-US\",\"@id\":\"https:\/\/www.csf.bc.ca\/en\/2024\/07\/29\/nouveau-gymnase-pour-les-eleves-francophones-a-mission\/#primaryimage\",\"url\":\"https:\/\/www.csf.bc.ca\/wp-content\/uploads\/2022\/08\/BCNews-e1582739101730.jpg\",\"contentUrl\":\"https:\/\/www.csf.bc.ca\/wp-content\/uploads\/2022\/08\/BCNews-e1582739101730.jpg\",\"width\":745,\"height\":495},{\"@type\":\"BreadcrumbList\",\"@id\":\"https:\/\/www.csf.bc.ca\/en\/2024\/07\/29\/nouveau-gymnase-pour-les-eleves-francophones-a-mission\/#breadcrumb\",\"itemListElement\":[{\"@type\":\"ListItem\",\"position\":1,\"name\":\"Home\",\"item\":\"https:\/\/www.csf.bc.ca\/en\/\"},{\"@type\":\"ListItem\",\"position\":2,\"name\":\"Nouveau gymnase pour les \u00e9l\u00e8ves francophones \u00e0 Mission\"}]},{\"@type\":\"WebSite\",\"@id\":\"https:\/\/www.csf.bc.ca\/en\/#website\",\"url\":\"https:\/\/www.csf.bc.ca\/en\/\",\"name\":\"Conseil scolaire francophone de la Colombie-Britannique\",\"description\":\"CSF\",\"publisher\":{\"@id\":\"https:\/\/www.csf.bc.ca\/en\/#organization\"},\"potentialAction\":[{\"@type\":\"SearchAction\",\"target\":{\"@type\":\"EntryPoint\",\"urlTemplate\":\"https:\/\/www.csf.bc.ca\/en\/?s={search_term_string}\"},\"query-input\":{\"@type\":\"PropertyValueSpecification\",\"valueRequired\":true,\"valueName\":\"search_term_string\"}}],\"inLanguage\":\"en-US\"},{\"@type\":\"Organization\",\"@id\":\"https:\/\/www.csf.bc.ca\/en\/#organization\",\"name\":\"Conseil scolaire francophone de la Colombie-Britannique\",\"url\":\"https:\/\/www.csf.bc.ca\/en\/\",\"logo\":{\"@type\":\"ImageObject\",\"inLanguage\":\"en-US\",\"@id\":\"https:\/\/www.csf.bc.ca\/en\/#\/schema\/logo\/image\/\",\"url\":\"https:\/\/www.csf.bc.ca\/wp-content\/uploads\/2022\/05\/csf-logoHoriz-desc-court-coul.svg\",\"contentUrl\":\"https:\/\/www.csf.bc.ca\/wp-content\/uploads\/2022\/05\/csf-logoHoriz-desc-court-coul.svg\",\"width\":842,\"height\":205,\"caption\":\"Conseil scolaire francophone de la Colombie-Britannique\"},\"image\":{\"@id\":\"https:\/\/www.csf.bc.ca\/en\/#\/schema\/logo\/image\/\"}},{\"@type\":\"Person\",\"@id\":\"https:\/\/www.csf.bc.ca\/en\/#\/schema\/person\/22c70ad892bd8e6c6ae5040918c74d76\",\"name\":\"csf\",\"image\":{\"@type\":\"ImageObject\",\"inLanguage\":\"en-US\",\"@id\":\"https:\/\/www.csf.bc.ca\/en\/#\/schema\/person\/image\/\",\"url\":\"https:\/\/secure.gravatar.com\/avatar\/6f2a6d26065f77b09f793418913d69362f1611663e90411b8d0ff25c7a63a3a5?s=96&d=mm&r=g\",\"contentUrl\":\"https:\/\/secure.gravatar.com\/avatar\/6f2a6d26065f77b09f793418913d69362f1611663e90411b8d0ff25c7a63a3a5?s=96&d=mm&r=g\",\"caption\":\"csf\"},\"url\":\"https:\/\/www.csf.bc.ca\/en\/author\/csf\/\"}]}<\/script>\n<!-- \/ Yoast SEO plugin. -->","yoast_head_json":{"title":"Nouveau gymnase pour les \u00e9l\u00e8ves francophones \u00e0 Mission | Conseil scolaire francophone de la Colombie-Britannique","robots":{"index":"index","follow":"follow","max-snippet":"max-snippet:-1","max-image-preview":"max-image-preview:large","max-video-preview":"max-video-preview:-1"},"canonical":"https:\/\/www.csf.bc.ca\/en\/2024\/07\/29\/nouveau-gymnase-pour-les-eleves-francophones-a-mission\/","og_locale":"en_US","og_type":"article","og_title":"Nouveau gymnase pour les \u00e9l\u00e8ves francophones \u00e0 Mission | Conseil scolaire francophone de la Colombie-Britannique","og_description":"RICHMOND, le 29 juillet 2024 \u2013\u00a0\u00a0Le minist\u00e8re de l\u2019\u00c9ducation et des Services \u00e0 la petite [&hellip;]","og_url":"https:\/\/www.csf.bc.ca\/en\/2024\/07\/29\/nouveau-gymnase-pour-les-eleves-francophones-a-mission\/","og_site_name":"Conseil scolaire francophone de la Colombie-Britannique","article_published_time":"2024-07-29T21:00:00+00:00","article_modified_time":"2025-01-21T21:48:31+00:00","og_image":[{"width":745,"height":495,"url":"https:\/\/www.csf.bc.ca\/wp-content\/uploads\/2022\/08\/BCNews-e1582739101730.jpg","type":"image\/jpeg"}],"author":"csf","twitter_card":"summary_large_image","twitter_misc":{"Written by":"csf","Est. reading time":"3 minutes"},"schema":{"@context":"https:\/\/schema.org","@graph":[{"@type":"Article","@id":"https:\/\/www.csf.bc.ca\/en\/2024\/07\/29\/nouveau-gymnase-pour-les-eleves-francophones-a-mission\/#article","isPartOf":{"@id":"https:\/\/www.csf.bc.ca\/en\/2024\/07\/29\/nouveau-gymnase-pour-les-eleves-francophones-a-mission\/"},"author":{"name":"csf","@id":"https:\/\/www.csf.bc.ca\/en\/#\/schema\/person\/22c70ad892bd8e6c6ae5040918c74d76"},"headline":"Nouveau gymnase pour les \u00e9l\u00e8ves francophones \u00e0 Mission","datePublished":"2024-07-29T21:00:00+00:00","dateModified":"2025-01-21T21:48:31+00:00","mainEntityOfPage":{"@id":"https:\/\/www.csf.bc.ca\/en\/2024\/07\/29\/nouveau-gymnase-pour-les-eleves-francophones-a-mission\/"},"wordCount":589,"publisher":{"@id":"https:\/\/www.csf.bc.ca\/en\/#organization"},"image":{"@id":"https:\/\/www.csf.bc.ca\/en\/2024\/07\/29\/nouveau-gymnase-pour-les-eleves-francophones-a-mission\/#primaryimage"},"thumbnailUrl":"https:\/\/www.csf.bc.ca\/wp-content\/uploads\/2022\/08\/BCNews-e1582739101730.jpg","articleSection":["Immobilier"],"inLanguage":"en-US"},{"@type":"WebPage","@id":"https:\/\/www.csf.bc.ca\/en\/2024\/07\/29\/nouveau-gymnase-pour-les-eleves-francophones-a-mission\/","url":"https:\/\/www.csf.bc.ca\/en\/2024\/07\/29\/nouveau-gymnase-pour-les-eleves-francophones-a-mission\/","name":"Nouveau gymnase pour les \u00e9l\u00e8ves francophones \u00e0 Mission | Conseil scolaire francophone de la Colombie-Britannique","isPartOf":{"@id":"https:\/\/www.csf.bc.ca\/en\/#website"},"primaryImageOfPage":{"@id":"https:\/\/www.csf.bc.ca\/en\/2024\/07\/29\/nouveau-gymnase-pour-les-eleves-francophones-a-mission\/#primaryimage"},"image":{"@id":"https:\/\/www.csf.bc.ca\/en\/2024\/07\/29\/nouveau-gymnase-pour-les-eleves-francophones-a-mission\/#primaryimage"},"thumbnailUrl":"https:\/\/www.csf.bc.ca\/wp-content\/uploads\/2022\/08\/BCNews-e1582739101730.jpg","datePublished":"2024-07-29T21:00:00+00:00","dateModified":"2025-01-21T21:48:31+00:00","breadcrumb":{"@id":"https:\/\/www.csf.bc.ca\/en\/2024\/07\/29\/nouveau-gymnase-pour-les-eleves-francophones-a-mission\/#breadcrumb"},"inLanguage":"en-US","potentialAction":[{"@type":"ReadAction","target":["https:\/\/www.csf.bc.ca\/en\/2024\/07\/29\/nouveau-gymnase-pour-les-eleves-francophones-a-mission\/"]}]},{"@type":"ImageObject","inLanguage":"en-US","@id":"https:\/\/www.csf.bc.ca\/en\/2024\/07\/29\/nouveau-gymnase-pour-les-eleves-francophones-a-mission\/#primaryimage","url":"https:\/\/www.csf.bc.ca\/wp-content\/uploads\/2022\/08\/BCNews-e1582739101730.jpg","contentUrl":"https:\/\/www.csf.bc.ca\/wp-content\/uploads\/2022\/08\/BCNews-e1582739101730.jpg","width":745,"height":495},{"@type":"BreadcrumbList","@id":"https:\/\/www.csf.bc.ca\/en\/2024\/07\/29\/nouveau-gymnase-pour-les-eleves-francophones-a-mission\/#breadcrumb","itemListElement":[{"@type":"ListItem","position":1,"name":"Home","item":"https:\/\/www.csf.bc.ca\/en\/"},{"@type":"ListItem","position":2,"name":"Nouveau gymnase pour les \u00e9l\u00e8ves francophones \u00e0 Mission"}]},{"@type":"WebSite","@id":"https:\/\/www.csf.bc.ca\/en\/#website","url":"https:\/\/www.csf.bc.ca\/en\/","name":"Conseil scolaire francophone de la Colombie-Britannique","description":"CSF","publisher":{"@id":"https:\/\/www.csf.bc.ca\/en\/#organization"},"potentialAction":[{"@type":"SearchAction","target":{"@type":"EntryPoint","urlTemplate":"https:\/\/www.csf.bc.ca\/en\/?s={search_term_string}"},"query-input":{"@type":"PropertyValueSpecification","valueRequired":true,"valueName":"search_term_string"}}],"inLanguage":"en-US"},{"@type":"Organization","@id":"https:\/\/www.csf.bc.ca\/en\/#organization","name":"Conseil scolaire francophone de la Colombie-Britannique","url":"https:\/\/www.csf.bc.ca\/en\/","logo":{"@type":"ImageObject","inLanguage":"en-US","@id":"https:\/\/www.csf.bc.ca\/en\/#\/schema\/logo\/image\/","url":"https:\/\/www.csf.bc.ca\/wp-content\/uploads\/2022\/05\/csf-logoHoriz-desc-court-coul.svg","contentUrl":"https:\/\/www.csf.bc.ca\/wp-content\/uploads\/2022\/05\/csf-logoHoriz-desc-court-coul.svg","width":842,"height":205,"caption":"Conseil scolaire francophone de la Colombie-Britannique"},"image":{"@id":"https:\/\/www.csf.bc.ca\/en\/#\/schema\/logo\/image\/"}},{"@type":"Person","@id":"https:\/\/www.csf.bc.ca\/en\/#\/schema\/person\/22c70ad892bd8e6c6ae5040918c74d76","name":"csf","image":{"@type":"ImageObject","inLanguage":"en-US","@id":"https:\/\/www.csf.bc.ca\/en\/#\/schema\/person\/image\/","url":"https:\/\/secure.gravatar.com\/avatar\/6f2a6d26065f77b09f793418913d69362f1611663e90411b8d0ff25c7a63a3a5?s=96&d=mm&r=g","contentUrl":"https:\/\/secure.gravatar.com\/avatar\/6f2a6d26065f77b09f793418913d69362f1611663e90411b8d0ff25c7a63a3a5?s=96&d=mm&r=g","caption":"csf"},"url":"https:\/\/www.csf.bc.ca\/en\/author\/csf\/"}]}},"_links":{"self":[{"href":"https:\/\/www.csf.bc.ca\/en\/wp-json\/wp\/v2\/posts\/11285","targetHints":{"allow":["GET"]}}],"collection":[{"href":"https:\/\/www.csf.bc.ca\/en\/wp-json\/wp\/v2\/posts"}],"about":[{"href":"https:\/\/www.csf.bc.ca\/en\/wp-json\/wp\/v2\/types\/post"}],"author":[{"embeddable":true,"href":"https:\/\/www.csf.bc.ca\/en\/wp-json\/wp\/v2\/users\/2"}],"replies":[{"embeddable":true,"href":"https:\/\/www.csf.bc.ca\/en\/wp-json\/wp\/v2\/comments?post=11285"}],"version-history":[{"count":1,"href":"https:\/\/www.csf.bc.ca\/en\/wp-json\/wp\/v2\/posts\/11285\/revisions"}],"predecessor-version":[{"id":11286,"href":"https:\/\/www.csf.bc.ca\/en\/wp-json\/wp\/v2\/posts\/11285\/revisions\/11286"}],"wp:featuredmedia":[{"embeddable":true,"href":"https:\/\/www.csf.bc.ca\/en\/wp-json\/wp\/v2\/media\/4178"}],"wp:attachment":[{"href":"https:\/\/www.csf.bc.ca\/en\/wp-json\/wp\/v2\/media?parent=11285"}],"wp:term":[{"taxonomy":"category","embeddable":true,"href":"https:\/\/www.csf.bc.ca\/en\/wp-json\/wp\/v2\/categories?post=11285"},{"taxonomy":"post_tag","embeddable":true,"href":"https:\/\/www.csf.bc.ca\/en\/wp-json\/wp\/v2\/tags?post=11285"}],"curies":[{"name":"wp","href":"https:\/\/api.w.org\/{rel}","templated":true}]}}