{"id":12208,"date":"2024-10-21T15:35:42","date_gmt":"2024-10-21T22:35:42","guid":{"rendered":"https:\/\/www.csf.bc.ca\/?p=12208"},"modified":"2024-10-21T15:43:04","modified_gmt":"2024-10-21T22:43:04","slug":"le-ca-evoque-les-elections-partielles-en-cours-et-le-debut-de-la-periode-de-vote-a-venir","status":"publish","type":"post","link":"https:\/\/www.csf.bc.ca\/en\/2024\/10\/21\/le-ca-evoque-les-elections-partielles-en-cours-et-le-debut-de-la-periode-de-vote-a-venir\/","title":{"rendered":"Le CA \u00e9voque les \u00e9lections partielles en cours et le d\u00e9but de la p\u00e9riode de vote \u00e0 venir\u00a0\u00a0"},"content":{"rendered":"\n<p><strong>RICHMOND, le 21 octobre\u202f<\/strong>\u2013 Le samedi 19\u202foctobre, le conseil d\u2019administration (CA) du Conseil scolaire francophone de la Colombie-Britannique (CSF) s\u2019est r\u00e9uni \u00e0 distance dans le cadre de la rencontre publique.\u202f\u00a0<\/p>\n\n\n\n<p><\/p>\n\n\n\n<p><strong>\u00c9lections partielles en cours\u202f<\/strong>&nbsp;<\/p>\n\n\n\n<p>Le processus des \u00e9lections partielles, d\u00e9but\u00e9 le 14 septembre \u00e0 la suite de la d\u00e9mission du conseiller de la r\u00e9gion de Vancouver, continue son cours.\u202f \u00c0 l&#8217;issue\u202fde la cl\u00f4ture de la p\u00e9riode de candidatures, Patrick Gatien et Sacha M\u00e9din\u00e9 sont les deux candidats en lice pour repr\u00e9senter la r\u00e9gion du Grand Vancouver.&nbsp;&nbsp;<\/p>\n\n\n\n<p>Les membres du CSF des municipalit\u00e9s de Vancouver, Burnaby, New Westminster et Richmond sont invit\u00e9s \u00e0 voter pour \u00e9lire le nouveau conseiller de la r\u00e9gion du Grand Vancouver\u202fdu 28 octobre au 8 novembre. Le scrutin aura lieu par voie \u00e9lectronique et les bulletins seront distribu\u00e9s par courriel. L\u2019assermentation du nouveau conseiller aura lieu le 22 novembre, lors du congr\u00e8s de la F\u00e9d\u00e9ration des parents de la Colombie-Britannique.&nbsp;<\/p>\n\n\n\n<p>Les biographies des candidats sont disponibles en ligne sur <a href=\"https:\/\/www.csf.bc.ca\/candidats-2024\/\" target=\"_blank\" rel=\"noreferrer noopener\">la page d\u00e9di\u00e9e aux \u00e9lections partielles<\/a>.&nbsp;&nbsp;<\/p>\n\n\n\n<p><strong>Questions budg\u00e9taires\u202f<\/strong>&nbsp;<\/p>\n\n\n\n<p>Le Protocole sur les langues officielles dans l\u2019enseignement (PLO\u00c9) a \u00e9t\u00e9 amend\u00e9 pour la p\u00e9riode 2023-2028, avec l&#8217;augmentation annonc\u00e9e en juin 2024, s\u2019ajoutant aux montants d\u00e9j\u00e0 allou\u00e9s.&nbsp;Les fonds suppl\u00e9mentaires allou\u00e9s au CSF seront r\u00e9partis dans 17 initiatives pour les besoins \u00e9ducatifs des \u00e9coles.&nbsp;<\/p>\n\n\n\n<p>Le minist\u00e8re de l\u2019\u00c9ducation et des Services \u00e0 la petite enfance reverse 38 % des montants du PLO\u00c9 au CSF et le reste au syst\u00e8me d\u2019immersion francophone, ce qui est contest\u00e9 par le CSF. En effet, il s\u2019agit d\u2019une des r\u00e9partitions les plus basses pour l\u2019\u00e9ducation francophone en contexte minoritaire.<\/p>\n\n\n\n<p>La planification budg\u00e9taire pour 2025-2026 est en pr\u00e9paration, avec quatre \u00e9tapes, dont une consultation publique budg\u00e9taire aupr\u00e8s des communaut\u00e9s de la province. La consultation publique est pr\u00e9vue\u202fpour d\u00e9but d\u00e9cembre. Plus d\u2019informations seront communiqu\u00e9es prochainement.&nbsp;&nbsp;&nbsp;<\/p>\n\n\n\n<p><strong>Visite des \u00e9coles de la direction g\u00e9n\u00e9rale\u202f<\/strong>&nbsp;<\/p>\n\n\n\n<p>La directrice g\u00e9n\u00e9rale a r\u00e9cemment visit\u00e9 les \u00e9coles Oc\u00e9ane et des Grands-c\u00e8dres sur l\u2019\u00cele de Vancouver. Lors de ces visites, elle a eu des discussions enrichissantes avec les \u00e9l\u00e8ves et a particip\u00e9 \u00e0 la c\u00e9r\u00e9monie du Chandail orange \u00e0 l\u2019\u00e9cole des Grands-c\u00e8dres.&nbsp;&nbsp;<\/p>\n\n\n\n<p>La tourn\u00e9e s\u2019est poursuivie dans le Sud-Est de la province, incluant les Kootenays et l\u2019Okanagan. Armelle Moran, conseill\u00e8re de la r\u00e9gion du Sud-Est et Pascale Bernier \u00e9taient notamment pr\u00e9sentes \u00e0 Kimberley dans le cadre du d\u00e9voilement du nouveau logo et du nouveau nom de l\u2019\u00e9cole Les M\u00e9l\u00e8zes-dor\u00e9s.&nbsp;&nbsp;<\/p>\n\n\n\n<p>Trois \u00e9coles n\u2019ont pas encore eu de visite de la direction g\u00e9n\u00e9rale et feront l\u2019objet d\u2019une visite durant l\u2019ann\u00e9e scolaire en cours.&nbsp;&nbsp;<\/p>\n\n\n\n<p><strong>Projets p\u00e9dagogiques\u202f<\/strong>&nbsp;<\/p>\n\n\n\n<p>Le CSF poursuit son engagement pour offrir des formations aupr\u00e8s du personnel et accompagner les \u00e9coles dans leur offre de projets culturels.\u202f&nbsp;<\/p>\n\n\n\n<p>Le 3 octobre, une premi\u00e8re session de formation destin\u00e9e au personnel enseignant a eu lieu, visant \u00e0 int\u00e9grer les outils num\u00e9riques pour am\u00e9liorer l\u2019accessibilit\u00e9 de la lecture. Des projets cr\u00e9atifs pour les \u00e9l\u00e8ves de la 3e \u00e0 la 6e ann\u00e9e sont \u00e9galement en d\u00e9veloppement, ainsi qu\u2019un soutien en temps r\u00e9el pour le personnel enseignant.&nbsp;&nbsp;<\/p>\n\n\n\n<p>Cette ann\u00e9e, 39 \u00e9coles participent au projet d\u2019\u00e9ducation civique, avec les r\u00e9sultats du vote des \u00e9l\u00e8ves attendus le 9 novembre. Cette initiative est une opportunit\u00e9 unique pour les \u00e9l\u00e8ves de se familiariser avec le processus \u00e9lectoral pour devenir les citoyen\u00b7ne\u00b7s de demain.&nbsp;<\/p>\n\n\n\n<p>De plus, l\u2019ensemble des \u00e9coles a fourni un tableau r\u00e9capitulatif des activit\u00e9s socioculturelles pour l\u2019ann\u00e9e scolaire, en partenariat avec des organismes locaux. Un rapport \u00e0 ce sujet est en pr\u00e9paration et sera bient\u00f4t disponible.\u202f&nbsp;<\/p>\n\n\n\n<p>En ce qui concerne les \u00e9quipes-\u00e9cole, un sondage a \u00e9t\u00e9 envoy\u00e9 \u00e0 l\u2019ensemble des directions pour identifier o\u00f9 un appui suppl\u00e9mentaire est n\u00e9cessaire et pour s\u2019assurer que chaque \u00e9cole est bien \u00e9quip\u00e9e pour r\u00e9pondre aux besoins des \u00e9l\u00e8ves.&nbsp;<\/p>\n\n\n\n<p><strong>Transport scolaire<\/strong>&nbsp;<\/p>\n\n\n\n<p>Avec un budget de pr\u00e8s de 11 millions de dollars, le transport scolaire continue de repr\u00e9senter un enjeu crucial pour le CSF. Financ\u00e9 uniquement \u00e0 hauteur de 6 millions de dollars par le minist\u00e8re de l&#8217;\u00c9ducation et des Services \u00e0 la petite enfance, ce service est essentiel pour de nombreuses familles et assure le d\u00e9placement quotidien de 176 autobus.&nbsp;&nbsp;<\/p>\n\n\n\n<p>Le CSF encourage vivement les AP\u00c9 de se doter d\u2019un comit\u00e9 de transport dans les \u00e9coles, afin de mieux comprendre les r\u00e9alit\u00e9s r\u00e9gionales de chaque \u00e9cole. Une tourn\u00e9e de la direction des Transports \u00e0 ce sujet dans les \u00e9coles est pr\u00e9vue sous peu.&nbsp;&nbsp;<\/p>\n","protected":false},"excerpt":{"rendered":"<p>RICHMOND, le 21 octobre\u202f\u2013 Le samedi 19\u202foctobre, le conseil d\u2019administration (CA) du Conseil scolaire francophone [&hellip;]<\/p>\n","protected":false},"author":2,"featured_media":3806,"comment_status":"closed","ping_status":"closed","sticky":false,"template":"","format":"standard","meta":{"_acf_changed":false,"footnotes":""},"categories":[39],"tags":[],"class_list":["post-12208","post","type-post","status-publish","format-standard","has-post-thumbnail","hentry","category-conseil-dadministration"],"acf":[],"yoast_head":"<!-- This site is optimized with the Yoast SEO plugin v26.5 - https:\/\/yoast.com\/wordpress\/plugins\/seo\/ -->\n<title>Le CA \u00e9voque les \u00e9lections partielles en cours et le d\u00e9but de la p\u00e9riode de vote \u00e0 venir\u00a0\u00a0 | Conseil scolaire francophone de la Colombie-Britannique<\/title>\n<meta name=\"robots\" content=\"index, follow, max-snippet:-1, max-image-preview:large, max-video-preview:-1\" \/>\n<link rel=\"canonical\" href=\"https:\/\/www.csf.bc.ca\/en\/2024\/10\/21\/le-ca-evoque-les-elections-partielles-en-cours-et-le-debut-de-la-periode-de-vote-a-venir\/\" \/>\n<meta property=\"og:locale\" content=\"en_US\" \/>\n<meta property=\"og:type\" content=\"article\" \/>\n<meta property=\"og:title\" content=\"Le CA \u00e9voque les \u00e9lections partielles en cours et le d\u00e9but de la p\u00e9riode de vote \u00e0 venir\u00a0\u00a0 | Conseil scolaire francophone de la Colombie-Britannique\" \/>\n<meta property=\"og:description\" content=\"RICHMOND, le 21 octobre\u202f\u2013 Le samedi 19\u202foctobre, le conseil d\u2019administration (CA) du Conseil scolaire francophone [&hellip;]\" \/>\n<meta property=\"og:url\" content=\"https:\/\/www.csf.bc.ca\/en\/2024\/10\/21\/le-ca-evoque-les-elections-partielles-en-cours-et-le-debut-de-la-periode-de-vote-a-venir\/\" \/>\n<meta property=\"og:site_name\" content=\"Conseil scolaire francophone de la Colombie-Britannique\" \/>\n<meta property=\"article:published_time\" content=\"2024-10-21T22:35:42+00:00\" \/>\n<meta property=\"article:modified_time\" content=\"2024-10-21T22:43:04+00:00\" \/>\n<meta property=\"og:image\" content=\"https:\/\/www.csf.bc.ca\/wp-content\/uploads\/2022\/08\/ca1.jpg\" \/>\n\t<meta property=\"og:image:width\" content=\"745\" \/>\n\t<meta property=\"og:image:height\" content=\"495\" \/>\n\t<meta property=\"og:image:type\" content=\"image\/jpeg\" \/>\n<meta name=\"author\" content=\"csf\" \/>\n<meta name=\"twitter:card\" content=\"summary_large_image\" \/>\n<meta name=\"twitter:label1\" content=\"Written by\" \/>\n\t<meta name=\"twitter:data1\" content=\"csf\" \/>\n\t<meta name=\"twitter:label2\" content=\"Est. reading time\" \/>\n\t<meta name=\"twitter:data2\" content=\"1 minute\" \/>\n<script type=\"application\/ld+json\" class=\"yoast-schema-graph\">{\"@context\":\"https:\/\/schema.org\",\"@graph\":[{\"@type\":\"Article\",\"@id\":\"https:\/\/www.csf.bc.ca\/en\/2024\/10\/21\/le-ca-evoque-les-elections-partielles-en-cours-et-le-debut-de-la-periode-de-vote-a-venir\/#article\",\"isPartOf\":{\"@id\":\"https:\/\/www.csf.bc.ca\/en\/2024\/10\/21\/le-ca-evoque-les-elections-partielles-en-cours-et-le-debut-de-la-periode-de-vote-a-venir\/\"},\"author\":{\"name\":\"csf\",\"@id\":\"https:\/\/www.csf.bc.ca\/en\/#\/schema\/person\/22c70ad892bd8e6c6ae5040918c74d76\"},\"headline\":\"Le CA \u00e9voque les \u00e9lections partielles en cours et le d\u00e9but de la p\u00e9riode de vote \u00e0 venir\u00a0\u00a0\",\"datePublished\":\"2024-10-21T22:35:42+00:00\",\"dateModified\":\"2024-10-21T22:43:04+00:00\",\"mainEntityOfPage\":{\"@id\":\"https:\/\/www.csf.bc.ca\/en\/2024\/10\/21\/le-ca-evoque-les-elections-partielles-en-cours-et-le-debut-de-la-periode-de-vote-a-venir\/\"},\"wordCount\":864,\"publisher\":{\"@id\":\"https:\/\/www.csf.bc.ca\/en\/#organization\"},\"image\":{\"@id\":\"https:\/\/www.csf.bc.ca\/en\/2024\/10\/21\/le-ca-evoque-les-elections-partielles-en-cours-et-le-debut-de-la-periode-de-vote-a-venir\/#primaryimage\"},\"thumbnailUrl\":\"https:\/\/www.csf.bc.ca\/wp-content\/uploads\/2022\/08\/ca1.jpg\",\"articleSection\":[\"Conseil d'administration\"],\"inLanguage\":\"en-US\"},{\"@type\":\"WebPage\",\"@id\":\"https:\/\/www.csf.bc.ca\/en\/2024\/10\/21\/le-ca-evoque-les-elections-partielles-en-cours-et-le-debut-de-la-periode-de-vote-a-venir\/\",\"url\":\"https:\/\/www.csf.bc.ca\/en\/2024\/10\/21\/le-ca-evoque-les-elections-partielles-en-cours-et-le-debut-de-la-periode-de-vote-a-venir\/\",\"name\":\"Le CA \u00e9voque les \u00e9lections partielles en cours et le d\u00e9but de la p\u00e9riode de vote \u00e0 venir\u00a0\u00a0 | Conseil scolaire francophone de la Colombie-Britannique\",\"isPartOf\":{\"@id\":\"https:\/\/www.csf.bc.ca\/en\/#website\"},\"primaryImageOfPage\":{\"@id\":\"https:\/\/www.csf.bc.ca\/en\/2024\/10\/21\/le-ca-evoque-les-elections-partielles-en-cours-et-le-debut-de-la-periode-de-vote-a-venir\/#primaryimage\"},\"image\":{\"@id\":\"https:\/\/www.csf.bc.ca\/en\/2024\/10\/21\/le-ca-evoque-les-elections-partielles-en-cours-et-le-debut-de-la-periode-de-vote-a-venir\/#primaryimage\"},\"thumbnailUrl\":\"https:\/\/www.csf.bc.ca\/wp-content\/uploads\/2022\/08\/ca1.jpg\",\"datePublished\":\"2024-10-21T22:35:42+00:00\",\"dateModified\":\"2024-10-21T22:43:04+00:00\",\"breadcrumb\":{\"@id\":\"https:\/\/www.csf.bc.ca\/en\/2024\/10\/21\/le-ca-evoque-les-elections-partielles-en-cours-et-le-debut-de-la-periode-de-vote-a-venir\/#breadcrumb\"},\"inLanguage\":\"en-US\",\"potentialAction\":[{\"@type\":\"ReadAction\",\"target\":[\"https:\/\/www.csf.bc.ca\/en\/2024\/10\/21\/le-ca-evoque-les-elections-partielles-en-cours-et-le-debut-de-la-periode-de-vote-a-venir\/\"]}]},{\"@type\":\"ImageObject\",\"inLanguage\":\"en-US\",\"@id\":\"https:\/\/www.csf.bc.ca\/en\/2024\/10\/21\/le-ca-evoque-les-elections-partielles-en-cours-et-le-debut-de-la-periode-de-vote-a-venir\/#primaryimage\",\"url\":\"https:\/\/www.csf.bc.ca\/wp-content\/uploads\/2022\/08\/ca1.jpg\",\"contentUrl\":\"https:\/\/www.csf.bc.ca\/wp-content\/uploads\/2022\/08\/ca1.jpg\",\"width\":745,\"height\":495},{\"@type\":\"BreadcrumbList\",\"@id\":\"https:\/\/www.csf.bc.ca\/en\/2024\/10\/21\/le-ca-evoque-les-elections-partielles-en-cours-et-le-debut-de-la-periode-de-vote-a-venir\/#breadcrumb\",\"itemListElement\":[{\"@type\":\"ListItem\",\"position\":1,\"name\":\"Home\",\"item\":\"https:\/\/www.csf.bc.ca\/en\/\"},{\"@type\":\"ListItem\",\"position\":2,\"name\":\"Le CA \u00e9voque les \u00e9lections partielles en cours et le d\u00e9but de la p\u00e9riode de vote \u00e0 venir\u00a0\u00a0\"}]},{\"@type\":\"WebSite\",\"@id\":\"https:\/\/www.csf.bc.ca\/en\/#website\",\"url\":\"https:\/\/www.csf.bc.ca\/en\/\",\"name\":\"Conseil scolaire francophone de la Colombie-Britannique\",\"description\":\"CSF\",\"publisher\":{\"@id\":\"https:\/\/www.csf.bc.ca\/en\/#organization\"},\"potentialAction\":[{\"@type\":\"SearchAction\",\"target\":{\"@type\":\"EntryPoint\",\"urlTemplate\":\"https:\/\/www.csf.bc.ca\/en\/?s={search_term_string}\"},\"query-input\":{\"@type\":\"PropertyValueSpecification\",\"valueRequired\":true,\"valueName\":\"search_term_string\"}}],\"inLanguage\":\"en-US\"},{\"@type\":\"Organization\",\"@id\":\"https:\/\/www.csf.bc.ca\/en\/#organization\",\"name\":\"Conseil scolaire francophone de la Colombie-Britannique\",\"url\":\"https:\/\/www.csf.bc.ca\/en\/\",\"logo\":{\"@type\":\"ImageObject\",\"inLanguage\":\"en-US\",\"@id\":\"https:\/\/www.csf.bc.ca\/en\/#\/schema\/logo\/image\/\",\"url\":\"https:\/\/www.csf.bc.ca\/wp-content\/uploads\/2022\/05\/csf-logoHoriz-desc-court-coul.svg\",\"contentUrl\":\"https:\/\/www.csf.bc.ca\/wp-content\/uploads\/2022\/05\/csf-logoHoriz-desc-court-coul.svg\",\"width\":842,\"height\":205,\"caption\":\"Conseil scolaire francophone de la Colombie-Britannique\"},\"image\":{\"@id\":\"https:\/\/www.csf.bc.ca\/en\/#\/schema\/logo\/image\/\"}},{\"@type\":\"Person\",\"@id\":\"https:\/\/www.csf.bc.ca\/en\/#\/schema\/person\/22c70ad892bd8e6c6ae5040918c74d76\",\"name\":\"csf\",\"image\":{\"@type\":\"ImageObject\",\"inLanguage\":\"en-US\",\"@id\":\"https:\/\/www.csf.bc.ca\/en\/#\/schema\/person\/image\/\",\"url\":\"https:\/\/secure.gravatar.com\/avatar\/6f2a6d26065f77b09f793418913d69362f1611663e90411b8d0ff25c7a63a3a5?s=96&d=mm&r=g\",\"contentUrl\":\"https:\/\/secure.gravatar.com\/avatar\/6f2a6d26065f77b09f793418913d69362f1611663e90411b8d0ff25c7a63a3a5?s=96&d=mm&r=g\",\"caption\":\"csf\"},\"url\":\"https:\/\/www.csf.bc.ca\/en\/author\/csf\/\"}]}<\/script>\n<!-- \/ Yoast SEO plugin. -->","yoast_head_json":{"title":"Le CA \u00e9voque les \u00e9lections partielles en cours et le d\u00e9but de la p\u00e9riode de vote \u00e0 venir\u00a0\u00a0 | Conseil scolaire francophone de la Colombie-Britannique","robots":{"index":"index","follow":"follow","max-snippet":"max-snippet:-1","max-image-preview":"max-image-preview:large","max-video-preview":"max-video-preview:-1"},"canonical":"https:\/\/www.csf.bc.ca\/en\/2024\/10\/21\/le-ca-evoque-les-elections-partielles-en-cours-et-le-debut-de-la-periode-de-vote-a-venir\/","og_locale":"en_US","og_type":"article","og_title":"Le CA \u00e9voque les \u00e9lections partielles en cours et le d\u00e9but de la p\u00e9riode de vote \u00e0 venir\u00a0\u00a0 | Conseil scolaire francophone de la Colombie-Britannique","og_description":"RICHMOND, le 21 octobre\u202f\u2013 Le samedi 19\u202foctobre, le conseil d\u2019administration (CA) du Conseil scolaire francophone [&hellip;]","og_url":"https:\/\/www.csf.bc.ca\/en\/2024\/10\/21\/le-ca-evoque-les-elections-partielles-en-cours-et-le-debut-de-la-periode-de-vote-a-venir\/","og_site_name":"Conseil scolaire francophone de la Colombie-Britannique","article_published_time":"2024-10-21T22:35:42+00:00","article_modified_time":"2024-10-21T22:43:04+00:00","og_image":[{"width":745,"height":495,"url":"https:\/\/www.csf.bc.ca\/wp-content\/uploads\/2022\/08\/ca1.jpg","type":"image\/jpeg"}],"author":"csf","twitter_card":"summary_large_image","twitter_misc":{"Written by":"csf","Est. reading time":"1 minute"},"schema":{"@context":"https:\/\/schema.org","@graph":[{"@type":"Article","@id":"https:\/\/www.csf.bc.ca\/en\/2024\/10\/21\/le-ca-evoque-les-elections-partielles-en-cours-et-le-debut-de-la-periode-de-vote-a-venir\/#article","isPartOf":{"@id":"https:\/\/www.csf.bc.ca\/en\/2024\/10\/21\/le-ca-evoque-les-elections-partielles-en-cours-et-le-debut-de-la-periode-de-vote-a-venir\/"},"author":{"name":"csf","@id":"https:\/\/www.csf.bc.ca\/en\/#\/schema\/person\/22c70ad892bd8e6c6ae5040918c74d76"},"headline":"Le CA \u00e9voque les \u00e9lections partielles en cours et le d\u00e9but de la p\u00e9riode de vote \u00e0 venir\u00a0\u00a0","datePublished":"2024-10-21T22:35:42+00:00","dateModified":"2024-10-21T22:43:04+00:00","mainEntityOfPage":{"@id":"https:\/\/www.csf.bc.ca\/en\/2024\/10\/21\/le-ca-evoque-les-elections-partielles-en-cours-et-le-debut-de-la-periode-de-vote-a-venir\/"},"wordCount":864,"publisher":{"@id":"https:\/\/www.csf.bc.ca\/en\/#organization"},"image":{"@id":"https:\/\/www.csf.bc.ca\/en\/2024\/10\/21\/le-ca-evoque-les-elections-partielles-en-cours-et-le-debut-de-la-periode-de-vote-a-venir\/#primaryimage"},"thumbnailUrl":"https:\/\/www.csf.bc.ca\/wp-content\/uploads\/2022\/08\/ca1.jpg","articleSection":["Conseil d'administration"],"inLanguage":"en-US"},{"@type":"WebPage","@id":"https:\/\/www.csf.bc.ca\/en\/2024\/10\/21\/le-ca-evoque-les-elections-partielles-en-cours-et-le-debut-de-la-periode-de-vote-a-venir\/","url":"https:\/\/www.csf.bc.ca\/en\/2024\/10\/21\/le-ca-evoque-les-elections-partielles-en-cours-et-le-debut-de-la-periode-de-vote-a-venir\/","name":"Le CA \u00e9voque les \u00e9lections partielles en cours et le d\u00e9but de la p\u00e9riode de vote \u00e0 venir\u00a0\u00a0 | Conseil scolaire francophone de la Colombie-Britannique","isPartOf":{"@id":"https:\/\/www.csf.bc.ca\/en\/#website"},"primaryImageOfPage":{"@id":"https:\/\/www.csf.bc.ca\/en\/2024\/10\/21\/le-ca-evoque-les-elections-partielles-en-cours-et-le-debut-de-la-periode-de-vote-a-venir\/#primaryimage"},"image":{"@id":"https:\/\/www.csf.bc.ca\/en\/2024\/10\/21\/le-ca-evoque-les-elections-partielles-en-cours-et-le-debut-de-la-periode-de-vote-a-venir\/#primaryimage"},"thumbnailUrl":"https:\/\/www.csf.bc.ca\/wp-content\/uploads\/2022\/08\/ca1.jpg","datePublished":"2024-10-21T22:35:42+00:00","dateModified":"2024-10-21T22:43:04+00:00","breadcrumb":{"@id":"https:\/\/www.csf.bc.ca\/en\/2024\/10\/21\/le-ca-evoque-les-elections-partielles-en-cours-et-le-debut-de-la-periode-de-vote-a-venir\/#breadcrumb"},"inLanguage":"en-US","potentialAction":[{"@type":"ReadAction","target":["https:\/\/www.csf.bc.ca\/en\/2024\/10\/21\/le-ca-evoque-les-elections-partielles-en-cours-et-le-debut-de-la-periode-de-vote-a-venir\/"]}]},{"@type":"ImageObject","inLanguage":"en-US","@id":"https:\/\/www.csf.bc.ca\/en\/2024\/10\/21\/le-ca-evoque-les-elections-partielles-en-cours-et-le-debut-de-la-periode-de-vote-a-venir\/#primaryimage","url":"https:\/\/www.csf.bc.ca\/wp-content\/uploads\/2022\/08\/ca1.jpg","contentUrl":"https:\/\/www.csf.bc.ca\/wp-content\/uploads\/2022\/08\/ca1.jpg","width":745,"height":495},{"@type":"BreadcrumbList","@id":"https:\/\/www.csf.bc.ca\/en\/2024\/10\/21\/le-ca-evoque-les-elections-partielles-en-cours-et-le-debut-de-la-periode-de-vote-a-venir\/#breadcrumb","itemListElement":[{"@type":"ListItem","position":1,"name":"Home","item":"https:\/\/www.csf.bc.ca\/en\/"},{"@type":"ListItem","position":2,"name":"Le CA \u00e9voque les \u00e9lections partielles en cours et le d\u00e9but de la p\u00e9riode de vote \u00e0 venir\u00a0\u00a0"}]},{"@type":"WebSite","@id":"https:\/\/www.csf.bc.ca\/en\/#website","url":"https:\/\/www.csf.bc.ca\/en\/","name":"Conseil scolaire francophone de la Colombie-Britannique","description":"CSF","publisher":{"@id":"https:\/\/www.csf.bc.ca\/en\/#organization"},"potentialAction":[{"@type":"SearchAction","target":{"@type":"EntryPoint","urlTemplate":"https:\/\/www.csf.bc.ca\/en\/?s={search_term_string}"},"query-input":{"@type":"PropertyValueSpecification","valueRequired":true,"valueName":"search_term_string"}}],"inLanguage":"en-US"},{"@type":"Organization","@id":"https:\/\/www.csf.bc.ca\/en\/#organization","name":"Conseil scolaire francophone de la Colombie-Britannique","url":"https:\/\/www.csf.bc.ca\/en\/","logo":{"@type":"ImageObject","inLanguage":"en-US","@id":"https:\/\/www.csf.bc.ca\/en\/#\/schema\/logo\/image\/","url":"https:\/\/www.csf.bc.ca\/wp-content\/uploads\/2022\/05\/csf-logoHoriz-desc-court-coul.svg","contentUrl":"https:\/\/www.csf.bc.ca\/wp-content\/uploads\/2022\/05\/csf-logoHoriz-desc-court-coul.svg","width":842,"height":205,"caption":"Conseil scolaire francophone de la Colombie-Britannique"},"image":{"@id":"https:\/\/www.csf.bc.ca\/en\/#\/schema\/logo\/image\/"}},{"@type":"Person","@id":"https:\/\/www.csf.bc.ca\/en\/#\/schema\/person\/22c70ad892bd8e6c6ae5040918c74d76","name":"csf","image":{"@type":"ImageObject","inLanguage":"en-US","@id":"https:\/\/www.csf.bc.ca\/en\/#\/schema\/person\/image\/","url":"https:\/\/secure.gravatar.com\/avatar\/6f2a6d26065f77b09f793418913d69362f1611663e90411b8d0ff25c7a63a3a5?s=96&d=mm&r=g","contentUrl":"https:\/\/secure.gravatar.com\/avatar\/6f2a6d26065f77b09f793418913d69362f1611663e90411b8d0ff25c7a63a3a5?s=96&d=mm&r=g","caption":"csf"},"url":"https:\/\/www.csf.bc.ca\/en\/author\/csf\/"}]}},"_links":{"self":[{"href":"https:\/\/www.csf.bc.ca\/en\/wp-json\/wp\/v2\/posts\/12208","targetHints":{"allow":["GET"]}}],"collection":[{"href":"https:\/\/www.csf.bc.ca\/en\/wp-json\/wp\/v2\/posts"}],"about":[{"href":"https:\/\/www.csf.bc.ca\/en\/wp-json\/wp\/v2\/types\/post"}],"author":[{"embeddable":true,"href":"https:\/\/www.csf.bc.ca\/en\/wp-json\/wp\/v2\/users\/2"}],"replies":[{"embeddable":true,"href":"https:\/\/www.csf.bc.ca\/en\/wp-json\/wp\/v2\/comments?post=12208"}],"version-history":[{"count":9,"href":"https:\/\/www.csf.bc.ca\/en\/wp-json\/wp\/v2\/posts\/12208\/revisions"}],"predecessor-version":[{"id":12217,"href":"https:\/\/www.csf.bc.ca\/en\/wp-json\/wp\/v2\/posts\/12208\/revisions\/12217"}],"wp:featuredmedia":[{"embeddable":true,"href":"https:\/\/www.csf.bc.ca\/en\/wp-json\/wp\/v2\/media\/3806"}],"wp:attachment":[{"href":"https:\/\/www.csf.bc.ca\/en\/wp-json\/wp\/v2\/media?parent=12208"}],"wp:term":[{"taxonomy":"category","embeddable":true,"href":"https:\/\/www.csf.bc.ca\/en\/wp-json\/wp\/v2\/categories?post=12208"},{"taxonomy":"post_tag","embeddable":true,"href":"https:\/\/www.csf.bc.ca\/en\/wp-json\/wp\/v2\/tags?post=12208"}],"curies":[{"name":"wp","href":"https:\/\/api.w.org\/{rel}","templated":true}]}}