{"id":13354,"date":"2025-03-13T15:18:48","date_gmt":"2025-03-13T22:18:48","guid":{"rendered":"https:\/\/www.csf.bc.ca\/?p=13354"},"modified":"2025-03-13T15:27:57","modified_gmt":"2025-03-13T22:27:57","slug":"le-csf-represente-lors-de-la-marche-de-la-journee-de-la-proclamation-de-la-francophonie-a-victoria","status":"publish","type":"post","link":"https:\/\/www.csf.bc.ca\/en\/2025\/03\/13\/le-csf-represente-lors-de-la-marche-de-la-journee-de-la-proclamation-de-la-francophonie-a-victoria\/","title":{"rendered":"Le CSF repr\u00e9sent\u00e9 lors de la marche de la Journ\u00e9e de la proclamation de la francophonie \u00e0 Victoria"},"content":{"rendered":"\n<p>Ce 13 mars 2025, la communaut\u00e9 francophone s\u2019est r\u00e9unie en nombre \u00e0 Victoria pour c\u00e9l\u00e9brer la Journ\u00e9e de la proclamation de la francophonie en Colombie-Britannique !<\/p>\n\n\n\n<p>Organis\u00e9e par la F\u00e9d\u00e9ration des francophones de la Colombie-Britannique, la Soci\u00e9t\u00e9 francophone de Victoria et le Conseil culturel et artistique francophone de la C.-B., cette marche festive a rassembl\u00e9 des \u00e9l\u00e8ves du CSF \u00e0 Victoria, des membres de la communaut\u00e9 et des repr\u00e9sentant\u00b7e\u00b7s institutionnels, tous r\u00e9uni\u00b7e\u00b7s pour faire rayonner la langue et les cultures francophones. \u00a0<\/p>\n\n\n\n<figure class=\"wp-block-gallery has-nested-images columns-default is-cropped wp-block-gallery-1 is-layout-flex wp-block-gallery-is-layout-flex\">\n<figure class=\"wp-block-image size-large\"><img loading=\"lazy\" decoding=\"async\" width=\"768\" height=\"1024\" data-id=\"13365\" src=\"https:\/\/www.csf.bc.ca\/wp-content\/uploads\/2025\/03\/IMG_0243-1-768x1024.jpg\" alt=\"\" class=\"wp-image-13365\" srcset=\"https:\/\/www.csf.bc.ca\/wp-content\/uploads\/2025\/03\/IMG_0243-1-768x1024.jpg 768w, https:\/\/www.csf.bc.ca\/wp-content\/uploads\/2025\/03\/IMG_0243-1-225x300.jpg 225w, https:\/\/www.csf.bc.ca\/wp-content\/uploads\/2025\/03\/IMG_0243-1-1152x1536.jpg 1152w, https:\/\/www.csf.bc.ca\/wp-content\/uploads\/2025\/03\/IMG_0243-1-1536x2048.jpg 1536w, https:\/\/www.csf.bc.ca\/wp-content\/uploads\/2025\/03\/IMG_0243-1-scaled.jpg 1920w\" sizes=\"auto, (max-width: 768px) 100vw, 768px\" \/><\/figure>\n\n\n\n<figure class=\"wp-block-image size-large\"><img loading=\"lazy\" decoding=\"async\" width=\"768\" height=\"1024\" data-id=\"13367\" src=\"https:\/\/www.csf.bc.ca\/wp-content\/uploads\/2025\/03\/IMG_0183-1-768x1024.jpg\" alt=\"\" class=\"wp-image-13367\" srcset=\"https:\/\/www.csf.bc.ca\/wp-content\/uploads\/2025\/03\/IMG_0183-1-768x1024.jpg 768w, https:\/\/www.csf.bc.ca\/wp-content\/uploads\/2025\/03\/IMG_0183-1-225x300.jpg 225w, https:\/\/www.csf.bc.ca\/wp-content\/uploads\/2025\/03\/IMG_0183-1-1152x1536.jpg 1152w, https:\/\/www.csf.bc.ca\/wp-content\/uploads\/2025\/03\/IMG_0183-1-1536x2048.jpg 1536w, https:\/\/www.csf.bc.ca\/wp-content\/uploads\/2025\/03\/IMG_0183-1-scaled.jpg 1920w\" sizes=\"auto, (max-width: 768px) 100vw, 768px\" \/><\/figure>\n\n\n\n<figure class=\"wp-block-image size-large\"><img loading=\"lazy\" decoding=\"async\" width=\"768\" height=\"1024\" data-id=\"13371\" src=\"https:\/\/www.csf.bc.ca\/wp-content\/uploads\/2025\/03\/IMG_0307-768x1024.jpg\" alt=\"\" class=\"wp-image-13371\" srcset=\"https:\/\/www.csf.bc.ca\/wp-content\/uploads\/2025\/03\/IMG_0307-768x1024.jpg 768w, https:\/\/www.csf.bc.ca\/wp-content\/uploads\/2025\/03\/IMG_0307-225x300.jpg 225w, https:\/\/www.csf.bc.ca\/wp-content\/uploads\/2025\/03\/IMG_0307-1152x1536.jpg 1152w, https:\/\/www.csf.bc.ca\/wp-content\/uploads\/2025\/03\/IMG_0307-1536x2048.jpg 1536w, https:\/\/www.csf.bc.ca\/wp-content\/uploads\/2025\/03\/IMG_0307-scaled.jpg 1920w\" sizes=\"auto, (max-width: 768px) 100vw, 768px\" \/><\/figure>\n<\/figure>\n\n\n\n<p>Aux c\u00f4t\u00e9s de la pr\u00e9sidence du conseil d\u2019administration, de la direction g\u00e9n\u00e9rale et de l\u2019ensemble des membres du conseil d&#8217;administration, les \u00e9l\u00e8ves et membres du personnel du CSF ont d\u00e9fil\u00e9 en direction de l\u2019Assembl\u00e9e l\u00e9gislative dans une ambiance joyeuse et conviviale.\u00a0<\/p>\n\n\n\n<figure class=\"wp-block-image size-large\"><img loading=\"lazy\" decoding=\"async\" width=\"1024\" height=\"748\" src=\"https:\/\/www.csf.bc.ca\/wp-content\/uploads\/2025\/03\/IMG_0148-1-1024x748.jpg\" alt=\"\" class=\"wp-image-13363\" srcset=\"https:\/\/www.csf.bc.ca\/wp-content\/uploads\/2025\/03\/IMG_0148-1-1024x748.jpg 1024w, https:\/\/www.csf.bc.ca\/wp-content\/uploads\/2025\/03\/IMG_0148-1-300x219.jpg 300w, https:\/\/www.csf.bc.ca\/wp-content\/uploads\/2025\/03\/IMG_0148-1-768x561.jpg 768w, https:\/\/www.csf.bc.ca\/wp-content\/uploads\/2025\/03\/IMG_0148-1-1536x1122.jpg 1536w, https:\/\/www.csf.bc.ca\/wp-content\/uploads\/2025\/03\/IMG_0148-1-2048x1496.jpg 2048w\" sizes=\"auto, (max-width: 1024px) 100vw, 1024px\" \/><\/figure>\n\n\n\n<p>\u00c0 leur arriv\u00e9e devant l\u2019Assembl\u00e9e de la Colombie-Britannique, les participant\u00b7e\u00b7s ont hiss\u00e9 le drapeau de la francophonie de la Colombie-Britannique devant le Parlement, un geste hautement symbolique qui t\u00e9moigne de la vitalit\u00e9 et de la reconnaissance de notre communaut\u00e9 dans la province. Adrian Dix a \u00e9galement d\u00e9cern\u00e9 le prix de la Francophonie \u00e0 l&#8217;association des juristes d&#8217;expression fran\u00e7aise de la Colombie-Britannique (AJEFCB). <\/p>\n\n\n\n<p>Un grand merci \u00e0 toutes celles et ceux qui ont pris part \u00e0 cette c\u00e9l\u00e9bration ! \ud83d\udc99 &nbsp;<\/p>\n\n\n\n<p><\/p>\n","protected":false},"excerpt":{"rendered":"<p>Ce 13 mars 2025, la communaut\u00e9 francophone s\u2019est r\u00e9unie en nombre \u00e0 Victoria pour c\u00e9l\u00e9brer [&hellip;]<\/p>\n","protected":false},"author":2,"featured_media":13373,"comment_status":"closed","ping_status":"closed","sticky":false,"template":"","format":"standard","meta":{"_acf_changed":false,"footnotes":""},"categories":[44],"tags":[],"class_list":["post-13354","post","type-post","status-publish","format-standard","has-post-thumbnail","hentry","category-communaute"],"acf":[],"yoast_head":"<!-- This site is optimized with the Yoast SEO plugin v26.5 - https:\/\/yoast.com\/wordpress\/plugins\/seo\/ -->\n<title>Le CSF repr\u00e9sent\u00e9 lors de la marche de la Journ\u00e9e de la proclamation de la francophonie \u00e0 Victoria | Conseil scolaire francophone de la Colombie-Britannique<\/title>\n<meta name=\"robots\" content=\"index, follow, max-snippet:-1, max-image-preview:large, max-video-preview:-1\" \/>\n<link rel=\"canonical\" href=\"https:\/\/www.csf.bc.ca\/en\/2025\/03\/13\/le-csf-represente-lors-de-la-marche-de-la-journee-de-la-proclamation-de-la-francophonie-a-victoria\/\" \/>\n<meta property=\"og:locale\" content=\"en_US\" \/>\n<meta property=\"og:type\" content=\"article\" \/>\n<meta property=\"og:title\" content=\"Le CSF repr\u00e9sent\u00e9 lors de la marche de la Journ\u00e9e de la proclamation de la francophonie \u00e0 Victoria | Conseil scolaire francophone de la Colombie-Britannique\" \/>\n<meta property=\"og:description\" content=\"Ce 13 mars 2025, la communaut\u00e9 francophone s\u2019est r\u00e9unie en nombre \u00e0 Victoria pour c\u00e9l\u00e9brer [&hellip;]\" \/>\n<meta property=\"og:url\" content=\"https:\/\/www.csf.bc.ca\/en\/2025\/03\/13\/le-csf-represente-lors-de-la-marche-de-la-journee-de-la-proclamation-de-la-francophonie-a-victoria\/\" \/>\n<meta property=\"og:site_name\" content=\"Conseil scolaire francophone de la Colombie-Britannique\" \/>\n<meta property=\"article:published_time\" content=\"2025-03-13T22:18:48+00:00\" \/>\n<meta property=\"article:modified_time\" content=\"2025-03-13T22:27:57+00:00\" \/>\n<meta property=\"og:image\" content=\"https:\/\/www.csf.bc.ca\/wp-content\/uploads\/2022\/08\/csf-og-partage.jpg\" \/>\n\t<meta property=\"og:image:width\" content=\"1200\" \/>\n\t<meta property=\"og:image:height\" content=\"630\" \/>\n\t<meta property=\"og:image:type\" content=\"image\/jpeg\" \/>\n<meta name=\"author\" content=\"csf\" \/>\n<meta name=\"twitter:card\" content=\"summary_large_image\" \/>\n<meta name=\"twitter:label1\" content=\"Written by\" \/>\n\t<meta name=\"twitter:data1\" content=\"csf\" \/>\n\t<meta name=\"twitter:label2\" content=\"Est. reading time\" \/>\n\t<meta name=\"twitter:data2\" content=\"3 minutes\" \/>\n<script type=\"application\/ld+json\" class=\"yoast-schema-graph\">{\"@context\":\"https:\/\/schema.org\",\"@graph\":[{\"@type\":\"Article\",\"@id\":\"https:\/\/www.csf.bc.ca\/en\/2025\/03\/13\/le-csf-represente-lors-de-la-marche-de-la-journee-de-la-proclamation-de-la-francophonie-a-victoria\/#article\",\"isPartOf\":{\"@id\":\"https:\/\/www.csf.bc.ca\/en\/2025\/03\/13\/le-csf-represente-lors-de-la-marche-de-la-journee-de-la-proclamation-de-la-francophonie-a-victoria\/\"},\"author\":{\"name\":\"csf\",\"@id\":\"https:\/\/www.csf.bc.ca\/en\/#\/schema\/person\/22c70ad892bd8e6c6ae5040918c74d76\"},\"headline\":\"Le CSF repr\u00e9sent\u00e9 lors de la marche de la Journ\u00e9e de la proclamation de la francophonie \u00e0 Victoria\",\"datePublished\":\"2025-03-13T22:18:48+00:00\",\"dateModified\":\"2025-03-13T22:27:57+00:00\",\"mainEntityOfPage\":{\"@id\":\"https:\/\/www.csf.bc.ca\/en\/2025\/03\/13\/le-csf-represente-lors-de-la-marche-de-la-journee-de-la-proclamation-de-la-francophonie-a-victoria\/\"},\"wordCount\":252,\"publisher\":{\"@id\":\"https:\/\/www.csf.bc.ca\/en\/#organization\"},\"image\":{\"@id\":\"https:\/\/www.csf.bc.ca\/en\/2025\/03\/13\/le-csf-represente-lors-de-la-marche-de-la-journee-de-la-proclamation-de-la-francophonie-a-victoria\/#primaryimage\"},\"thumbnailUrl\":\"https:\/\/www.csf.bc.ca\/wp-content\/uploads\/2025\/03\/IMG_0363-scaled.jpg\",\"articleSection\":[\"Communaut\u00e9\"],\"inLanguage\":\"en-US\"},{\"@type\":\"WebPage\",\"@id\":\"https:\/\/www.csf.bc.ca\/en\/2025\/03\/13\/le-csf-represente-lors-de-la-marche-de-la-journee-de-la-proclamation-de-la-francophonie-a-victoria\/\",\"url\":\"https:\/\/www.csf.bc.ca\/en\/2025\/03\/13\/le-csf-represente-lors-de-la-marche-de-la-journee-de-la-proclamation-de-la-francophonie-a-victoria\/\",\"name\":\"Le CSF repr\u00e9sent\u00e9 lors de la marche de la Journ\u00e9e de la proclamation de la francophonie \u00e0 Victoria | Conseil scolaire francophone de la Colombie-Britannique\",\"isPartOf\":{\"@id\":\"https:\/\/www.csf.bc.ca\/en\/#website\"},\"primaryImageOfPage\":{\"@id\":\"https:\/\/www.csf.bc.ca\/en\/2025\/03\/13\/le-csf-represente-lors-de-la-marche-de-la-journee-de-la-proclamation-de-la-francophonie-a-victoria\/#primaryimage\"},\"image\":{\"@id\":\"https:\/\/www.csf.bc.ca\/en\/2025\/03\/13\/le-csf-represente-lors-de-la-marche-de-la-journee-de-la-proclamation-de-la-francophonie-a-victoria\/#primaryimage\"},\"thumbnailUrl\":\"https:\/\/www.csf.bc.ca\/wp-content\/uploads\/2025\/03\/IMG_0363-scaled.jpg\",\"datePublished\":\"2025-03-13T22:18:48+00:00\",\"dateModified\":\"2025-03-13T22:27:57+00:00\",\"breadcrumb\":{\"@id\":\"https:\/\/www.csf.bc.ca\/en\/2025\/03\/13\/le-csf-represente-lors-de-la-marche-de-la-journee-de-la-proclamation-de-la-francophonie-a-victoria\/#breadcrumb\"},\"inLanguage\":\"en-US\",\"potentialAction\":[{\"@type\":\"ReadAction\",\"target\":[\"https:\/\/www.csf.bc.ca\/en\/2025\/03\/13\/le-csf-represente-lors-de-la-marche-de-la-journee-de-la-proclamation-de-la-francophonie-a-victoria\/\"]}]},{\"@type\":\"ImageObject\",\"inLanguage\":\"en-US\",\"@id\":\"https:\/\/www.csf.bc.ca\/en\/2025\/03\/13\/le-csf-represente-lors-de-la-marche-de-la-journee-de-la-proclamation-de-la-francophonie-a-victoria\/#primaryimage\",\"url\":\"https:\/\/www.csf.bc.ca\/wp-content\/uploads\/2025\/03\/IMG_0363-scaled.jpg\",\"contentUrl\":\"https:\/\/www.csf.bc.ca\/wp-content\/uploads\/2025\/03\/IMG_0363-scaled.jpg\",\"width\":2560,\"height\":1971},{\"@type\":\"BreadcrumbList\",\"@id\":\"https:\/\/www.csf.bc.ca\/en\/2025\/03\/13\/le-csf-represente-lors-de-la-marche-de-la-journee-de-la-proclamation-de-la-francophonie-a-victoria\/#breadcrumb\",\"itemListElement\":[{\"@type\":\"ListItem\",\"position\":1,\"name\":\"Home\",\"item\":\"https:\/\/www.csf.bc.ca\/en\/\"},{\"@type\":\"ListItem\",\"position\":2,\"name\":\"Le CSF repr\u00e9sent\u00e9 lors de la marche de la Journ\u00e9e de la proclamation de la francophonie \u00e0 Victoria\"}]},{\"@type\":\"WebSite\",\"@id\":\"https:\/\/www.csf.bc.ca\/en\/#website\",\"url\":\"https:\/\/www.csf.bc.ca\/en\/\",\"name\":\"Conseil scolaire francophone de la Colombie-Britannique\",\"description\":\"CSF\",\"publisher\":{\"@id\":\"https:\/\/www.csf.bc.ca\/en\/#organization\"},\"potentialAction\":[{\"@type\":\"SearchAction\",\"target\":{\"@type\":\"EntryPoint\",\"urlTemplate\":\"https:\/\/www.csf.bc.ca\/en\/?s={search_term_string}\"},\"query-input\":{\"@type\":\"PropertyValueSpecification\",\"valueRequired\":true,\"valueName\":\"search_term_string\"}}],\"inLanguage\":\"en-US\"},{\"@type\":\"Organization\",\"@id\":\"https:\/\/www.csf.bc.ca\/en\/#organization\",\"name\":\"Conseil scolaire francophone de la Colombie-Britannique\",\"url\":\"https:\/\/www.csf.bc.ca\/en\/\",\"logo\":{\"@type\":\"ImageObject\",\"inLanguage\":\"en-US\",\"@id\":\"https:\/\/www.csf.bc.ca\/en\/#\/schema\/logo\/image\/\",\"url\":\"https:\/\/www.csf.bc.ca\/wp-content\/uploads\/2022\/05\/csf-logoHoriz-desc-court-coul.svg\",\"contentUrl\":\"https:\/\/www.csf.bc.ca\/wp-content\/uploads\/2022\/05\/csf-logoHoriz-desc-court-coul.svg\",\"width\":842,\"height\":205,\"caption\":\"Conseil scolaire francophone de la Colombie-Britannique\"},\"image\":{\"@id\":\"https:\/\/www.csf.bc.ca\/en\/#\/schema\/logo\/image\/\"}},{\"@type\":\"Person\",\"@id\":\"https:\/\/www.csf.bc.ca\/en\/#\/schema\/person\/22c70ad892bd8e6c6ae5040918c74d76\",\"name\":\"csf\",\"image\":{\"@type\":\"ImageObject\",\"inLanguage\":\"en-US\",\"@id\":\"https:\/\/www.csf.bc.ca\/en\/#\/schema\/person\/image\/\",\"url\":\"https:\/\/secure.gravatar.com\/avatar\/6f2a6d26065f77b09f793418913d69362f1611663e90411b8d0ff25c7a63a3a5?s=96&d=mm&r=g\",\"contentUrl\":\"https:\/\/secure.gravatar.com\/avatar\/6f2a6d26065f77b09f793418913d69362f1611663e90411b8d0ff25c7a63a3a5?s=96&d=mm&r=g\",\"caption\":\"csf\"},\"url\":\"https:\/\/www.csf.bc.ca\/en\/author\/csf\/\"}]}<\/script>\n<!-- \/ Yoast SEO plugin. -->","yoast_head_json":{"title":"Le CSF repr\u00e9sent\u00e9 lors de la marche de la Journ\u00e9e de la proclamation de la francophonie \u00e0 Victoria | Conseil scolaire francophone de la Colombie-Britannique","robots":{"index":"index","follow":"follow","max-snippet":"max-snippet:-1","max-image-preview":"max-image-preview:large","max-video-preview":"max-video-preview:-1"},"canonical":"https:\/\/www.csf.bc.ca\/en\/2025\/03\/13\/le-csf-represente-lors-de-la-marche-de-la-journee-de-la-proclamation-de-la-francophonie-a-victoria\/","og_locale":"en_US","og_type":"article","og_title":"Le CSF repr\u00e9sent\u00e9 lors de la marche de la Journ\u00e9e de la proclamation de la francophonie \u00e0 Victoria | Conseil scolaire francophone de la Colombie-Britannique","og_description":"Ce 13 mars 2025, la communaut\u00e9 francophone s\u2019est r\u00e9unie en nombre \u00e0 Victoria pour c\u00e9l\u00e9brer [&hellip;]","og_url":"https:\/\/www.csf.bc.ca\/en\/2025\/03\/13\/le-csf-represente-lors-de-la-marche-de-la-journee-de-la-proclamation-de-la-francophonie-a-victoria\/","og_site_name":"Conseil scolaire francophone de la Colombie-Britannique","article_published_time":"2025-03-13T22:18:48+00:00","article_modified_time":"2025-03-13T22:27:57+00:00","og_image":[{"width":1200,"height":630,"url":"https:\/\/www.csf.bc.ca\/wp-content\/uploads\/2022\/08\/csf-og-partage.jpg","type":"image\/jpeg"}],"author":"csf","twitter_card":"summary_large_image","twitter_misc":{"Written by":"csf","Est. reading time":"3 minutes"},"schema":{"@context":"https:\/\/schema.org","@graph":[{"@type":"Article","@id":"https:\/\/www.csf.bc.ca\/en\/2025\/03\/13\/le-csf-represente-lors-de-la-marche-de-la-journee-de-la-proclamation-de-la-francophonie-a-victoria\/#article","isPartOf":{"@id":"https:\/\/www.csf.bc.ca\/en\/2025\/03\/13\/le-csf-represente-lors-de-la-marche-de-la-journee-de-la-proclamation-de-la-francophonie-a-victoria\/"},"author":{"name":"csf","@id":"https:\/\/www.csf.bc.ca\/en\/#\/schema\/person\/22c70ad892bd8e6c6ae5040918c74d76"},"headline":"Le CSF repr\u00e9sent\u00e9 lors de la marche de la Journ\u00e9e de la proclamation de la francophonie \u00e0 Victoria","datePublished":"2025-03-13T22:18:48+00:00","dateModified":"2025-03-13T22:27:57+00:00","mainEntityOfPage":{"@id":"https:\/\/www.csf.bc.ca\/en\/2025\/03\/13\/le-csf-represente-lors-de-la-marche-de-la-journee-de-la-proclamation-de-la-francophonie-a-victoria\/"},"wordCount":252,"publisher":{"@id":"https:\/\/www.csf.bc.ca\/en\/#organization"},"image":{"@id":"https:\/\/www.csf.bc.ca\/en\/2025\/03\/13\/le-csf-represente-lors-de-la-marche-de-la-journee-de-la-proclamation-de-la-francophonie-a-victoria\/#primaryimage"},"thumbnailUrl":"https:\/\/www.csf.bc.ca\/wp-content\/uploads\/2025\/03\/IMG_0363-scaled.jpg","articleSection":["Communaut\u00e9"],"inLanguage":"en-US"},{"@type":"WebPage","@id":"https:\/\/www.csf.bc.ca\/en\/2025\/03\/13\/le-csf-represente-lors-de-la-marche-de-la-journee-de-la-proclamation-de-la-francophonie-a-victoria\/","url":"https:\/\/www.csf.bc.ca\/en\/2025\/03\/13\/le-csf-represente-lors-de-la-marche-de-la-journee-de-la-proclamation-de-la-francophonie-a-victoria\/","name":"Le CSF repr\u00e9sent\u00e9 lors de la marche de la Journ\u00e9e de la proclamation de la francophonie \u00e0 Victoria | Conseil scolaire francophone de la Colombie-Britannique","isPartOf":{"@id":"https:\/\/www.csf.bc.ca\/en\/#website"},"primaryImageOfPage":{"@id":"https:\/\/www.csf.bc.ca\/en\/2025\/03\/13\/le-csf-represente-lors-de-la-marche-de-la-journee-de-la-proclamation-de-la-francophonie-a-victoria\/#primaryimage"},"image":{"@id":"https:\/\/www.csf.bc.ca\/en\/2025\/03\/13\/le-csf-represente-lors-de-la-marche-de-la-journee-de-la-proclamation-de-la-francophonie-a-victoria\/#primaryimage"},"thumbnailUrl":"https:\/\/www.csf.bc.ca\/wp-content\/uploads\/2025\/03\/IMG_0363-scaled.jpg","datePublished":"2025-03-13T22:18:48+00:00","dateModified":"2025-03-13T22:27:57+00:00","breadcrumb":{"@id":"https:\/\/www.csf.bc.ca\/en\/2025\/03\/13\/le-csf-represente-lors-de-la-marche-de-la-journee-de-la-proclamation-de-la-francophonie-a-victoria\/#breadcrumb"},"inLanguage":"en-US","potentialAction":[{"@type":"ReadAction","target":["https:\/\/www.csf.bc.ca\/en\/2025\/03\/13\/le-csf-represente-lors-de-la-marche-de-la-journee-de-la-proclamation-de-la-francophonie-a-victoria\/"]}]},{"@type":"ImageObject","inLanguage":"en-US","@id":"https:\/\/www.csf.bc.ca\/en\/2025\/03\/13\/le-csf-represente-lors-de-la-marche-de-la-journee-de-la-proclamation-de-la-francophonie-a-victoria\/#primaryimage","url":"https:\/\/www.csf.bc.ca\/wp-content\/uploads\/2025\/03\/IMG_0363-scaled.jpg","contentUrl":"https:\/\/www.csf.bc.ca\/wp-content\/uploads\/2025\/03\/IMG_0363-scaled.jpg","width":2560,"height":1971},{"@type":"BreadcrumbList","@id":"https:\/\/www.csf.bc.ca\/en\/2025\/03\/13\/le-csf-represente-lors-de-la-marche-de-la-journee-de-la-proclamation-de-la-francophonie-a-victoria\/#breadcrumb","itemListElement":[{"@type":"ListItem","position":1,"name":"Home","item":"https:\/\/www.csf.bc.ca\/en\/"},{"@type":"ListItem","position":2,"name":"Le CSF repr\u00e9sent\u00e9 lors de la marche de la Journ\u00e9e de la proclamation de la francophonie \u00e0 Victoria"}]},{"@type":"WebSite","@id":"https:\/\/www.csf.bc.ca\/en\/#website","url":"https:\/\/www.csf.bc.ca\/en\/","name":"Conseil scolaire francophone de la Colombie-Britannique","description":"CSF","publisher":{"@id":"https:\/\/www.csf.bc.ca\/en\/#organization"},"potentialAction":[{"@type":"SearchAction","target":{"@type":"EntryPoint","urlTemplate":"https:\/\/www.csf.bc.ca\/en\/?s={search_term_string}"},"query-input":{"@type":"PropertyValueSpecification","valueRequired":true,"valueName":"search_term_string"}}],"inLanguage":"en-US"},{"@type":"Organization","@id":"https:\/\/www.csf.bc.ca\/en\/#organization","name":"Conseil scolaire francophone de la Colombie-Britannique","url":"https:\/\/www.csf.bc.ca\/en\/","logo":{"@type":"ImageObject","inLanguage":"en-US","@id":"https:\/\/www.csf.bc.ca\/en\/#\/schema\/logo\/image\/","url":"https:\/\/www.csf.bc.ca\/wp-content\/uploads\/2022\/05\/csf-logoHoriz-desc-court-coul.svg","contentUrl":"https:\/\/www.csf.bc.ca\/wp-content\/uploads\/2022\/05\/csf-logoHoriz-desc-court-coul.svg","width":842,"height":205,"caption":"Conseil scolaire francophone de la Colombie-Britannique"},"image":{"@id":"https:\/\/www.csf.bc.ca\/en\/#\/schema\/logo\/image\/"}},{"@type":"Person","@id":"https:\/\/www.csf.bc.ca\/en\/#\/schema\/person\/22c70ad892bd8e6c6ae5040918c74d76","name":"csf","image":{"@type":"ImageObject","inLanguage":"en-US","@id":"https:\/\/www.csf.bc.ca\/en\/#\/schema\/person\/image\/","url":"https:\/\/secure.gravatar.com\/avatar\/6f2a6d26065f77b09f793418913d69362f1611663e90411b8d0ff25c7a63a3a5?s=96&d=mm&r=g","contentUrl":"https:\/\/secure.gravatar.com\/avatar\/6f2a6d26065f77b09f793418913d69362f1611663e90411b8d0ff25c7a63a3a5?s=96&d=mm&r=g","caption":"csf"},"url":"https:\/\/www.csf.bc.ca\/en\/author\/csf\/"}]}},"_links":{"self":[{"href":"https:\/\/www.csf.bc.ca\/en\/wp-json\/wp\/v2\/posts\/13354","targetHints":{"allow":["GET"]}}],"collection":[{"href":"https:\/\/www.csf.bc.ca\/en\/wp-json\/wp\/v2\/posts"}],"about":[{"href":"https:\/\/www.csf.bc.ca\/en\/wp-json\/wp\/v2\/types\/post"}],"author":[{"embeddable":true,"href":"https:\/\/www.csf.bc.ca\/en\/wp-json\/wp\/v2\/users\/2"}],"replies":[{"embeddable":true,"href":"https:\/\/www.csf.bc.ca\/en\/wp-json\/wp\/v2\/comments?post=13354"}],"version-history":[{"count":6,"href":"https:\/\/www.csf.bc.ca\/en\/wp-json\/wp\/v2\/posts\/13354\/revisions"}],"predecessor-version":[{"id":13383,"href":"https:\/\/www.csf.bc.ca\/en\/wp-json\/wp\/v2\/posts\/13354\/revisions\/13383"}],"wp:featuredmedia":[{"embeddable":true,"href":"https:\/\/www.csf.bc.ca\/en\/wp-json\/wp\/v2\/media\/13373"}],"wp:attachment":[{"href":"https:\/\/www.csf.bc.ca\/en\/wp-json\/wp\/v2\/media?parent=13354"}],"wp:term":[{"taxonomy":"category","embeddable":true,"href":"https:\/\/www.csf.bc.ca\/en\/wp-json\/wp\/v2\/categories?post=13354"},{"taxonomy":"post_tag","embeddable":true,"href":"https:\/\/www.csf.bc.ca\/en\/wp-json\/wp\/v2\/tags?post=13354"}],"curies":[{"name":"wp","href":"https:\/\/api.w.org\/{rel}","templated":true}]}}