{"id":15207,"date":"2025-12-01T08:54:02","date_gmt":"2025-12-01T16:54:02","guid":{"rendered":"https:\/\/www.csf.bc.ca\/?p=15207"},"modified":"2025-12-08T15:22:38","modified_gmt":"2025-12-08T23:22:38","slug":"melodie-kline-represente-le-csf-a-linstitut-national-sur-la-democratie-parlementaire","status":"publish","type":"post","link":"https:\/\/www.csf.bc.ca\/en\/2025\/12\/01\/melodie-kline-represente-le-csf-a-linstitut-national-sur-la-democratie-parlementaire\/","title":{"rendered":"M\u00e9lodie Kline repr\u00e9sente le CSF \u00e0\u00a0l\u2019Institut national sur la d\u00e9mocratie parlementaire\u00a0"},"content":{"rendered":"\n<p>M\u00e9lodie Kline, enseignante \u00e0 l\u2019\u00e9cole secondaire&nbsp;Chatelech&nbsp;de&nbsp;Sechelt, a \u00e9t\u00e9 s\u00e9lectionn\u00e9e parmi 85&nbsp;participant\u00b7e\u00b7s&nbsp;de tout le Canada pour participer \u00e0 la&nbsp;<strong><em>26<sup>e<\/sup>&nbsp;\u00e9dition du <\/em><a href=\"https:\/\/decouvrez.parl.ca\/sites\/Learn\/default\/fr_CA\/TI\/About\">forum des enseignantes et des enseignants sur la d\u00e9mocratie parlementaire canadienne<\/a><em> \u00e0 Ottawa.<\/em><\/strong>&nbsp;Cette formation de cinq jours au c\u0153ur des institutions f\u00e9d\u00e9rales constitue une occasion privil\u00e9gi\u00e9e de mieux comprendre le fonctionnement du gouvernement canadien, un acc\u00e8s r\u00e9serv\u00e9 \u00e0 un nombre restreint d\u2019enseignant\u00b7e\u00b7s&nbsp;engag\u00e9\u00b7e\u00b7s&nbsp;dans l\u2019\u00e9ducation citoyenne.&nbsp;<\/p>\n\n\n\n<p>Ayant d\u00e9j\u00e0 particip\u00e9 \u00e0 l\u2019Institut de Victoria il y a sept ans, M\u00e9lodie a d\u00e9pos\u00e9 sa candidature \u00e0 l\u2019\u00e9t\u00e9 2024 avec un th\u00e8me qui s\u2019est finalement av\u00e9r\u00e9 \u00eatre exactement celui retenu pour l\u2019\u00e9dition 2025 : \u00ab l\u2019influence des m\u00e9dias sociaux et de l\u2019IA sur la d\u00e9mocratie et les jeunes \u00bb.&nbsp;<\/p>\n\n\n\n<p>Durant la semaine de formation, M\u00e9lodie a particip\u00e9 \u00e0 plusieurs ateliers p\u00e9dagogiques qu\u2019elle compte int\u00e9grer \u00e0 ses cours, dont une simulation de comit\u00e9 parlementaire autour d\u2019un projet de loi. Ces activit\u00e9s lui ont offert des approches concr\u00e8tes pour enseigner le fonctionnement du gouvernement f\u00e9d\u00e9ral et la d\u00e9mocratie canadienne. Elle a \u00e9galement re\u00e7u des ressources francophones d\u00e9taill\u00e9es qui enrichiront ses le\u00e7ons en sciences humaines, en fran\u00e7ais et en litt\u00e9ratie m\u00e9diatique. Elle estime que cette exp\u00e9rience lui permettra d\u2019offrir \u00e0 ses \u00e9l\u00e8ves une compr\u00e9hension plus nuanc\u00e9e des institutions canadiennes et de renforcer leur engagement citoyen.&nbsp;<\/p>\n\n\n\n<blockquote class=\"wp-block-quote is-layout-flow wp-block-quote-is-layout-flow\">\n<blockquote class=\"wp-block-quote is-layout-flow wp-block-quote-is-layout-flow\">\n<p class=\"has-text-align-center\"><strong>\u00ab Cette exp\u00e9rience m\u2019a redonn\u00e9 foi en notre syst\u00e8me d\u00e9mocratique. Je vois mieux comment il fonctionne, malgr\u00e9 ses d\u00e9fis, et j\u2019y crois un peu plus aujourd\u2019hui \u00bb, confie-t-elle.&nbsp;<\/strong><\/p>\n<\/blockquote>\n<\/blockquote>\n\n\n\n<figure class=\"wp-block-gallery has-nested-images columns-default is-cropped wp-block-gallery-1 is-layout-flex wp-block-gallery-is-layout-flex\">\n<figure class=\"wp-block-image size-large\"><img loading=\"lazy\" decoding=\"async\" width=\"768\" height=\"1024\" data-id=\"15212\" src=\"https:\/\/www.csf.bc.ca\/wp-content\/uploads\/2025\/11\/IMG_5586-768x1024.jpeg\" alt=\"\" class=\"wp-image-15212\" srcset=\"https:\/\/www.csf.bc.ca\/wp-content\/uploads\/2025\/11\/IMG_5586-768x1024.jpeg 768w, https:\/\/www.csf.bc.ca\/wp-content\/uploads\/2025\/11\/IMG_5586-225x300.jpeg 225w, https:\/\/www.csf.bc.ca\/wp-content\/uploads\/2025\/11\/IMG_5586-1152x1536.jpeg 1152w, https:\/\/www.csf.bc.ca\/wp-content\/uploads\/2025\/11\/IMG_5586-1536x2048.jpeg 1536w, https:\/\/www.csf.bc.ca\/wp-content\/uploads\/2025\/11\/IMG_5586-scaled.jpeg 1920w\" sizes=\"auto, (max-width: 768px) 100vw, 768px\" \/><\/figure>\n\n\n\n<figure class=\"wp-block-image size-large\"><img loading=\"lazy\" decoding=\"async\" width=\"768\" height=\"1024\" data-id=\"15216\" src=\"https:\/\/www.csf.bc.ca\/wp-content\/uploads\/2025\/11\/IMG_5587-768x1024.jpeg\" alt=\"\" class=\"wp-image-15216\" srcset=\"https:\/\/www.csf.bc.ca\/wp-content\/uploads\/2025\/11\/IMG_5587-768x1024.jpeg 768w, https:\/\/www.csf.bc.ca\/wp-content\/uploads\/2025\/11\/IMG_5587-225x300.jpeg 225w, https:\/\/www.csf.bc.ca\/wp-content\/uploads\/2025\/11\/IMG_5587-1152x1536.jpeg 1152w, https:\/\/www.csf.bc.ca\/wp-content\/uploads\/2025\/11\/IMG_5587-1536x2048.jpeg 1536w, https:\/\/www.csf.bc.ca\/wp-content\/uploads\/2025\/11\/IMG_5587-scaled.jpeg 1920w\" sizes=\"auto, (max-width: 768px) 100vw, 768px\" \/><\/figure>\n\n\n\n<figure class=\"wp-block-image size-large\"><img loading=\"lazy\" decoding=\"async\" width=\"768\" height=\"1024\" data-id=\"15213\" src=\"https:\/\/www.csf.bc.ca\/wp-content\/uploads\/2025\/11\/IMG_5594-768x1024.jpeg\" alt=\"\" class=\"wp-image-15213\" srcset=\"https:\/\/www.csf.bc.ca\/wp-content\/uploads\/2025\/11\/IMG_5594-768x1024.jpeg 768w, https:\/\/www.csf.bc.ca\/wp-content\/uploads\/2025\/11\/IMG_5594-225x300.jpeg 225w, https:\/\/www.csf.bc.ca\/wp-content\/uploads\/2025\/11\/IMG_5594-1152x1536.jpeg 1152w, https:\/\/www.csf.bc.ca\/wp-content\/uploads\/2025\/11\/IMG_5594-1536x2048.jpeg 1536w, https:\/\/www.csf.bc.ca\/wp-content\/uploads\/2025\/11\/IMG_5594-scaled.jpeg 1920w\" sizes=\"auto, (max-width: 768px) 100vw, 768px\" \/><\/figure>\n<\/figure>\n\n\n\n<blockquote class=\"wp-block-quote is-layout-flow wp-block-quote-is-layout-flow\">\n<blockquote class=\"wp-block-quote is-layout-flow wp-block-quote-is-layout-flow\">\n<p><\/p>\n<\/blockquote>\n\n\n\n<p>Parmi les moments marquants, M\u00e9lodie a \u00e9chang\u00e9 avec des parlementaires francophones engag\u00e9s dans la d\u00e9fense du fran\u00e7ais en contexte minoritaire et a rencontr\u00e9 des greffiers parlementaires, des s\u00e9nateurs, des&nbsp;d\u00e9put\u00e9\u00b7e\u00b7s, des journalistes, des biblioth\u00e9caires et m\u00eame un juge de la Cour supr\u00eame du Canada.&nbsp;&nbsp;<\/p>\n<\/blockquote>\n\n\n\n<p>Un autre moment fort a \u00e9t\u00e9 sa rencontre avec Sarah Boukhouali, ancienne \u00e9l\u00e8ve du CSF qui occupe aujourd\u2019hui un poste de Conseill\u00e8re en affaires internationales et en politiques au sein du gouvernement f\u00e9d\u00e9ral.<\/p>\n\n\n\n<blockquote class=\"wp-block-quote is-layout-flow wp-block-quote-is-layout-flow\">\n<blockquote class=\"wp-block-quote is-layout-flow wp-block-quote-is-layout-flow\">\n<p class=\"has-text-align-center has-medium-font-size\"><strong>\u00ab C\u2019\u00e9tait impressionnant de voir une ancienne du CSF contribuer aujourd\u2019hui aux d\u00e9cisions du pays. C\u2019est une belle preuve du rayonnement de notre r\u00e9seau \u00bb, souligne M\u00e9lodie.&nbsp;<\/strong><\/p>\n<\/blockquote>\n<\/blockquote>\n\n\n\n<p>La participation de M\u00e9lodie \u00e0 l\u2019Institut t\u00e9moigne de l\u2019engagement des&nbsp;enseignant\u00b7e\u00b7s&nbsp;du CSF \u00e0 enrichir leurs pratiques et \u00e0 offrir aux \u00e9l\u00e8ves des exp\u00e9riences d\u2019apprentissage ancr\u00e9es dans la r\u00e9alit\u00e9 d\u00e9mocratique du pays. Son s\u00e9jour \u00e0 Ottawa contribuera \u00e0 renforcer l\u2019enseignement des sciences humaines, de la citoyennet\u00e9 et de la litt\u00e9ratie m\u00e9diatique aupr\u00e8s des jeunes francophones de&nbsp;Sechelt&nbsp;et du CSF.&nbsp;<\/p>\n","protected":false},"excerpt":{"rendered":"<p>M\u00e9lodie Kline, enseignante \u00e0 l\u2019\u00e9cole secondaire&nbsp;Chatelech&nbsp;de&nbsp;Sechelt, a \u00e9t\u00e9 s\u00e9lectionn\u00e9e parmi 85&nbsp;participant\u00b7e\u00b7s&nbsp;de tout le Canada pour [&hellip;]<\/p>\n","protected":false},"author":18,"featured_media":15210,"comment_status":"closed","ping_status":"closed","sticky":false,"template":"","format":"standard","meta":{"_acf_changed":false,"footnotes":""},"categories":[43],"tags":[],"class_list":["post-15207","post","type-post","status-publish","format-standard","has-post-thumbnail","hentry","category-projets"],"acf":[],"yoast_head":"<!-- This site is optimized with the Yoast SEO plugin v26.5 - https:\/\/yoast.com\/wordpress\/plugins\/seo\/ -->\n<title>M\u00e9lodie Kline repr\u00e9sente le CSF \u00e0\u00a0l\u2019Institut national sur la d\u00e9mocratie parlementaire\u00a0 | Conseil scolaire francophone de la Colombie-Britannique<\/title>\n<meta name=\"robots\" content=\"index, follow, max-snippet:-1, max-image-preview:large, max-video-preview:-1\" \/>\n<link rel=\"canonical\" href=\"https:\/\/www.csf.bc.ca\/en\/2025\/12\/01\/melodie-kline-represente-le-csf-a-linstitut-national-sur-la-democratie-parlementaire\/\" \/>\n<meta property=\"og:locale\" content=\"en_US\" \/>\n<meta property=\"og:type\" content=\"article\" \/>\n<meta property=\"og:title\" content=\"M\u00e9lodie Kline repr\u00e9sente le CSF \u00e0\u00a0l\u2019Institut national sur la d\u00e9mocratie parlementaire\u00a0 | Conseil scolaire francophone de la Colombie-Britannique\" \/>\n<meta property=\"og:description\" content=\"M\u00e9lodie Kline, enseignante \u00e0 l\u2019\u00e9cole secondaire&nbsp;Chatelech&nbsp;de&nbsp;Sechelt, a \u00e9t\u00e9 s\u00e9lectionn\u00e9e parmi 85&nbsp;participant\u00b7e\u00b7s&nbsp;de tout le Canada pour [&hellip;]\" \/>\n<meta property=\"og:url\" content=\"https:\/\/www.csf.bc.ca\/en\/2025\/12\/01\/melodie-kline-represente-le-csf-a-linstitut-national-sur-la-democratie-parlementaire\/\" \/>\n<meta property=\"og:site_name\" content=\"Conseil scolaire francophone de la Colombie-Britannique\" \/>\n<meta property=\"article:published_time\" content=\"2025-12-01T16:54:02+00:00\" \/>\n<meta property=\"article:modified_time\" content=\"2025-12-08T23:22:38+00:00\" \/>\n<meta property=\"og:image\" content=\"https:\/\/www.csf.bc.ca\/wp-content\/uploads\/2025\/11\/Sans-titre-1200-x-628-px-1200-x-1200-px-e1764285868952.jpg\" \/>\n\t<meta property=\"og:image:width\" content=\"730\" \/>\n\t<meta property=\"og:image:height\" content=\"726\" \/>\n\t<meta property=\"og:image:type\" content=\"image\/jpeg\" \/>\n<meta name=\"author\" content=\"Rime_rharrass\" \/>\n<meta name=\"twitter:card\" content=\"summary_large_image\" \/>\n<meta name=\"twitter:label1\" content=\"Written by\" \/>\n\t<meta name=\"twitter:data1\" content=\"Rime_rharrass\" \/>\n\t<meta name=\"twitter:label2\" content=\"Est. reading time\" \/>\n\t<meta name=\"twitter:data2\" content=\"3 minutes\" \/>\n<script type=\"application\/ld+json\" class=\"yoast-schema-graph\">{\"@context\":\"https:\/\/schema.org\",\"@graph\":[{\"@type\":\"Article\",\"@id\":\"https:\/\/www.csf.bc.ca\/en\/2025\/12\/01\/melodie-kline-represente-le-csf-a-linstitut-national-sur-la-democratie-parlementaire\/#article\",\"isPartOf\":{\"@id\":\"https:\/\/www.csf.bc.ca\/en\/2025\/12\/01\/melodie-kline-represente-le-csf-a-linstitut-national-sur-la-democratie-parlementaire\/\"},\"author\":{\"name\":\"Rime_rharrass\",\"@id\":\"https:\/\/www.csf.bc.ca\/en\/#\/schema\/person\/e3555364b100effeade35bfeddced45f\"},\"headline\":\"M\u00e9lodie Kline repr\u00e9sente le CSF \u00e0\u00a0l\u2019Institut national sur la d\u00e9mocratie parlementaire\u00a0\",\"datePublished\":\"2025-12-01T16:54:02+00:00\",\"dateModified\":\"2025-12-08T23:22:38+00:00\",\"mainEntityOfPage\":{\"@id\":\"https:\/\/www.csf.bc.ca\/en\/2025\/12\/01\/melodie-kline-represente-le-csf-a-linstitut-national-sur-la-democratie-parlementaire\/\"},\"wordCount\":523,\"publisher\":{\"@id\":\"https:\/\/www.csf.bc.ca\/en\/#organization\"},\"image\":{\"@id\":\"https:\/\/www.csf.bc.ca\/en\/2025\/12\/01\/melodie-kline-represente-le-csf-a-linstitut-national-sur-la-democratie-parlementaire\/#primaryimage\"},\"thumbnailUrl\":\"https:\/\/www.csf.bc.ca\/wp-content\/uploads\/2025\/11\/Sans-titre-1200-x-628-px-1200-x-1200-px-e1764285868952.jpg\",\"articleSection\":[\"Projets\"],\"inLanguage\":\"en-US\"},{\"@type\":\"WebPage\",\"@id\":\"https:\/\/www.csf.bc.ca\/en\/2025\/12\/01\/melodie-kline-represente-le-csf-a-linstitut-national-sur-la-democratie-parlementaire\/\",\"url\":\"https:\/\/www.csf.bc.ca\/en\/2025\/12\/01\/melodie-kline-represente-le-csf-a-linstitut-national-sur-la-democratie-parlementaire\/\",\"name\":\"M\u00e9lodie Kline repr\u00e9sente le CSF \u00e0\u00a0l\u2019Institut national sur la d\u00e9mocratie parlementaire\u00a0 | Conseil scolaire francophone de la Colombie-Britannique\",\"isPartOf\":{\"@id\":\"https:\/\/www.csf.bc.ca\/en\/#website\"},\"primaryImageOfPage\":{\"@id\":\"https:\/\/www.csf.bc.ca\/en\/2025\/12\/01\/melodie-kline-represente-le-csf-a-linstitut-national-sur-la-democratie-parlementaire\/#primaryimage\"},\"image\":{\"@id\":\"https:\/\/www.csf.bc.ca\/en\/2025\/12\/01\/melodie-kline-represente-le-csf-a-linstitut-national-sur-la-democratie-parlementaire\/#primaryimage\"},\"thumbnailUrl\":\"https:\/\/www.csf.bc.ca\/wp-content\/uploads\/2025\/11\/Sans-titre-1200-x-628-px-1200-x-1200-px-e1764285868952.jpg\",\"datePublished\":\"2025-12-01T16:54:02+00:00\",\"dateModified\":\"2025-12-08T23:22:38+00:00\",\"breadcrumb\":{\"@id\":\"https:\/\/www.csf.bc.ca\/en\/2025\/12\/01\/melodie-kline-represente-le-csf-a-linstitut-national-sur-la-democratie-parlementaire\/#breadcrumb\"},\"inLanguage\":\"en-US\",\"potentialAction\":[{\"@type\":\"ReadAction\",\"target\":[\"https:\/\/www.csf.bc.ca\/en\/2025\/12\/01\/melodie-kline-represente-le-csf-a-linstitut-national-sur-la-democratie-parlementaire\/\"]}]},{\"@type\":\"ImageObject\",\"inLanguage\":\"en-US\",\"@id\":\"https:\/\/www.csf.bc.ca\/en\/2025\/12\/01\/melodie-kline-represente-le-csf-a-linstitut-national-sur-la-democratie-parlementaire\/#primaryimage\",\"url\":\"https:\/\/www.csf.bc.ca\/wp-content\/uploads\/2025\/11\/Sans-titre-1200-x-628-px-1200-x-1200-px-e1764285868952.jpg\",\"contentUrl\":\"https:\/\/www.csf.bc.ca\/wp-content\/uploads\/2025\/11\/Sans-titre-1200-x-628-px-1200-x-1200-px-e1764285868952.jpg\",\"width\":730,\"height\":726},{\"@type\":\"BreadcrumbList\",\"@id\":\"https:\/\/www.csf.bc.ca\/en\/2025\/12\/01\/melodie-kline-represente-le-csf-a-linstitut-national-sur-la-democratie-parlementaire\/#breadcrumb\",\"itemListElement\":[{\"@type\":\"ListItem\",\"position\":1,\"name\":\"Home\",\"item\":\"https:\/\/www.csf.bc.ca\/en\/\"},{\"@type\":\"ListItem\",\"position\":2,\"name\":\"M\u00e9lodie Kline repr\u00e9sente le CSF \u00e0\u00a0l\u2019Institut national sur la d\u00e9mocratie parlementaire\u00a0\"}]},{\"@type\":\"WebSite\",\"@id\":\"https:\/\/www.csf.bc.ca\/en\/#website\",\"url\":\"https:\/\/www.csf.bc.ca\/en\/\",\"name\":\"Conseil scolaire francophone de la Colombie-Britannique\",\"description\":\"CSF\",\"publisher\":{\"@id\":\"https:\/\/www.csf.bc.ca\/en\/#organization\"},\"potentialAction\":[{\"@type\":\"SearchAction\",\"target\":{\"@type\":\"EntryPoint\",\"urlTemplate\":\"https:\/\/www.csf.bc.ca\/en\/?s={search_term_string}\"},\"query-input\":{\"@type\":\"PropertyValueSpecification\",\"valueRequired\":true,\"valueName\":\"search_term_string\"}}],\"inLanguage\":\"en-US\"},{\"@type\":\"Organization\",\"@id\":\"https:\/\/www.csf.bc.ca\/en\/#organization\",\"name\":\"Conseil scolaire francophone de la Colombie-Britannique\",\"url\":\"https:\/\/www.csf.bc.ca\/en\/\",\"logo\":{\"@type\":\"ImageObject\",\"inLanguage\":\"en-US\",\"@id\":\"https:\/\/www.csf.bc.ca\/en\/#\/schema\/logo\/image\/\",\"url\":\"https:\/\/www.csf.bc.ca\/wp-content\/uploads\/2022\/05\/csf-logoHoriz-desc-court-coul.svg\",\"contentUrl\":\"https:\/\/www.csf.bc.ca\/wp-content\/uploads\/2022\/05\/csf-logoHoriz-desc-court-coul.svg\",\"width\":842,\"height\":205,\"caption\":\"Conseil scolaire francophone de la Colombie-Britannique\"},\"image\":{\"@id\":\"https:\/\/www.csf.bc.ca\/en\/#\/schema\/logo\/image\/\"}},{\"@type\":\"Person\",\"@id\":\"https:\/\/www.csf.bc.ca\/en\/#\/schema\/person\/e3555364b100effeade35bfeddced45f\",\"name\":\"Rime_rharrass\",\"image\":{\"@type\":\"ImageObject\",\"inLanguage\":\"en-US\",\"@id\":\"https:\/\/www.csf.bc.ca\/en\/#\/schema\/person\/image\/\",\"url\":\"https:\/\/secure.gravatar.com\/avatar\/aff837962ae0e8be044f192def64a29bb077e6fa36a1997af1895f395b84883d?s=96&d=mm&r=g\",\"contentUrl\":\"https:\/\/secure.gravatar.com\/avatar\/aff837962ae0e8be044f192def64a29bb077e6fa36a1997af1895f395b84883d?s=96&d=mm&r=g\",\"caption\":\"Rime_rharrass\"},\"url\":\"https:\/\/www.csf.bc.ca\/en\/author\/rime_rharrass\/\"}]}<\/script>\n<!-- \/ Yoast SEO plugin. -->","yoast_head_json":{"title":"M\u00e9lodie Kline repr\u00e9sente le CSF \u00e0\u00a0l\u2019Institut national sur la d\u00e9mocratie parlementaire\u00a0 | Conseil scolaire francophone de la Colombie-Britannique","robots":{"index":"index","follow":"follow","max-snippet":"max-snippet:-1","max-image-preview":"max-image-preview:large","max-video-preview":"max-video-preview:-1"},"canonical":"https:\/\/www.csf.bc.ca\/en\/2025\/12\/01\/melodie-kline-represente-le-csf-a-linstitut-national-sur-la-democratie-parlementaire\/","og_locale":"en_US","og_type":"article","og_title":"M\u00e9lodie Kline repr\u00e9sente le CSF \u00e0\u00a0l\u2019Institut national sur la d\u00e9mocratie parlementaire\u00a0 | Conseil scolaire francophone de la Colombie-Britannique","og_description":"M\u00e9lodie Kline, enseignante \u00e0 l\u2019\u00e9cole secondaire&nbsp;Chatelech&nbsp;de&nbsp;Sechelt, a \u00e9t\u00e9 s\u00e9lectionn\u00e9e parmi 85&nbsp;participant\u00b7e\u00b7s&nbsp;de tout le Canada pour [&hellip;]","og_url":"https:\/\/www.csf.bc.ca\/en\/2025\/12\/01\/melodie-kline-represente-le-csf-a-linstitut-national-sur-la-democratie-parlementaire\/","og_site_name":"Conseil scolaire francophone de la Colombie-Britannique","article_published_time":"2025-12-01T16:54:02+00:00","article_modified_time":"2025-12-08T23:22:38+00:00","og_image":[{"width":730,"height":726,"url":"https:\/\/www.csf.bc.ca\/wp-content\/uploads\/2025\/11\/Sans-titre-1200-x-628-px-1200-x-1200-px-e1764285868952.jpg","type":"image\/jpeg"}],"author":"Rime_rharrass","twitter_card":"summary_large_image","twitter_misc":{"Written by":"Rime_rharrass","Est. reading time":"3 minutes"},"schema":{"@context":"https:\/\/schema.org","@graph":[{"@type":"Article","@id":"https:\/\/www.csf.bc.ca\/en\/2025\/12\/01\/melodie-kline-represente-le-csf-a-linstitut-national-sur-la-democratie-parlementaire\/#article","isPartOf":{"@id":"https:\/\/www.csf.bc.ca\/en\/2025\/12\/01\/melodie-kline-represente-le-csf-a-linstitut-national-sur-la-democratie-parlementaire\/"},"author":{"name":"Rime_rharrass","@id":"https:\/\/www.csf.bc.ca\/en\/#\/schema\/person\/e3555364b100effeade35bfeddced45f"},"headline":"M\u00e9lodie Kline repr\u00e9sente le CSF \u00e0\u00a0l\u2019Institut national sur la d\u00e9mocratie parlementaire\u00a0","datePublished":"2025-12-01T16:54:02+00:00","dateModified":"2025-12-08T23:22:38+00:00","mainEntityOfPage":{"@id":"https:\/\/www.csf.bc.ca\/en\/2025\/12\/01\/melodie-kline-represente-le-csf-a-linstitut-national-sur-la-democratie-parlementaire\/"},"wordCount":523,"publisher":{"@id":"https:\/\/www.csf.bc.ca\/en\/#organization"},"image":{"@id":"https:\/\/www.csf.bc.ca\/en\/2025\/12\/01\/melodie-kline-represente-le-csf-a-linstitut-national-sur-la-democratie-parlementaire\/#primaryimage"},"thumbnailUrl":"https:\/\/www.csf.bc.ca\/wp-content\/uploads\/2025\/11\/Sans-titre-1200-x-628-px-1200-x-1200-px-e1764285868952.jpg","articleSection":["Projets"],"inLanguage":"en-US"},{"@type":"WebPage","@id":"https:\/\/www.csf.bc.ca\/en\/2025\/12\/01\/melodie-kline-represente-le-csf-a-linstitut-national-sur-la-democratie-parlementaire\/","url":"https:\/\/www.csf.bc.ca\/en\/2025\/12\/01\/melodie-kline-represente-le-csf-a-linstitut-national-sur-la-democratie-parlementaire\/","name":"M\u00e9lodie Kline repr\u00e9sente le CSF \u00e0\u00a0l\u2019Institut national sur la d\u00e9mocratie parlementaire\u00a0 | Conseil scolaire francophone de la Colombie-Britannique","isPartOf":{"@id":"https:\/\/www.csf.bc.ca\/en\/#website"},"primaryImageOfPage":{"@id":"https:\/\/www.csf.bc.ca\/en\/2025\/12\/01\/melodie-kline-represente-le-csf-a-linstitut-national-sur-la-democratie-parlementaire\/#primaryimage"},"image":{"@id":"https:\/\/www.csf.bc.ca\/en\/2025\/12\/01\/melodie-kline-represente-le-csf-a-linstitut-national-sur-la-democratie-parlementaire\/#primaryimage"},"thumbnailUrl":"https:\/\/www.csf.bc.ca\/wp-content\/uploads\/2025\/11\/Sans-titre-1200-x-628-px-1200-x-1200-px-e1764285868952.jpg","datePublished":"2025-12-01T16:54:02+00:00","dateModified":"2025-12-08T23:22:38+00:00","breadcrumb":{"@id":"https:\/\/www.csf.bc.ca\/en\/2025\/12\/01\/melodie-kline-represente-le-csf-a-linstitut-national-sur-la-democratie-parlementaire\/#breadcrumb"},"inLanguage":"en-US","potentialAction":[{"@type":"ReadAction","target":["https:\/\/www.csf.bc.ca\/en\/2025\/12\/01\/melodie-kline-represente-le-csf-a-linstitut-national-sur-la-democratie-parlementaire\/"]}]},{"@type":"ImageObject","inLanguage":"en-US","@id":"https:\/\/www.csf.bc.ca\/en\/2025\/12\/01\/melodie-kline-represente-le-csf-a-linstitut-national-sur-la-democratie-parlementaire\/#primaryimage","url":"https:\/\/www.csf.bc.ca\/wp-content\/uploads\/2025\/11\/Sans-titre-1200-x-628-px-1200-x-1200-px-e1764285868952.jpg","contentUrl":"https:\/\/www.csf.bc.ca\/wp-content\/uploads\/2025\/11\/Sans-titre-1200-x-628-px-1200-x-1200-px-e1764285868952.jpg","width":730,"height":726},{"@type":"BreadcrumbList","@id":"https:\/\/www.csf.bc.ca\/en\/2025\/12\/01\/melodie-kline-represente-le-csf-a-linstitut-national-sur-la-democratie-parlementaire\/#breadcrumb","itemListElement":[{"@type":"ListItem","position":1,"name":"Home","item":"https:\/\/www.csf.bc.ca\/en\/"},{"@type":"ListItem","position":2,"name":"M\u00e9lodie Kline repr\u00e9sente le CSF \u00e0\u00a0l\u2019Institut national sur la d\u00e9mocratie parlementaire\u00a0"}]},{"@type":"WebSite","@id":"https:\/\/www.csf.bc.ca\/en\/#website","url":"https:\/\/www.csf.bc.ca\/en\/","name":"Conseil scolaire francophone de la Colombie-Britannique","description":"CSF","publisher":{"@id":"https:\/\/www.csf.bc.ca\/en\/#organization"},"potentialAction":[{"@type":"SearchAction","target":{"@type":"EntryPoint","urlTemplate":"https:\/\/www.csf.bc.ca\/en\/?s={search_term_string}"},"query-input":{"@type":"PropertyValueSpecification","valueRequired":true,"valueName":"search_term_string"}}],"inLanguage":"en-US"},{"@type":"Organization","@id":"https:\/\/www.csf.bc.ca\/en\/#organization","name":"Conseil scolaire francophone de la Colombie-Britannique","url":"https:\/\/www.csf.bc.ca\/en\/","logo":{"@type":"ImageObject","inLanguage":"en-US","@id":"https:\/\/www.csf.bc.ca\/en\/#\/schema\/logo\/image\/","url":"https:\/\/www.csf.bc.ca\/wp-content\/uploads\/2022\/05\/csf-logoHoriz-desc-court-coul.svg","contentUrl":"https:\/\/www.csf.bc.ca\/wp-content\/uploads\/2022\/05\/csf-logoHoriz-desc-court-coul.svg","width":842,"height":205,"caption":"Conseil scolaire francophone de la Colombie-Britannique"},"image":{"@id":"https:\/\/www.csf.bc.ca\/en\/#\/schema\/logo\/image\/"}},{"@type":"Person","@id":"https:\/\/www.csf.bc.ca\/en\/#\/schema\/person\/e3555364b100effeade35bfeddced45f","name":"Rime_rharrass","image":{"@type":"ImageObject","inLanguage":"en-US","@id":"https:\/\/www.csf.bc.ca\/en\/#\/schema\/person\/image\/","url":"https:\/\/secure.gravatar.com\/avatar\/aff837962ae0e8be044f192def64a29bb077e6fa36a1997af1895f395b84883d?s=96&d=mm&r=g","contentUrl":"https:\/\/secure.gravatar.com\/avatar\/aff837962ae0e8be044f192def64a29bb077e6fa36a1997af1895f395b84883d?s=96&d=mm&r=g","caption":"Rime_rharrass"},"url":"https:\/\/www.csf.bc.ca\/en\/author\/rime_rharrass\/"}]}},"_links":{"self":[{"href":"https:\/\/www.csf.bc.ca\/en\/wp-json\/wp\/v2\/posts\/15207","targetHints":{"allow":["GET"]}}],"collection":[{"href":"https:\/\/www.csf.bc.ca\/en\/wp-json\/wp\/v2\/posts"}],"about":[{"href":"https:\/\/www.csf.bc.ca\/en\/wp-json\/wp\/v2\/types\/post"}],"author":[{"embeddable":true,"href":"https:\/\/www.csf.bc.ca\/en\/wp-json\/wp\/v2\/users\/18"}],"replies":[{"embeddable":true,"href":"https:\/\/www.csf.bc.ca\/en\/wp-json\/wp\/v2\/comments?post=15207"}],"version-history":[{"count":6,"href":"https:\/\/www.csf.bc.ca\/en\/wp-json\/wp\/v2\/posts\/15207\/revisions"}],"predecessor-version":[{"id":15228,"href":"https:\/\/www.csf.bc.ca\/en\/wp-json\/wp\/v2\/posts\/15207\/revisions\/15228"}],"wp:featuredmedia":[{"embeddable":true,"href":"https:\/\/www.csf.bc.ca\/en\/wp-json\/wp\/v2\/media\/15210"}],"wp:attachment":[{"href":"https:\/\/www.csf.bc.ca\/en\/wp-json\/wp\/v2\/media?parent=15207"}],"wp:term":[{"taxonomy":"category","embeddable":true,"href":"https:\/\/www.csf.bc.ca\/en\/wp-json\/wp\/v2\/categories?post=15207"},{"taxonomy":"post_tag","embeddable":true,"href":"https:\/\/www.csf.bc.ca\/en\/wp-json\/wp\/v2\/tags?post=15207"}],"curies":[{"name":"wp","href":"https:\/\/api.w.org\/{rel}","templated":true}]}}