{"id":15244,"date":"2025-12-04T10:18:44","date_gmt":"2025-12-04T18:18:44","guid":{"rendered":"https:\/\/www.csf.bc.ca\/?p=15244"},"modified":"2025-12-04T10:18:44","modified_gmt":"2025-12-04T18:18:44","slug":"nouvelle-ecole-francophone-a-saanich","status":"publish","type":"post","link":"https:\/\/www.csf.bc.ca\/en\/2025\/12\/04\/nouvelle-ecole-francophone-a-saanich\/","title":{"rendered":"Nouvelle \u00e9cole francophone \u00e0 Saanich"},"content":{"rendered":"\n<p><strong>RICHMOND, LE 4 D\u00c9CEMBRE 2025 \u2013<\/strong>\u00a0Le Conseil scolaire francophone de la Colombie-Britannique (CSF) se r\u00e9jouit de l\u2019annonce provinciale concernant le financement pour la construction d&#8217;une \u00e9cole francophone \u00e0 Saanich. <\/p>\n\n\n\n<p>Minist\u00e8re de l&#8217;infrastructure <br><br><strong>Pour diffusion imm\u00e9diate<\/strong><br>Le 4 d\u00e9cembre 2025<br><\/p>\n\n\n\n<p class=\"has-text-align-center has-luminous-vivid-orange-color has-text-color has-link-color wp-elements-38b26b3896d735a9378746b2cac43dda\"><strong>COMMUNIQU\u00c9 DE PRESSE<\/strong><\/p>\n\n\n\n<p class=\"has-text-align-center\">Nouvelle \u00e9cole francophone \u00e0 Saanich<\/p>\n\n\n\n<p class=\"has-text-align-center\">Augmentation des possibilit\u00e9s d\u2019apprentissage en fran\u00e7ais pour les \u00e9l\u00e8ves\u00a0<br><\/p>\n\n\n\n<p>VICTORIA \u2013<\/p>\n\n\n\n<p>R\u00e9sum\u00e9 : <\/p>\n\n\n\n<ul class=\"wp-block-list\">\n<li>Cette \u00e9cole offrira 465 nouvelles places de la maternelle \u00e0 la 12e ann\u00e9e. <\/li>\n\n\n\n<li>Les travaux de construction devraient d\u00e9buter \u00e0 l&#8217;automne 2027. <\/li>\n<\/ul>\n\n\n\n<p>\u2013<\/p>\n\n\n\n<p>Les plans progressent pour construire \u00e0 Saanich une nouvelle \u00e9cole francophone de 465 places de la maternelle \u00e0 la 12e ann\u00e9e afin de soutenir les familles et de renforcer l\u2019acc\u00e8s \u00e0 l\u2019\u00e9ducation en langue fran\u00e7aise.\u00a0<br><br>\u00ab Notre gouvernement est fier d\u2019investir dans des projets qui renforcent les communaut\u00e9s et soutiennent les \u00e9l\u00e8ves, a d\u00e9clar\u00e9 Bowinn Ma, ministre de l\u2019Infrastructure. Cette nouvelle \u00e9cole permettra aux \u00e9l\u00e8ves francophones d\u2019apprendre dans des locaux s\u00fbrs et modernes qui repr\u00e9senteront leur culture et leur communaut\u00e9. \u00bb\u00a0<\/p>\n\n\n\n<p><strong>Avantages pour les \u00e9l\u00e8ves\u00a0<\/strong><\/p>\n\n\n\n<p>La nouvelle \u00e9cole Beausoleil offrira :&nbsp;<\/p>\n\n\n\n<p>\u2022 20 salles de classe,\u00a0<\/p>\n\n\n\n<p>\u2022 des programmes de garde d\u2019enfants et communautaires,&nbsp;<\/p>\n\n\n\n<p>\u2022 une conception architecturale \u00e0 faible intensit\u00e9 de carbone pour r\u00e9duire les \u00e9missions et contribuer \u00e0 un avenir plus durable.&nbsp;<\/p>\n\n\n\n<p>Le programme Beausoleil accueille actuellement 170 \u00e9l\u00e8ves du niveau \u00e9l\u00e9mentaire dans des locaux temporaires situ\u00e9s sur le m\u00eame terrain que l\u2019\u00e9cole \u00e9l\u00e9mentaire Braefoot.&nbsp;<\/p>\n\n\n\n<p>Pour mieux servir les familles francophones et r\u00e9pondre \u00e0 la demande croissante, une \u00e9cole Beausoleil permanente sera construite sur le m\u00eame terrain que l\u2019\u00e9cole interm\u00e9diaire Lansdowne et accueillera 295 autres \u00e9l\u00e8ves francophones de la maternelle \u00e0 la 12e ann\u00e9e.&nbsp;<\/p>\n\n\n\n<p>Cette \u00e9cole permettra aux \u00e9l\u00e8ves francophones d\u2019apprendre dans des locaux s\u00fbrs et modernes qui repr\u00e9senteront la culture et la communaut\u00e9 francophones.\u00a0<\/p>\n\n\n\n<p><strong>Soutien des \u00e9l\u00e8ves francophones dans la r\u00e9gion m\u00e9tropolitaine de Victoria&nbsp;<\/strong><\/p>\n\n\n\n<p>L\u2019\u00e9cole Beausoleil sera la deuxi\u00e8me \u00e9cole francophone de la maternelle \u00e0 la 12e ann\u00e9e dans la r\u00e9gion m\u00e9tropolitaine de Victoria, apr\u00e8s l\u2019ouverture de l\u2019\u00e9cole Victor-Brodeur. Ces deux \u00e9coles francophones de la maternelle \u00e0 la 12e ann\u00e9e offriront aux familles francophones plus d\u2019options et un meilleur acc\u00e8s \u00e0 des \u00e9coles plus pr\u00e8s de chez elles.&nbsp;<\/p>\n\n\n\n<p>Le gouvernement provincial investit pr\u00e8s de 73 millions $ dans l\u2019\u00e9cole Beausoleil, dont la construction devrait d\u00e9buter \u00e0 l\u2019automne 2027.&nbsp;<\/p>\n\n\n\n<p>\u00ab Pour notre communaut\u00e9, cette nouvelle \u00e9cole, c\u2019est bien plus qu\u2019un b\u00e2timent : c\u2019est un r\u00eave longtemps port\u00e9 collectivement qui se r\u00e9alise enfin, a d\u00e9clar\u00e9 Marie-Pierre Lavoie, pr\u00e9sidente du conseil d\u2019administration, Conseil scolaire francophone de la Colombie-Britannique (CSF). Elle incarne la r\u00e9silience, la fiert\u00e9 et l\u2019engagement de g\u00e9n\u00e9rations de familles, de membres du personnel \u00e9ducateur et de leaders francophones \u00e0 Victoria. Savoir que nos enfants pourront apprendre et s\u2019\u00e9panouir dans un milieu moderne, inclusif et profond\u00e9ment ancr\u00e9 dans leur identit\u00e9 nous touche profond\u00e9ment. Nous sommes sinc\u00e8rement reconnaissants envers le gouvernement provincial et fiers de franchir ensemble cette \u00e9tape qui renforcera la vitalit\u00e9 du fran\u00e7ais en Colombie-Britannique pendant les ann\u00e9es \u00e0 venir. \u00bb\u00a0<\/p>\n\n\n\n<p><strong>Augmentation des places pour les \u00e9l\u00e8ves francophones en Colombie-Britannique&nbsp;<\/strong><\/p>\n\n\n\n<p>Depuis 2017, le gouvernement provincial a investi, en \u00e9troite collaboration avec le CSF, presque 300 millions $ dans l\u2019infrastructure \u00e9ducative de langue fran\u00e7aise pour r\u00e9aliser les projets suivants :&nbsp;<\/p>\n\n\n\n<p>\u2022 acquisition de 12 terrains dans l\u2019ensemble de la province;&nbsp;<\/p>\n\n\n\n<p>\u2022 travaux de construction \u00e0 sept \u00e9coles, y compris la construction en cours de nouvelles \u00e9coles \u00e0 Pemberton et \u00e0 Burnaby, et l\u2019ach\u00e8vement de projets dans d\u2019autres collectivit\u00e9s de la Colombie-Britannique, comme Smithers, Mission et Victoria.&nbsp;<\/p>\n\n\n\n<p>Ces investissements dans la construction et l\u2019agrandissement d\u2019\u00e9coles en Colombie-Britannique appuient l\u2019\u00e9ducation en langue fran\u00e7aise et offrent \u00e0 plus de familles l\u2019acc\u00e8s aux programmes du CSF.\u00a0<br><br><strong>Plus d\u2019informations<\/strong><br><\/p>\n\n\n\n<p>Projets d\u2019immobilisations des \u00e9coles de la maternelle \u00e0 la 12e ann\u00e9e en Colombie-Britannique : https:\/\/www2.gov.bc.ca\/gov\/content\/education-training\/k-12\/administration\/capital \u00a0 <br><br><strong>Renseignements<\/strong><br>Minist\u00e8re de l\u2019Infrastructure<br>Relations avec les m\u00e9dias<br>778 677-3207<\/p>\n\n\n\n<p>English: <a href=\"https:\/\/news.gov.bc.ca\/releases\/2025INF0043-000819\">https:\/\/news.gov.bc.ca\/releases\/2025INF0058-001190<\/a> <\/p>\n","protected":false},"excerpt":{"rendered":"<p>RICHMOND, LE 4 D\u00c9CEMBRE 2025 \u2013\u00a0Le Conseil scolaire francophone de la Colombie-Britannique (CSF) se r\u00e9jouit [&hellip;]<\/p>\n","protected":false},"author":2,"featured_media":13807,"comment_status":"closed","ping_status":"closed","sticky":false,"template":"","format":"standard","meta":{"_acf_changed":false,"footnotes":""},"categories":[161],"tags":[],"class_list":["post-15244","post","type-post","status-publish","format-standard","has-post-thumbnail","hentry","category-immobilier"],"acf":[],"yoast_head":"<!-- This site is optimized with the Yoast SEO plugin v26.5 - https:\/\/yoast.com\/wordpress\/plugins\/seo\/ -->\n<title>Nouvelle \u00e9cole francophone \u00e0 Saanich | Conseil scolaire francophone de la Colombie-Britannique<\/title>\n<meta name=\"robots\" content=\"index, follow, max-snippet:-1, max-image-preview:large, max-video-preview:-1\" \/>\n<link rel=\"canonical\" href=\"https:\/\/www.csf.bc.ca\/en\/2025\/12\/04\/nouvelle-ecole-francophone-a-saanich\/\" \/>\n<meta property=\"og:locale\" content=\"en_US\" \/>\n<meta property=\"og:type\" content=\"article\" \/>\n<meta property=\"og:title\" content=\"Nouvelle \u00e9cole francophone \u00e0 Saanich | Conseil scolaire francophone de la Colombie-Britannique\" \/>\n<meta property=\"og:description\" content=\"RICHMOND, LE 4 D\u00c9CEMBRE 2025 \u2013\u00a0Le Conseil scolaire francophone de la Colombie-Britannique (CSF) se r\u00e9jouit [&hellip;]\" \/>\n<meta property=\"og:url\" content=\"https:\/\/www.csf.bc.ca\/en\/2025\/12\/04\/nouvelle-ecole-francophone-a-saanich\/\" \/>\n<meta property=\"og:site_name\" content=\"Conseil scolaire francophone de la Colombie-Britannique\" \/>\n<meta property=\"article:published_time\" content=\"2025-12-04T18:18:44+00:00\" \/>\n<meta property=\"og:image\" content=\"https:\/\/www.csf.bc.ca\/wp-content\/uploads\/2025\/06\/BCNews-e1582739101730.jpeg\" \/>\n\t<meta property=\"og:image:width\" content=\"745\" \/>\n\t<meta property=\"og:image:height\" content=\"495\" \/>\n\t<meta property=\"og:image:type\" content=\"image\/jpeg\" \/>\n<meta name=\"author\" content=\"csf\" \/>\n<meta name=\"twitter:card\" content=\"summary_large_image\" \/>\n<meta name=\"twitter:label1\" content=\"Written by\" \/>\n\t<meta name=\"twitter:data1\" content=\"csf\" \/>\n\t<meta name=\"twitter:label2\" content=\"Est. reading time\" \/>\n\t<meta name=\"twitter:data2\" content=\"4 minutes\" \/>\n<script type=\"application\/ld+json\" class=\"yoast-schema-graph\">{\"@context\":\"https:\/\/schema.org\",\"@graph\":[{\"@type\":\"Article\",\"@id\":\"https:\/\/www.csf.bc.ca\/en\/2025\/12\/04\/nouvelle-ecole-francophone-a-saanich\/#article\",\"isPartOf\":{\"@id\":\"https:\/\/www.csf.bc.ca\/en\/2025\/12\/04\/nouvelle-ecole-francophone-a-saanich\/\"},\"author\":{\"name\":\"csf\",\"@id\":\"https:\/\/www.csf.bc.ca\/en\/#\/schema\/person\/22c70ad892bd8e6c6ae5040918c74d76\"},\"headline\":\"Nouvelle \u00e9cole francophone \u00e0 Saanich\",\"datePublished\":\"2025-12-04T18:18:44+00:00\",\"mainEntityOfPage\":{\"@id\":\"https:\/\/www.csf.bc.ca\/en\/2025\/12\/04\/nouvelle-ecole-francophone-a-saanich\/\"},\"wordCount\":709,\"publisher\":{\"@id\":\"https:\/\/www.csf.bc.ca\/en\/#organization\"},\"image\":{\"@id\":\"https:\/\/www.csf.bc.ca\/en\/2025\/12\/04\/nouvelle-ecole-francophone-a-saanich\/#primaryimage\"},\"thumbnailUrl\":\"https:\/\/www.csf.bc.ca\/wp-content\/uploads\/2025\/06\/BCNews-e1582739101730.jpeg\",\"articleSection\":[\"Immobilier\"],\"inLanguage\":\"en-US\"},{\"@type\":\"WebPage\",\"@id\":\"https:\/\/www.csf.bc.ca\/en\/2025\/12\/04\/nouvelle-ecole-francophone-a-saanich\/\",\"url\":\"https:\/\/www.csf.bc.ca\/en\/2025\/12\/04\/nouvelle-ecole-francophone-a-saanich\/\",\"name\":\"Nouvelle \u00e9cole francophone \u00e0 Saanich | Conseil scolaire francophone de la Colombie-Britannique\",\"isPartOf\":{\"@id\":\"https:\/\/www.csf.bc.ca\/en\/#website\"},\"primaryImageOfPage\":{\"@id\":\"https:\/\/www.csf.bc.ca\/en\/2025\/12\/04\/nouvelle-ecole-francophone-a-saanich\/#primaryimage\"},\"image\":{\"@id\":\"https:\/\/www.csf.bc.ca\/en\/2025\/12\/04\/nouvelle-ecole-francophone-a-saanich\/#primaryimage\"},\"thumbnailUrl\":\"https:\/\/www.csf.bc.ca\/wp-content\/uploads\/2025\/06\/BCNews-e1582739101730.jpeg\",\"datePublished\":\"2025-12-04T18:18:44+00:00\",\"breadcrumb\":{\"@id\":\"https:\/\/www.csf.bc.ca\/en\/2025\/12\/04\/nouvelle-ecole-francophone-a-saanich\/#breadcrumb\"},\"inLanguage\":\"en-US\",\"potentialAction\":[{\"@type\":\"ReadAction\",\"target\":[\"https:\/\/www.csf.bc.ca\/en\/2025\/12\/04\/nouvelle-ecole-francophone-a-saanich\/\"]}]},{\"@type\":\"ImageObject\",\"inLanguage\":\"en-US\",\"@id\":\"https:\/\/www.csf.bc.ca\/en\/2025\/12\/04\/nouvelle-ecole-francophone-a-saanich\/#primaryimage\",\"url\":\"https:\/\/www.csf.bc.ca\/wp-content\/uploads\/2025\/06\/BCNews-e1582739101730.jpeg\",\"contentUrl\":\"https:\/\/www.csf.bc.ca\/wp-content\/uploads\/2025\/06\/BCNews-e1582739101730.jpeg\",\"width\":745,\"height\":495},{\"@type\":\"BreadcrumbList\",\"@id\":\"https:\/\/www.csf.bc.ca\/en\/2025\/12\/04\/nouvelle-ecole-francophone-a-saanich\/#breadcrumb\",\"itemListElement\":[{\"@type\":\"ListItem\",\"position\":1,\"name\":\"Home\",\"item\":\"https:\/\/www.csf.bc.ca\/en\/\"},{\"@type\":\"ListItem\",\"position\":2,\"name\":\"Nouvelle \u00e9cole francophone \u00e0 Saanich\"}]},{\"@type\":\"WebSite\",\"@id\":\"https:\/\/www.csf.bc.ca\/en\/#website\",\"url\":\"https:\/\/www.csf.bc.ca\/en\/\",\"name\":\"Conseil scolaire francophone de la Colombie-Britannique\",\"description\":\"CSF\",\"publisher\":{\"@id\":\"https:\/\/www.csf.bc.ca\/en\/#organization\"},\"potentialAction\":[{\"@type\":\"SearchAction\",\"target\":{\"@type\":\"EntryPoint\",\"urlTemplate\":\"https:\/\/www.csf.bc.ca\/en\/?s={search_term_string}\"},\"query-input\":{\"@type\":\"PropertyValueSpecification\",\"valueRequired\":true,\"valueName\":\"search_term_string\"}}],\"inLanguage\":\"en-US\"},{\"@type\":\"Organization\",\"@id\":\"https:\/\/www.csf.bc.ca\/en\/#organization\",\"name\":\"Conseil scolaire francophone de la Colombie-Britannique\",\"url\":\"https:\/\/www.csf.bc.ca\/en\/\",\"logo\":{\"@type\":\"ImageObject\",\"inLanguage\":\"en-US\",\"@id\":\"https:\/\/www.csf.bc.ca\/en\/#\/schema\/logo\/image\/\",\"url\":\"https:\/\/www.csf.bc.ca\/wp-content\/uploads\/2022\/05\/csf-logoHoriz-desc-court-coul.svg\",\"contentUrl\":\"https:\/\/www.csf.bc.ca\/wp-content\/uploads\/2022\/05\/csf-logoHoriz-desc-court-coul.svg\",\"width\":842,\"height\":205,\"caption\":\"Conseil scolaire francophone de la Colombie-Britannique\"},\"image\":{\"@id\":\"https:\/\/www.csf.bc.ca\/en\/#\/schema\/logo\/image\/\"}},{\"@type\":\"Person\",\"@id\":\"https:\/\/www.csf.bc.ca\/en\/#\/schema\/person\/22c70ad892bd8e6c6ae5040918c74d76\",\"name\":\"csf\",\"image\":{\"@type\":\"ImageObject\",\"inLanguage\":\"en-US\",\"@id\":\"https:\/\/www.csf.bc.ca\/en\/#\/schema\/person\/image\/\",\"url\":\"https:\/\/secure.gravatar.com\/avatar\/6f2a6d26065f77b09f793418913d69362f1611663e90411b8d0ff25c7a63a3a5?s=96&d=mm&r=g\",\"contentUrl\":\"https:\/\/secure.gravatar.com\/avatar\/6f2a6d26065f77b09f793418913d69362f1611663e90411b8d0ff25c7a63a3a5?s=96&d=mm&r=g\",\"caption\":\"csf\"},\"url\":\"https:\/\/www.csf.bc.ca\/en\/author\/csf\/\"}]}<\/script>\n<!-- \/ Yoast SEO plugin. -->","yoast_head_json":{"title":"Nouvelle \u00e9cole francophone \u00e0 Saanich | Conseil scolaire francophone de la Colombie-Britannique","robots":{"index":"index","follow":"follow","max-snippet":"max-snippet:-1","max-image-preview":"max-image-preview:large","max-video-preview":"max-video-preview:-1"},"canonical":"https:\/\/www.csf.bc.ca\/en\/2025\/12\/04\/nouvelle-ecole-francophone-a-saanich\/","og_locale":"en_US","og_type":"article","og_title":"Nouvelle \u00e9cole francophone \u00e0 Saanich | Conseil scolaire francophone de la Colombie-Britannique","og_description":"RICHMOND, LE 4 D\u00c9CEMBRE 2025 \u2013\u00a0Le Conseil scolaire francophone de la Colombie-Britannique (CSF) se r\u00e9jouit [&hellip;]","og_url":"https:\/\/www.csf.bc.ca\/en\/2025\/12\/04\/nouvelle-ecole-francophone-a-saanich\/","og_site_name":"Conseil scolaire francophone de la Colombie-Britannique","article_published_time":"2025-12-04T18:18:44+00:00","og_image":[{"width":745,"height":495,"url":"https:\/\/www.csf.bc.ca\/wp-content\/uploads\/2025\/06\/BCNews-e1582739101730.jpeg","type":"image\/jpeg"}],"author":"csf","twitter_card":"summary_large_image","twitter_misc":{"Written by":"csf","Est. reading time":"4 minutes"},"schema":{"@context":"https:\/\/schema.org","@graph":[{"@type":"Article","@id":"https:\/\/www.csf.bc.ca\/en\/2025\/12\/04\/nouvelle-ecole-francophone-a-saanich\/#article","isPartOf":{"@id":"https:\/\/www.csf.bc.ca\/en\/2025\/12\/04\/nouvelle-ecole-francophone-a-saanich\/"},"author":{"name":"csf","@id":"https:\/\/www.csf.bc.ca\/en\/#\/schema\/person\/22c70ad892bd8e6c6ae5040918c74d76"},"headline":"Nouvelle \u00e9cole francophone \u00e0 Saanich","datePublished":"2025-12-04T18:18:44+00:00","mainEntityOfPage":{"@id":"https:\/\/www.csf.bc.ca\/en\/2025\/12\/04\/nouvelle-ecole-francophone-a-saanich\/"},"wordCount":709,"publisher":{"@id":"https:\/\/www.csf.bc.ca\/en\/#organization"},"image":{"@id":"https:\/\/www.csf.bc.ca\/en\/2025\/12\/04\/nouvelle-ecole-francophone-a-saanich\/#primaryimage"},"thumbnailUrl":"https:\/\/www.csf.bc.ca\/wp-content\/uploads\/2025\/06\/BCNews-e1582739101730.jpeg","articleSection":["Immobilier"],"inLanguage":"en-US"},{"@type":"WebPage","@id":"https:\/\/www.csf.bc.ca\/en\/2025\/12\/04\/nouvelle-ecole-francophone-a-saanich\/","url":"https:\/\/www.csf.bc.ca\/en\/2025\/12\/04\/nouvelle-ecole-francophone-a-saanich\/","name":"Nouvelle \u00e9cole francophone \u00e0 Saanich | Conseil scolaire francophone de la Colombie-Britannique","isPartOf":{"@id":"https:\/\/www.csf.bc.ca\/en\/#website"},"primaryImageOfPage":{"@id":"https:\/\/www.csf.bc.ca\/en\/2025\/12\/04\/nouvelle-ecole-francophone-a-saanich\/#primaryimage"},"image":{"@id":"https:\/\/www.csf.bc.ca\/en\/2025\/12\/04\/nouvelle-ecole-francophone-a-saanich\/#primaryimage"},"thumbnailUrl":"https:\/\/www.csf.bc.ca\/wp-content\/uploads\/2025\/06\/BCNews-e1582739101730.jpeg","datePublished":"2025-12-04T18:18:44+00:00","breadcrumb":{"@id":"https:\/\/www.csf.bc.ca\/en\/2025\/12\/04\/nouvelle-ecole-francophone-a-saanich\/#breadcrumb"},"inLanguage":"en-US","potentialAction":[{"@type":"ReadAction","target":["https:\/\/www.csf.bc.ca\/en\/2025\/12\/04\/nouvelle-ecole-francophone-a-saanich\/"]}]},{"@type":"ImageObject","inLanguage":"en-US","@id":"https:\/\/www.csf.bc.ca\/en\/2025\/12\/04\/nouvelle-ecole-francophone-a-saanich\/#primaryimage","url":"https:\/\/www.csf.bc.ca\/wp-content\/uploads\/2025\/06\/BCNews-e1582739101730.jpeg","contentUrl":"https:\/\/www.csf.bc.ca\/wp-content\/uploads\/2025\/06\/BCNews-e1582739101730.jpeg","width":745,"height":495},{"@type":"BreadcrumbList","@id":"https:\/\/www.csf.bc.ca\/en\/2025\/12\/04\/nouvelle-ecole-francophone-a-saanich\/#breadcrumb","itemListElement":[{"@type":"ListItem","position":1,"name":"Home","item":"https:\/\/www.csf.bc.ca\/en\/"},{"@type":"ListItem","position":2,"name":"Nouvelle \u00e9cole francophone \u00e0 Saanich"}]},{"@type":"WebSite","@id":"https:\/\/www.csf.bc.ca\/en\/#website","url":"https:\/\/www.csf.bc.ca\/en\/","name":"Conseil scolaire francophone de la Colombie-Britannique","description":"CSF","publisher":{"@id":"https:\/\/www.csf.bc.ca\/en\/#organization"},"potentialAction":[{"@type":"SearchAction","target":{"@type":"EntryPoint","urlTemplate":"https:\/\/www.csf.bc.ca\/en\/?s={search_term_string}"},"query-input":{"@type":"PropertyValueSpecification","valueRequired":true,"valueName":"search_term_string"}}],"inLanguage":"en-US"},{"@type":"Organization","@id":"https:\/\/www.csf.bc.ca\/en\/#organization","name":"Conseil scolaire francophone de la Colombie-Britannique","url":"https:\/\/www.csf.bc.ca\/en\/","logo":{"@type":"ImageObject","inLanguage":"en-US","@id":"https:\/\/www.csf.bc.ca\/en\/#\/schema\/logo\/image\/","url":"https:\/\/www.csf.bc.ca\/wp-content\/uploads\/2022\/05\/csf-logoHoriz-desc-court-coul.svg","contentUrl":"https:\/\/www.csf.bc.ca\/wp-content\/uploads\/2022\/05\/csf-logoHoriz-desc-court-coul.svg","width":842,"height":205,"caption":"Conseil scolaire francophone de la Colombie-Britannique"},"image":{"@id":"https:\/\/www.csf.bc.ca\/en\/#\/schema\/logo\/image\/"}},{"@type":"Person","@id":"https:\/\/www.csf.bc.ca\/en\/#\/schema\/person\/22c70ad892bd8e6c6ae5040918c74d76","name":"csf","image":{"@type":"ImageObject","inLanguage":"en-US","@id":"https:\/\/www.csf.bc.ca\/en\/#\/schema\/person\/image\/","url":"https:\/\/secure.gravatar.com\/avatar\/6f2a6d26065f77b09f793418913d69362f1611663e90411b8d0ff25c7a63a3a5?s=96&d=mm&r=g","contentUrl":"https:\/\/secure.gravatar.com\/avatar\/6f2a6d26065f77b09f793418913d69362f1611663e90411b8d0ff25c7a63a3a5?s=96&d=mm&r=g","caption":"csf"},"url":"https:\/\/www.csf.bc.ca\/en\/author\/csf\/"}]}},"_links":{"self":[{"href":"https:\/\/www.csf.bc.ca\/en\/wp-json\/wp\/v2\/posts\/15244","targetHints":{"allow":["GET"]}}],"collection":[{"href":"https:\/\/www.csf.bc.ca\/en\/wp-json\/wp\/v2\/posts"}],"about":[{"href":"https:\/\/www.csf.bc.ca\/en\/wp-json\/wp\/v2\/types\/post"}],"author":[{"embeddable":true,"href":"https:\/\/www.csf.bc.ca\/en\/wp-json\/wp\/v2\/users\/2"}],"replies":[{"embeddable":true,"href":"https:\/\/www.csf.bc.ca\/en\/wp-json\/wp\/v2\/comments?post=15244"}],"version-history":[{"count":1,"href":"https:\/\/www.csf.bc.ca\/en\/wp-json\/wp\/v2\/posts\/15244\/revisions"}],"predecessor-version":[{"id":15245,"href":"https:\/\/www.csf.bc.ca\/en\/wp-json\/wp\/v2\/posts\/15244\/revisions\/15245"}],"wp:featuredmedia":[{"embeddable":true,"href":"https:\/\/www.csf.bc.ca\/en\/wp-json\/wp\/v2\/media\/13807"}],"wp:attachment":[{"href":"https:\/\/www.csf.bc.ca\/en\/wp-json\/wp\/v2\/media?parent=15244"}],"wp:term":[{"taxonomy":"category","embeddable":true,"href":"https:\/\/www.csf.bc.ca\/en\/wp-json\/wp\/v2\/categories?post=15244"},{"taxonomy":"post_tag","embeddable":true,"href":"https:\/\/www.csf.bc.ca\/en\/wp-json\/wp\/v2\/tags?post=15244"}],"curies":[{"name":"wp","href":"https:\/\/api.w.org\/{rel}","templated":true}]}}