{"id":15250,"date":"2025-12-08T11:05:56","date_gmt":"2025-12-08T19:05:56","guid":{"rendered":"https:\/\/www.csf.bc.ca\/?p=15250"},"modified":"2025-12-18T09:17:56","modified_gmt":"2025-12-18T17:17:56","slug":"les-phenix-de-lecole-gabrielle-roy-remportent-leur-premiere-victoire-de-la-saison","status":"publish","type":"post","link":"https:\/\/www.csf.bc.ca\/en\/2025\/12\/08\/les-phenix-de-lecole-gabrielle-roy-remportent-leur-premiere-victoire-de-la-saison\/","title":{"rendered":"Les Ph\u00e9nix de l\u2019\u00e9cole Gabrielle-Roy remportent leur premi\u00e8re victoire de la saison\u00a0"},"content":{"rendered":"\n<p>Les Ph\u00e9nix de\u00a0l\u2019\u00e9cole Gabrielle-Roy ont sign\u00e9 leur premi\u00e8re victoire de la saison en l\u2019emportant 63\u201356 contre Crescent\u00a0Heights\u00a0Academy. Pour cette \u00e9quipe compos\u00e9e d\u2019\u00e9l\u00e8ves de la 10\u1d49 \u00e0 la 12\u1d49 ann\u00e9e, encore en d\u00e9but de parcours, cette performance marque un moment fort et rassembleur pour toute la communaut\u00e9 scolaire.<\/p>\n\n\n\n<figure class=\"wp-block-image size-large\"><img loading=\"lazy\" decoding=\"async\" width=\"2560\" height=\"1440\" src=\"https:\/\/www.csf.bc.ca\/wp-content\/uploads\/2025\/12\/IMG_6656-edited-scaled.jpg\" alt=\"\" class=\"wp-image-15285\" srcset=\"https:\/\/www.csf.bc.ca\/wp-content\/uploads\/2025\/12\/IMG_6656-edited-scaled.jpg 2560w, https:\/\/www.csf.bc.ca\/wp-content\/uploads\/2025\/12\/IMG_6656-edited-300x169.jpg 300w, https:\/\/www.csf.bc.ca\/wp-content\/uploads\/2025\/12\/IMG_6656-edited-1024x576.jpg 1024w, https:\/\/www.csf.bc.ca\/wp-content\/uploads\/2025\/12\/IMG_6656-edited-768x432.jpg 768w, https:\/\/www.csf.bc.ca\/wp-content\/uploads\/2025\/12\/IMG_6656-edited-1536x864.jpg 1536w, https:\/\/www.csf.bc.ca\/wp-content\/uploads\/2025\/12\/IMG_6656-edited-2048x1152.jpg 2048w\" sizes=\"auto, (max-width: 2560px) 100vw, 2560px\" \/><\/figure>\n\n\n\n<p>L\u2019ambiance du match a \u00e9t\u00e9 port\u00e9e par une \u00e9nergie exceptionnelle, notamment gr\u00e2ce \u00e0 la toute nouvelle \u00e9quipe de cheerleading, r\u00e9cemment cr\u00e9\u00e9e. Leurs encouragements en fran\u00e7ais ont donn\u00e9 au match une couleur unique, rappelant l\u2019importance de vivre le sport dans un environnement francophone o\u00f9 la langue, la culture et l\u2019identit\u00e9 se rencontrent naturellement. Voir les \u00e9l\u00e8ves s\u2019unir ainsi, sur le terrain comme dans les&nbsp;gradins, a&nbsp;constitu\u00e9&nbsp;un moment&nbsp;fort de&nbsp;fiert\u00e9&nbsp;partag\u00e9e.&nbsp;<\/p>\n\n\n\n<figure class=\"wp-block-gallery has-nested-images columns-default is-cropped wp-block-gallery-1 is-layout-flex wp-block-gallery-is-layout-flex\">\n<figure class=\"wp-block-image size-large\"><img loading=\"lazy\" decoding=\"async\" width=\"768\" height=\"1024\" data-id=\"15257\" src=\"https:\/\/www.csf.bc.ca\/wp-content\/uploads\/2025\/12\/IMG_6689-768x1024.jpg\" alt=\"\" class=\"wp-image-15257\" srcset=\"https:\/\/www.csf.bc.ca\/wp-content\/uploads\/2025\/12\/IMG_6689-768x1024.jpg 768w, https:\/\/www.csf.bc.ca\/wp-content\/uploads\/2025\/12\/IMG_6689-225x300.jpg 225w, https:\/\/www.csf.bc.ca\/wp-content\/uploads\/2025\/12\/IMG_6689-1152x1536.jpg 1152w, https:\/\/www.csf.bc.ca\/wp-content\/uploads\/2025\/12\/IMG_6689-1536x2048.jpg 1536w, https:\/\/www.csf.bc.ca\/wp-content\/uploads\/2025\/12\/IMG_6689-scaled.jpg 1920w\" sizes=\"auto, (max-width: 768px) 100vw, 768px\" \/><\/figure>\n\n\n\n<figure class=\"wp-block-image size-large\"><img loading=\"lazy\" decoding=\"async\" width=\"1024\" height=\"768\" data-id=\"15276\" src=\"https:\/\/www.csf.bc.ca\/wp-content\/uploads\/2025\/12\/IMG_6701-1-1024x768.jpg\" alt=\"\" class=\"wp-image-15276\" srcset=\"https:\/\/www.csf.bc.ca\/wp-content\/uploads\/2025\/12\/IMG_6701-1-1024x768.jpg 1024w, https:\/\/www.csf.bc.ca\/wp-content\/uploads\/2025\/12\/IMG_6701-1-300x225.jpg 300w, https:\/\/www.csf.bc.ca\/wp-content\/uploads\/2025\/12\/IMG_6701-1-768x576.jpg 768w, https:\/\/www.csf.bc.ca\/wp-content\/uploads\/2025\/12\/IMG_6701-1-1536x1152.jpg 1536w, https:\/\/www.csf.bc.ca\/wp-content\/uploads\/2025\/12\/IMG_6701-1-2048x1536.jpg 2048w\" sizes=\"auto, (max-width: 1024px) 100vw, 1024px\" \/><\/figure>\n\n\n\n<figure class=\"wp-block-image size-large\"><img loading=\"lazy\" decoding=\"async\" width=\"1024\" height=\"768\" data-id=\"15261\" src=\"https:\/\/www.csf.bc.ca\/wp-content\/uploads\/2025\/12\/IMG_6701-1024x768.jpg\" alt=\"\" class=\"wp-image-15261\" srcset=\"https:\/\/www.csf.bc.ca\/wp-content\/uploads\/2025\/12\/IMG_6701-1024x768.jpg 1024w, https:\/\/www.csf.bc.ca\/wp-content\/uploads\/2025\/12\/IMG_6701-300x225.jpg 300w, https:\/\/www.csf.bc.ca\/wp-content\/uploads\/2025\/12\/IMG_6701-768x576.jpg 768w, https:\/\/www.csf.bc.ca\/wp-content\/uploads\/2025\/12\/IMG_6701-1536x1152.jpg 1536w, https:\/\/www.csf.bc.ca\/wp-content\/uploads\/2025\/12\/IMG_6701-2048x1536.jpg 2048w\" sizes=\"auto, (max-width: 1024px) 100vw, 1024px\" \/><\/figure>\n<\/figure>\n\n\n\n<p>Les Ph\u00e9nix \u00e9voluent dans la\u00a0<strong>Ligue GVISAA (Association sportive des \u00e9coles ind\u00e9pendantes du Grand Vancouver)<\/strong>. Cette ligue offre un cadre comp\u00e9titif pour les \u00e9coles ind\u00e9pendantes de la r\u00e9gion et\u00a0vise\u00a0\u00e0\u00a0d\u00e9velopper et soutenir les programmes sportifs pour les jeunes de la Colombie-Britannique.\u00a0<\/p>\n\n\n\n<p>L\u2019objectif de l\u2019\u00e9quipe est clair : acc\u00e9der aux provinciaux.\u00a0Ce\u00a0match constitue un pas important dans cette direction et s\u2019inscrit pleinement dans la vision du CSF : offrir \u00e0 ses \u00e9l\u00e8ves un parcours d\u2019apprentissage enrichi o\u00f9 le sport contribue au leadership, \u00e0 la pers\u00e9v\u00e9rance, \u00e0 la confiance en soi et au d\u00e9veloppement global. Au Canada, l\u2019athl\u00e9tisme scolaire peut m\u00eame ouvrir des portes vers des programmes postsecondaires,\u00a0soulignant le\u00a0r\u00f4le strat\u00e9gique\u00a0du\u00a0sport dans le cheminement acad\u00e9mique.\u00a0<\/p>\n\n\n\n<p>La nouvelle directrice athl\u00e9tique de l\u2019\u00e9cole,&nbsp;<strong>Sonya&nbsp;Marcinkowska<\/strong>,&nbsp;souligne que l\u2019objectif \u00e0 long terme pour l\u2019\u00e9quipe senior est de&nbsp;<strong>b\u00e2tir une formation solide pour les prochaines ann\u00e9es<\/strong>.&nbsp;Elle a \u00e9galement relanc\u00e9 l\u2019\u00e9quipe f\u00e9minine de basketball, qui n\u2019avait pas jou\u00e9 depuis pr\u00e8s de deux ans. En observant l\u2019int\u00e9r\u00eat grandissant des \u00e9l\u00e8ves, elle a mobilis\u00e9 son \u00e9nergie et son expertise pour accompagner la construction de cette nouvelle \u00e9quipe.&nbsp;<\/p>\n\n\n\n<p>Au-del\u00e0 du score final,&nbsp;cette&nbsp;victoire&nbsp;illustre&nbsp;le&nbsp;renouveau et dynamisme sportif palpable \u00e0 Gabrielle-Roy ainsi que la volont\u00e9 du CSF de faire rayonner la francophonie \u00e0 travers des \u00e9quipes engag\u00e9es, comp\u00e9titives et fi\u00e8res de leur culture.&nbsp;&nbsp;<\/p>\n\n\n\n<p><\/p>\n","protected":false},"excerpt":{"rendered":"<p>Les Ph\u00e9nix de\u00a0l\u2019\u00e9cole Gabrielle-Roy ont sign\u00e9 leur premi\u00e8re victoire de la saison en l\u2019emportant 63\u201356 [&hellip;]<\/p>\n","protected":false},"author":18,"featured_media":15274,"comment_status":"closed","ping_status":"closed","sticky":false,"template":"","format":"standard","meta":{"_acf_changed":false,"footnotes":""},"categories":[44],"tags":[],"class_list":["post-15250","post","type-post","status-publish","format-standard","has-post-thumbnail","hentry","category-communaute"],"acf":[],"yoast_head":"<!-- This site is optimized with the Yoast SEO plugin v26.5 - https:\/\/yoast.com\/wordpress\/plugins\/seo\/ -->\n<title>Les Ph\u00e9nix de l\u2019\u00e9cole Gabrielle-Roy remportent leur premi\u00e8re victoire de la saison\u00a0 | Conseil scolaire francophone de la Colombie-Britannique<\/title>\n<meta name=\"robots\" content=\"index, follow, max-snippet:-1, max-image-preview:large, max-video-preview:-1\" \/>\n<link rel=\"canonical\" href=\"https:\/\/www.csf.bc.ca\/en\/2025\/12\/08\/les-phenix-de-lecole-gabrielle-roy-remportent-leur-premiere-victoire-de-la-saison\/\" \/>\n<meta property=\"og:locale\" content=\"en_US\" \/>\n<meta property=\"og:type\" content=\"article\" \/>\n<meta property=\"og:title\" content=\"Les Ph\u00e9nix de l\u2019\u00e9cole Gabrielle-Roy remportent leur premi\u00e8re victoire de la saison\u00a0 | Conseil scolaire francophone de la Colombie-Britannique\" \/>\n<meta property=\"og:description\" content=\"Les Ph\u00e9nix de\u00a0l\u2019\u00e9cole Gabrielle-Roy ont sign\u00e9 leur premi\u00e8re victoire de la saison en l\u2019emportant 63\u201356 [&hellip;]\" \/>\n<meta property=\"og:url\" content=\"https:\/\/www.csf.bc.ca\/en\/2025\/12\/08\/les-phenix-de-lecole-gabrielle-roy-remportent-leur-premiere-victoire-de-la-saison\/\" \/>\n<meta property=\"og:site_name\" content=\"Conseil scolaire francophone de la Colombie-Britannique\" \/>\n<meta property=\"article:published_time\" content=\"2025-12-08T19:05:56+00:00\" \/>\n<meta property=\"article:modified_time\" content=\"2025-12-18T17:17:56+00:00\" \/>\n<meta property=\"og:image\" content=\"https:\/\/www.csf.bc.ca\/wp-content\/uploads\/2022\/08\/csf-og-partage.jpg\" \/>\n\t<meta property=\"og:image:width\" content=\"1200\" \/>\n\t<meta property=\"og:image:height\" content=\"630\" \/>\n\t<meta property=\"og:image:type\" content=\"image\/jpeg\" \/>\n<meta name=\"author\" content=\"Rime_rharrass\" \/>\n<meta name=\"twitter:card\" content=\"summary_large_image\" \/>\n<meta name=\"twitter:label1\" content=\"Written by\" \/>\n\t<meta name=\"twitter:data1\" content=\"Rime_rharrass\" \/>\n\t<meta name=\"twitter:label2\" content=\"Est. reading time\" \/>\n\t<meta name=\"twitter:data2\" content=\"3 minutes\" \/>\n<script type=\"application\/ld+json\" class=\"yoast-schema-graph\">{\"@context\":\"https:\/\/schema.org\",\"@graph\":[{\"@type\":\"Article\",\"@id\":\"https:\/\/www.csf.bc.ca\/en\/2025\/12\/08\/les-phenix-de-lecole-gabrielle-roy-remportent-leur-premiere-victoire-de-la-saison\/#article\",\"isPartOf\":{\"@id\":\"https:\/\/www.csf.bc.ca\/en\/2025\/12\/08\/les-phenix-de-lecole-gabrielle-roy-remportent-leur-premiere-victoire-de-la-saison\/\"},\"author\":{\"name\":\"Rime_rharrass\",\"@id\":\"https:\/\/www.csf.bc.ca\/en\/#\/schema\/person\/e3555364b100effeade35bfeddced45f\"},\"headline\":\"Les Ph\u00e9nix de l\u2019\u00e9cole Gabrielle-Roy remportent leur premi\u00e8re victoire de la saison\u00a0\",\"datePublished\":\"2025-12-08T19:05:56+00:00\",\"dateModified\":\"2025-12-18T17:17:56+00:00\",\"mainEntityOfPage\":{\"@id\":\"https:\/\/www.csf.bc.ca\/en\/2025\/12\/08\/les-phenix-de-lecole-gabrielle-roy-remportent-leur-premiere-victoire-de-la-saison\/\"},\"wordCount\":423,\"publisher\":{\"@id\":\"https:\/\/www.csf.bc.ca\/en\/#organization\"},\"image\":{\"@id\":\"https:\/\/www.csf.bc.ca\/en\/2025\/12\/08\/les-phenix-de-lecole-gabrielle-roy-remportent-leur-premiere-victoire-de-la-saison\/#primaryimage\"},\"thumbnailUrl\":\"https:\/\/www.csf.bc.ca\/wp-content\/uploads\/2025\/12\/IMG_6685-scaled.jpg\",\"articleSection\":[\"Communaut\u00e9\"],\"inLanguage\":\"en-US\"},{\"@type\":\"WebPage\",\"@id\":\"https:\/\/www.csf.bc.ca\/en\/2025\/12\/08\/les-phenix-de-lecole-gabrielle-roy-remportent-leur-premiere-victoire-de-la-saison\/\",\"url\":\"https:\/\/www.csf.bc.ca\/en\/2025\/12\/08\/les-phenix-de-lecole-gabrielle-roy-remportent-leur-premiere-victoire-de-la-saison\/\",\"name\":\"Les Ph\u00e9nix de l\u2019\u00e9cole Gabrielle-Roy remportent leur premi\u00e8re victoire de la saison\u00a0 | Conseil scolaire francophone de la Colombie-Britannique\",\"isPartOf\":{\"@id\":\"https:\/\/www.csf.bc.ca\/en\/#website\"},\"primaryImageOfPage\":{\"@id\":\"https:\/\/www.csf.bc.ca\/en\/2025\/12\/08\/les-phenix-de-lecole-gabrielle-roy-remportent-leur-premiere-victoire-de-la-saison\/#primaryimage\"},\"image\":{\"@id\":\"https:\/\/www.csf.bc.ca\/en\/2025\/12\/08\/les-phenix-de-lecole-gabrielle-roy-remportent-leur-premiere-victoire-de-la-saison\/#primaryimage\"},\"thumbnailUrl\":\"https:\/\/www.csf.bc.ca\/wp-content\/uploads\/2025\/12\/IMG_6685-scaled.jpg\",\"datePublished\":\"2025-12-08T19:05:56+00:00\",\"dateModified\":\"2025-12-18T17:17:56+00:00\",\"breadcrumb\":{\"@id\":\"https:\/\/www.csf.bc.ca\/en\/2025\/12\/08\/les-phenix-de-lecole-gabrielle-roy-remportent-leur-premiere-victoire-de-la-saison\/#breadcrumb\"},\"inLanguage\":\"en-US\",\"potentialAction\":[{\"@type\":\"ReadAction\",\"target\":[\"https:\/\/www.csf.bc.ca\/en\/2025\/12\/08\/les-phenix-de-lecole-gabrielle-roy-remportent-leur-premiere-victoire-de-la-saison\/\"]}]},{\"@type\":\"ImageObject\",\"inLanguage\":\"en-US\",\"@id\":\"https:\/\/www.csf.bc.ca\/en\/2025\/12\/08\/les-phenix-de-lecole-gabrielle-roy-remportent-leur-premiere-victoire-de-la-saison\/#primaryimage\",\"url\":\"https:\/\/www.csf.bc.ca\/wp-content\/uploads\/2025\/12\/IMG_6685-scaled.jpg\",\"contentUrl\":\"https:\/\/www.csf.bc.ca\/wp-content\/uploads\/2025\/12\/IMG_6685-scaled.jpg\",\"width\":1920,\"height\":2560},{\"@type\":\"BreadcrumbList\",\"@id\":\"https:\/\/www.csf.bc.ca\/en\/2025\/12\/08\/les-phenix-de-lecole-gabrielle-roy-remportent-leur-premiere-victoire-de-la-saison\/#breadcrumb\",\"itemListElement\":[{\"@type\":\"ListItem\",\"position\":1,\"name\":\"Home\",\"item\":\"https:\/\/www.csf.bc.ca\/en\/\"},{\"@type\":\"ListItem\",\"position\":2,\"name\":\"Les Ph\u00e9nix de l\u2019\u00e9cole Gabrielle-Roy remportent leur premi\u00e8re victoire de la saison\u00a0\"}]},{\"@type\":\"WebSite\",\"@id\":\"https:\/\/www.csf.bc.ca\/en\/#website\",\"url\":\"https:\/\/www.csf.bc.ca\/en\/\",\"name\":\"Conseil scolaire francophone de la Colombie-Britannique\",\"description\":\"CSF\",\"publisher\":{\"@id\":\"https:\/\/www.csf.bc.ca\/en\/#organization\"},\"potentialAction\":[{\"@type\":\"SearchAction\",\"target\":{\"@type\":\"EntryPoint\",\"urlTemplate\":\"https:\/\/www.csf.bc.ca\/en\/?s={search_term_string}\"},\"query-input\":{\"@type\":\"PropertyValueSpecification\",\"valueRequired\":true,\"valueName\":\"search_term_string\"}}],\"inLanguage\":\"en-US\"},{\"@type\":\"Organization\",\"@id\":\"https:\/\/www.csf.bc.ca\/en\/#organization\",\"name\":\"Conseil scolaire francophone de la Colombie-Britannique\",\"url\":\"https:\/\/www.csf.bc.ca\/en\/\",\"logo\":{\"@type\":\"ImageObject\",\"inLanguage\":\"en-US\",\"@id\":\"https:\/\/www.csf.bc.ca\/en\/#\/schema\/logo\/image\/\",\"url\":\"https:\/\/www.csf.bc.ca\/wp-content\/uploads\/2022\/05\/csf-logoHoriz-desc-court-coul.svg\",\"contentUrl\":\"https:\/\/www.csf.bc.ca\/wp-content\/uploads\/2022\/05\/csf-logoHoriz-desc-court-coul.svg\",\"width\":842,\"height\":205,\"caption\":\"Conseil scolaire francophone de la Colombie-Britannique\"},\"image\":{\"@id\":\"https:\/\/www.csf.bc.ca\/en\/#\/schema\/logo\/image\/\"}},{\"@type\":\"Person\",\"@id\":\"https:\/\/www.csf.bc.ca\/en\/#\/schema\/person\/e3555364b100effeade35bfeddced45f\",\"name\":\"Rime_rharrass\",\"image\":{\"@type\":\"ImageObject\",\"inLanguage\":\"en-US\",\"@id\":\"https:\/\/www.csf.bc.ca\/en\/#\/schema\/person\/image\/\",\"url\":\"https:\/\/secure.gravatar.com\/avatar\/aff837962ae0e8be044f192def64a29bb077e6fa36a1997af1895f395b84883d?s=96&d=mm&r=g\",\"contentUrl\":\"https:\/\/secure.gravatar.com\/avatar\/aff837962ae0e8be044f192def64a29bb077e6fa36a1997af1895f395b84883d?s=96&d=mm&r=g\",\"caption\":\"Rime_rharrass\"},\"url\":\"https:\/\/www.csf.bc.ca\/en\/author\/rime_rharrass\/\"}]}<\/script>\n<!-- \/ Yoast SEO plugin. -->","yoast_head_json":{"title":"Les Ph\u00e9nix de l\u2019\u00e9cole Gabrielle-Roy remportent leur premi\u00e8re victoire de la saison\u00a0 | Conseil scolaire francophone de la Colombie-Britannique","robots":{"index":"index","follow":"follow","max-snippet":"max-snippet:-1","max-image-preview":"max-image-preview:large","max-video-preview":"max-video-preview:-1"},"canonical":"https:\/\/www.csf.bc.ca\/en\/2025\/12\/08\/les-phenix-de-lecole-gabrielle-roy-remportent-leur-premiere-victoire-de-la-saison\/","og_locale":"en_US","og_type":"article","og_title":"Les Ph\u00e9nix de l\u2019\u00e9cole Gabrielle-Roy remportent leur premi\u00e8re victoire de la saison\u00a0 | Conseil scolaire francophone de la Colombie-Britannique","og_description":"Les Ph\u00e9nix de\u00a0l\u2019\u00e9cole Gabrielle-Roy ont sign\u00e9 leur premi\u00e8re victoire de la saison en l\u2019emportant 63\u201356 [&hellip;]","og_url":"https:\/\/www.csf.bc.ca\/en\/2025\/12\/08\/les-phenix-de-lecole-gabrielle-roy-remportent-leur-premiere-victoire-de-la-saison\/","og_site_name":"Conseil scolaire francophone de la Colombie-Britannique","article_published_time":"2025-12-08T19:05:56+00:00","article_modified_time":"2025-12-18T17:17:56+00:00","og_image":[{"width":1200,"height":630,"url":"https:\/\/www.csf.bc.ca\/wp-content\/uploads\/2022\/08\/csf-og-partage.jpg","type":"image\/jpeg"}],"author":"Rime_rharrass","twitter_card":"summary_large_image","twitter_misc":{"Written by":"Rime_rharrass","Est. reading time":"3 minutes"},"schema":{"@context":"https:\/\/schema.org","@graph":[{"@type":"Article","@id":"https:\/\/www.csf.bc.ca\/en\/2025\/12\/08\/les-phenix-de-lecole-gabrielle-roy-remportent-leur-premiere-victoire-de-la-saison\/#article","isPartOf":{"@id":"https:\/\/www.csf.bc.ca\/en\/2025\/12\/08\/les-phenix-de-lecole-gabrielle-roy-remportent-leur-premiere-victoire-de-la-saison\/"},"author":{"name":"Rime_rharrass","@id":"https:\/\/www.csf.bc.ca\/en\/#\/schema\/person\/e3555364b100effeade35bfeddced45f"},"headline":"Les Ph\u00e9nix de l\u2019\u00e9cole Gabrielle-Roy remportent leur premi\u00e8re victoire de la saison\u00a0","datePublished":"2025-12-08T19:05:56+00:00","dateModified":"2025-12-18T17:17:56+00:00","mainEntityOfPage":{"@id":"https:\/\/www.csf.bc.ca\/en\/2025\/12\/08\/les-phenix-de-lecole-gabrielle-roy-remportent-leur-premiere-victoire-de-la-saison\/"},"wordCount":423,"publisher":{"@id":"https:\/\/www.csf.bc.ca\/en\/#organization"},"image":{"@id":"https:\/\/www.csf.bc.ca\/en\/2025\/12\/08\/les-phenix-de-lecole-gabrielle-roy-remportent-leur-premiere-victoire-de-la-saison\/#primaryimage"},"thumbnailUrl":"https:\/\/www.csf.bc.ca\/wp-content\/uploads\/2025\/12\/IMG_6685-scaled.jpg","articleSection":["Communaut\u00e9"],"inLanguage":"en-US"},{"@type":"WebPage","@id":"https:\/\/www.csf.bc.ca\/en\/2025\/12\/08\/les-phenix-de-lecole-gabrielle-roy-remportent-leur-premiere-victoire-de-la-saison\/","url":"https:\/\/www.csf.bc.ca\/en\/2025\/12\/08\/les-phenix-de-lecole-gabrielle-roy-remportent-leur-premiere-victoire-de-la-saison\/","name":"Les Ph\u00e9nix de l\u2019\u00e9cole Gabrielle-Roy remportent leur premi\u00e8re victoire de la saison\u00a0 | Conseil scolaire francophone de la Colombie-Britannique","isPartOf":{"@id":"https:\/\/www.csf.bc.ca\/en\/#website"},"primaryImageOfPage":{"@id":"https:\/\/www.csf.bc.ca\/en\/2025\/12\/08\/les-phenix-de-lecole-gabrielle-roy-remportent-leur-premiere-victoire-de-la-saison\/#primaryimage"},"image":{"@id":"https:\/\/www.csf.bc.ca\/en\/2025\/12\/08\/les-phenix-de-lecole-gabrielle-roy-remportent-leur-premiere-victoire-de-la-saison\/#primaryimage"},"thumbnailUrl":"https:\/\/www.csf.bc.ca\/wp-content\/uploads\/2025\/12\/IMG_6685-scaled.jpg","datePublished":"2025-12-08T19:05:56+00:00","dateModified":"2025-12-18T17:17:56+00:00","breadcrumb":{"@id":"https:\/\/www.csf.bc.ca\/en\/2025\/12\/08\/les-phenix-de-lecole-gabrielle-roy-remportent-leur-premiere-victoire-de-la-saison\/#breadcrumb"},"inLanguage":"en-US","potentialAction":[{"@type":"ReadAction","target":["https:\/\/www.csf.bc.ca\/en\/2025\/12\/08\/les-phenix-de-lecole-gabrielle-roy-remportent-leur-premiere-victoire-de-la-saison\/"]}]},{"@type":"ImageObject","inLanguage":"en-US","@id":"https:\/\/www.csf.bc.ca\/en\/2025\/12\/08\/les-phenix-de-lecole-gabrielle-roy-remportent-leur-premiere-victoire-de-la-saison\/#primaryimage","url":"https:\/\/www.csf.bc.ca\/wp-content\/uploads\/2025\/12\/IMG_6685-scaled.jpg","contentUrl":"https:\/\/www.csf.bc.ca\/wp-content\/uploads\/2025\/12\/IMG_6685-scaled.jpg","width":1920,"height":2560},{"@type":"BreadcrumbList","@id":"https:\/\/www.csf.bc.ca\/en\/2025\/12\/08\/les-phenix-de-lecole-gabrielle-roy-remportent-leur-premiere-victoire-de-la-saison\/#breadcrumb","itemListElement":[{"@type":"ListItem","position":1,"name":"Home","item":"https:\/\/www.csf.bc.ca\/en\/"},{"@type":"ListItem","position":2,"name":"Les Ph\u00e9nix de l\u2019\u00e9cole Gabrielle-Roy remportent leur premi\u00e8re victoire de la saison\u00a0"}]},{"@type":"WebSite","@id":"https:\/\/www.csf.bc.ca\/en\/#website","url":"https:\/\/www.csf.bc.ca\/en\/","name":"Conseil scolaire francophone de la Colombie-Britannique","description":"CSF","publisher":{"@id":"https:\/\/www.csf.bc.ca\/en\/#organization"},"potentialAction":[{"@type":"SearchAction","target":{"@type":"EntryPoint","urlTemplate":"https:\/\/www.csf.bc.ca\/en\/?s={search_term_string}"},"query-input":{"@type":"PropertyValueSpecification","valueRequired":true,"valueName":"search_term_string"}}],"inLanguage":"en-US"},{"@type":"Organization","@id":"https:\/\/www.csf.bc.ca\/en\/#organization","name":"Conseil scolaire francophone de la Colombie-Britannique","url":"https:\/\/www.csf.bc.ca\/en\/","logo":{"@type":"ImageObject","inLanguage":"en-US","@id":"https:\/\/www.csf.bc.ca\/en\/#\/schema\/logo\/image\/","url":"https:\/\/www.csf.bc.ca\/wp-content\/uploads\/2022\/05\/csf-logoHoriz-desc-court-coul.svg","contentUrl":"https:\/\/www.csf.bc.ca\/wp-content\/uploads\/2022\/05\/csf-logoHoriz-desc-court-coul.svg","width":842,"height":205,"caption":"Conseil scolaire francophone de la Colombie-Britannique"},"image":{"@id":"https:\/\/www.csf.bc.ca\/en\/#\/schema\/logo\/image\/"}},{"@type":"Person","@id":"https:\/\/www.csf.bc.ca\/en\/#\/schema\/person\/e3555364b100effeade35bfeddced45f","name":"Rime_rharrass","image":{"@type":"ImageObject","inLanguage":"en-US","@id":"https:\/\/www.csf.bc.ca\/en\/#\/schema\/person\/image\/","url":"https:\/\/secure.gravatar.com\/avatar\/aff837962ae0e8be044f192def64a29bb077e6fa36a1997af1895f395b84883d?s=96&d=mm&r=g","contentUrl":"https:\/\/secure.gravatar.com\/avatar\/aff837962ae0e8be044f192def64a29bb077e6fa36a1997af1895f395b84883d?s=96&d=mm&r=g","caption":"Rime_rharrass"},"url":"https:\/\/www.csf.bc.ca\/en\/author\/rime_rharrass\/"}]}},"_links":{"self":[{"href":"https:\/\/www.csf.bc.ca\/en\/wp-json\/wp\/v2\/posts\/15250","targetHints":{"allow":["GET"]}}],"collection":[{"href":"https:\/\/www.csf.bc.ca\/en\/wp-json\/wp\/v2\/posts"}],"about":[{"href":"https:\/\/www.csf.bc.ca\/en\/wp-json\/wp\/v2\/types\/post"}],"author":[{"embeddable":true,"href":"https:\/\/www.csf.bc.ca\/en\/wp-json\/wp\/v2\/users\/18"}],"replies":[{"embeddable":true,"href":"https:\/\/www.csf.bc.ca\/en\/wp-json\/wp\/v2\/comments?post=15250"}],"version-history":[{"count":6,"href":"https:\/\/www.csf.bc.ca\/en\/wp-json\/wp\/v2\/posts\/15250\/revisions"}],"predecessor-version":[{"id":15328,"href":"https:\/\/www.csf.bc.ca\/en\/wp-json\/wp\/v2\/posts\/15250\/revisions\/15328"}],"wp:featuredmedia":[{"embeddable":true,"href":"https:\/\/www.csf.bc.ca\/en\/wp-json\/wp\/v2\/media\/15274"}],"wp:attachment":[{"href":"https:\/\/www.csf.bc.ca\/en\/wp-json\/wp\/v2\/media?parent=15250"}],"wp:term":[{"taxonomy":"category","embeddable":true,"href":"https:\/\/www.csf.bc.ca\/en\/wp-json\/wp\/v2\/categories?post=15250"},{"taxonomy":"post_tag","embeddable":true,"href":"https:\/\/www.csf.bc.ca\/en\/wp-json\/wp\/v2\/tags?post=15250"}],"curies":[{"name":"wp","href":"https:\/\/api.w.org\/{rel}","templated":true}]}}