{"id":15770,"date":"2026-01-15T09:58:39","date_gmt":"2026-01-15T17:58:39","guid":{"rendered":"https:\/\/www.csf.bc.ca\/?p=15770"},"modified":"2026-01-26T12:50:46","modified_gmt":"2026-01-26T20:50:46","slug":"le-csf-rend-hommage-au-dr-jude-mary-cenat-et-aux-contributions-des-communautes-noires","status":"publish","type":"post","link":"https:\/\/www.csf.bc.ca\/en\/2026\/01\/15\/le-csf-rend-hommage-au-dr-jude-mary-cenat-et-aux-contributions-des-communautes-noires\/","title":{"rendered":"Le CSF rend hommage au Dr Jude Mary\u00a0C\u00e9nat\u00a0et aux contributions des communaut\u00e9s noires\u00a0"},"content":{"rendered":"\n<p>Le&nbsp;Conseil scolaire francophone (CSF)&nbsp;souligne la&nbsp;Journ\u00e9e de l\u2019excellence des personnes Noires&nbsp;en rendant hommage \u00e0 une voix marquante du milieu scientifique et \u00e9ducatif : le&nbsp;Dr Jude Mary&nbsp;C\u00e9nat.&nbsp;<\/p>\n\n\n\n<p id=\"Ninandotoo-Society\">La\u00a0Journ\u00e9e de l\u2019excellence des personnes Noires\u00a0est une initiative de\u00a0<a href=\"https:\/\/blackexcellenceday.ca\/index.php\/about-us\/\">Ninandotoo\u00a0Society<\/a>\u00a0visant \u00e0 mettre en lumi\u00e8re les luttes pass\u00e9es et pr\u00e9sentes pour les droits civiques des personnes Noires et\u00a0racis\u00e9es\u00a0au Canada. Cette journ\u00e9e permet \u00e9galement de c\u00e9l\u00e9brer les nombreuses r\u00e9alisations des personnes Noires, de favoriser l\u2019\u00e9ducation antiraciste et d\u2019encourager le dialogue autour de la d\u00e9fense des droits des\u00a0personnes Autochtones, Noires et racis\u00e9es.\u00a0<\/p>\n\n\n\n<p>C\u2019est dans cet esprit que le CSF a souhait\u00e9 souligner cette journ\u00e9e en mettant en valeur la contribution du Dr Jude Mary&nbsp;C\u00e9nat, invit\u00e9 lors de la&nbsp;Journ\u00e9e antiracisme organis\u00e9e par le CSF en novembre dernier. Sa pr\u00e9sence a offert \u00e0 la communaut\u00e9 scolaire bien plus qu\u2019une conf\u00e9rence : un moment de r\u00e9flexion collective profond\u00e9ment ancr\u00e9 dans l\u2019\u00e9coute, la compr\u00e9hension et la responsabilit\u00e9 partag\u00e9e. Cette journ\u00e9e a \u00e9t\u00e9 l\u2019occasion de pr\u00e9senter le Dr&nbsp;C\u00e9nat&nbsp;\u00e0 l\u2019ensemble de la communaut\u00e9 du CSF et de favoriser la rencontre avec un chercheur dont l\u2019expertise, la rigueur et l\u2019humanit\u00e9 contribuent concr\u00e8tement \u00e0 faire \u00e9voluer les pratiques \u00e9ducatives et institutionnelles.&nbsp;<\/p>\n\n\n\n<p>Professeur titulaire \u00e0 l\u2019\u00c9cole de psychologie de l\u2019Universit\u00e9 d\u2019Ottawa, directeur du&nbsp;Centre interdisciplinaire de sant\u00e9 des&nbsp;Noir.e.s&nbsp;et du&nbsp;Laboratoire de recherche sur la vuln\u00e9rabilit\u00e9, le traumatisme, la r\u00e9silience et la culture (V-TRaC&nbsp;Lab), le Dr&nbsp;C\u00e9nat&nbsp;est \u00e9galement titulaire de la&nbsp;Chaire de recherche de l\u2019Universit\u00e9 d\u2019Ottawa sur la sant\u00e9 des personnes noires. Son programme de recherche porte sur les facteurs li\u00e9s \u00e0 la vuln\u00e9rabilit\u00e9, au traumatisme et \u00e0 la r\u00e9silience, avec une attention particuli\u00e8re aux dimensions culturelles, aux disparit\u00e9s raciales en sant\u00e9 et aux services sociaux, ainsi qu\u2019\u00e0 la sant\u00e9 mentale globale.&nbsp;<\/p>\n\n\n\n<p><a href=\"https:\/\/scholar.google.com\/citations?user=TDo9_kwAAAAJ&amp;hl=en\">Ses travaux, men\u00e9s au Canada et \u00e0 l\u2019international<\/a>, ont permis de documenter pour la premi\u00e8re fois la pr\u00e9valence de la d\u00e9pression, de l\u2019anxi\u00e9t\u00e9, du trouble de stress post-traumatique et d\u2019autres enjeux de sant\u00e9 mentale au sein des communaut\u00e9s noires au Canada. Avec son \u00e9quipe, il a \u00e9galement d\u00e9velopp\u00e9 des formations en ligne destin\u00e9es aux\u00a0professionnel\u00b7le\u00b7s\u00a0de la sant\u00e9 mentale afin de soutenir des pratiques culturellement adapt\u00e9es et antiracistes.\u00a0<\/p>\n\n\n\n<p>Lors de sa pr\u00e9sentation intitul\u00e9e&nbsp;<em>\u00ab Quand l\u2019\u00e9cole blesse : comprendre le racisme dans le contexte scolaire et s\u2019engager dans l\u2019antiracisme \u00bb<\/em>, le Dr&nbsp;C\u00e9nat&nbsp;a rappel\u00e9 que, si la race n\u2019a pas de fondement biologique, elle demeure une construction sociale qui fa\u00e7onne concr\u00e8tement les exp\u00e9riences v\u00e9cues par les personnes&nbsp;racis\u00e9es. Il a mis en lumi\u00e8re le caract\u00e8re syst\u00e9mique du racisme, soulignant que celui-ci ne se limite pas \u00e0 des comportements individuels, mais s\u2019inscrit dans des institutions, dont l\u2019\u00e9cole, qui devrait pourtant \u00eatre un levier d\u2019ascension sociale.&nbsp;<\/p>\n\n\n\n<p>Il a \u00e9galement insist\u00e9 sur les impacts r\u00e9els du racisme sur la sant\u00e9 mentale et physique, sur le fait que les enfants ne naissent pas racistes, et sur l\u2019importance de d\u00e9passer la simple posture de \u00ab non-racisme \u00bb pour adopter une d\u00e9marche activement antiraciste, fond\u00e9e sur l\u2019action, l\u2019introspection et la remise en question. Son intervention a invit\u00e9 chaque personne pr\u00e9sente \u00e0 r\u00e9fl\u00e9chir \u00e0 ses propres biais et \u00e0 sa responsabilit\u00e9 au sein de syst\u00e8mes qui peuvent, parfois malgr\u00e9 nous, perp\u00e9tuer des in\u00e9galit\u00e9s, dans un esprit de bienveillance et d\u2019humilit\u00e9 culturelle.&nbsp;<\/p>\n\n\n\n<p>En soulignant la Journ\u00e9e de l\u2019excellence des personnes Noires, le CSF rend hommage \u00e0 la contribution exceptionnelle du Dr Jude Mary&nbsp;C\u00e9nat&nbsp;tout en r\u00e9affirmant son engagement \u00e0 amplifier les voix et les savoirs des personnes Noires et&nbsp;racis\u00e9es. En ce 15 janvier, cette d\u00e9marche traduit une volont\u00e9 collective d\u2019apprendre avec humilit\u00e9, de soutenir les personnes touch\u00e9es par la discrimination et de faire vivre ces apprentissages au quotidien aupr\u00e8s des \u00e9l\u00e8ves, des familles et du personnel, aujourd\u2019hui et pour l\u2019avenir.&nbsp;<\/p>\n","protected":false},"excerpt":{"rendered":"<p>Le&nbsp;Conseil scolaire francophone (CSF)&nbsp;souligne la&nbsp;Journ\u00e9e de l\u2019excellence des personnes Noires&nbsp;en rendant hommage \u00e0 une voix [&hellip;]<\/p>\n","protected":false},"author":18,"featured_media":15774,"comment_status":"closed","ping_status":"closed","sticky":false,"template":"","format":"standard","meta":{"_acf_changed":false,"footnotes":""},"categories":[44],"tags":[],"class_list":["post-15770","post","type-post","status-publish","format-standard","has-post-thumbnail","hentry","category-communaute"],"acf":[],"yoast_head":"<!-- This site is optimized with the Yoast SEO plugin v26.5 - https:\/\/yoast.com\/wordpress\/plugins\/seo\/ -->\n<title>Le CSF rend hommage au Dr Jude Mary\u00a0C\u00e9nat\u00a0et aux contributions des communaut\u00e9s noires\u00a0 | Conseil scolaire francophone de la Colombie-Britannique<\/title>\n<meta name=\"robots\" content=\"index, follow, max-snippet:-1, max-image-preview:large, max-video-preview:-1\" \/>\n<link rel=\"canonical\" href=\"https:\/\/www.csf.bc.ca\/en\/2026\/01\/15\/le-csf-rend-hommage-au-dr-jude-mary-cenat-et-aux-contributions-des-communautes-noires\/\" \/>\n<meta property=\"og:locale\" content=\"en_US\" \/>\n<meta property=\"og:type\" content=\"article\" \/>\n<meta property=\"og:title\" content=\"Le CSF rend hommage au Dr Jude Mary\u00a0C\u00e9nat\u00a0et aux contributions des communaut\u00e9s noires\u00a0 | Conseil scolaire francophone de la Colombie-Britannique\" \/>\n<meta property=\"og:description\" content=\"Le&nbsp;Conseil scolaire francophone (CSF)&nbsp;souligne la&nbsp;Journ\u00e9e de l\u2019excellence des personnes Noires&nbsp;en rendant hommage \u00e0 une voix [&hellip;]\" \/>\n<meta property=\"og:url\" content=\"https:\/\/www.csf.bc.ca\/en\/2026\/01\/15\/le-csf-rend-hommage-au-dr-jude-mary-cenat-et-aux-contributions-des-communautes-noires\/\" \/>\n<meta property=\"og:site_name\" content=\"Conseil scolaire francophone de la Colombie-Britannique\" \/>\n<meta property=\"article:published_time\" content=\"2026-01-15T17:58:39+00:00\" \/>\n<meta property=\"article:modified_time\" content=\"2026-01-26T20:50:46+00:00\" \/>\n<meta property=\"og:image\" content=\"https:\/\/www.csf.bc.ca\/wp-content\/uploads\/2026\/01\/dr-judy-e1769460553239.jpg\" \/>\n\t<meta property=\"og:image:width\" content=\"288\" \/>\n\t<meta property=\"og:image:height\" content=\"318\" \/>\n\t<meta property=\"og:image:type\" content=\"image\/jpeg\" \/>\n<meta name=\"author\" content=\"Rime_rharrass\" \/>\n<meta name=\"twitter:card\" content=\"summary_large_image\" \/>\n<meta name=\"twitter:label1\" content=\"Written by\" \/>\n\t<meta name=\"twitter:data1\" content=\"Rime_rharrass\" \/>\n\t<meta name=\"twitter:label2\" content=\"Est. reading time\" \/>\n\t<meta name=\"twitter:data2\" content=\"4 minutes\" \/>\n<script type=\"application\/ld+json\" class=\"yoast-schema-graph\">{\"@context\":\"https:\/\/schema.org\",\"@graph\":[{\"@type\":\"Article\",\"@id\":\"https:\/\/www.csf.bc.ca\/en\/2026\/01\/15\/le-csf-rend-hommage-au-dr-jude-mary-cenat-et-aux-contributions-des-communautes-noires\/#article\",\"isPartOf\":{\"@id\":\"https:\/\/www.csf.bc.ca\/en\/2026\/01\/15\/le-csf-rend-hommage-au-dr-jude-mary-cenat-et-aux-contributions-des-communautes-noires\/\"},\"author\":{\"name\":\"Rime_rharrass\",\"@id\":\"https:\/\/www.csf.bc.ca\/en\/#\/schema\/person\/e3555364b100effeade35bfeddced45f\"},\"headline\":\"Le CSF rend hommage au Dr Jude Mary\u00a0C\u00e9nat\u00a0et aux contributions des communaut\u00e9s noires\u00a0\",\"datePublished\":\"2026-01-15T17:58:39+00:00\",\"dateModified\":\"2026-01-26T20:50:46+00:00\",\"mainEntityOfPage\":{\"@id\":\"https:\/\/www.csf.bc.ca\/en\/2026\/01\/15\/le-csf-rend-hommage-au-dr-jude-mary-cenat-et-aux-contributions-des-communautes-noires\/\"},\"wordCount\":758,\"publisher\":{\"@id\":\"https:\/\/www.csf.bc.ca\/en\/#organization\"},\"image\":{\"@id\":\"https:\/\/www.csf.bc.ca\/en\/2026\/01\/15\/le-csf-rend-hommage-au-dr-jude-mary-cenat-et-aux-contributions-des-communautes-noires\/#primaryimage\"},\"thumbnailUrl\":\"https:\/\/www.csf.bc.ca\/wp-content\/uploads\/2026\/01\/dr-judy-e1769460553239.jpg\",\"articleSection\":[\"Communaut\u00e9\"],\"inLanguage\":\"en-US\"},{\"@type\":\"WebPage\",\"@id\":\"https:\/\/www.csf.bc.ca\/en\/2026\/01\/15\/le-csf-rend-hommage-au-dr-jude-mary-cenat-et-aux-contributions-des-communautes-noires\/\",\"url\":\"https:\/\/www.csf.bc.ca\/en\/2026\/01\/15\/le-csf-rend-hommage-au-dr-jude-mary-cenat-et-aux-contributions-des-communautes-noires\/\",\"name\":\"Le CSF rend hommage au Dr Jude Mary\u00a0C\u00e9nat\u00a0et aux contributions des communaut\u00e9s noires\u00a0 | Conseil scolaire francophone de la Colombie-Britannique\",\"isPartOf\":{\"@id\":\"https:\/\/www.csf.bc.ca\/en\/#website\"},\"primaryImageOfPage\":{\"@id\":\"https:\/\/www.csf.bc.ca\/en\/2026\/01\/15\/le-csf-rend-hommage-au-dr-jude-mary-cenat-et-aux-contributions-des-communautes-noires\/#primaryimage\"},\"image\":{\"@id\":\"https:\/\/www.csf.bc.ca\/en\/2026\/01\/15\/le-csf-rend-hommage-au-dr-jude-mary-cenat-et-aux-contributions-des-communautes-noires\/#primaryimage\"},\"thumbnailUrl\":\"https:\/\/www.csf.bc.ca\/wp-content\/uploads\/2026\/01\/dr-judy-e1769460553239.jpg\",\"datePublished\":\"2026-01-15T17:58:39+00:00\",\"dateModified\":\"2026-01-26T20:50:46+00:00\",\"breadcrumb\":{\"@id\":\"https:\/\/www.csf.bc.ca\/en\/2026\/01\/15\/le-csf-rend-hommage-au-dr-jude-mary-cenat-et-aux-contributions-des-communautes-noires\/#breadcrumb\"},\"inLanguage\":\"en-US\",\"potentialAction\":[{\"@type\":\"ReadAction\",\"target\":[\"https:\/\/www.csf.bc.ca\/en\/2026\/01\/15\/le-csf-rend-hommage-au-dr-jude-mary-cenat-et-aux-contributions-des-communautes-noires\/\"]}]},{\"@type\":\"ImageObject\",\"inLanguage\":\"en-US\",\"@id\":\"https:\/\/www.csf.bc.ca\/en\/2026\/01\/15\/le-csf-rend-hommage-au-dr-jude-mary-cenat-et-aux-contributions-des-communautes-noires\/#primaryimage\",\"url\":\"https:\/\/www.csf.bc.ca\/wp-content\/uploads\/2026\/01\/dr-judy-e1769460553239.jpg\",\"contentUrl\":\"https:\/\/www.csf.bc.ca\/wp-content\/uploads\/2026\/01\/dr-judy-e1769460553239.jpg\",\"width\":288,\"height\":318},{\"@type\":\"BreadcrumbList\",\"@id\":\"https:\/\/www.csf.bc.ca\/en\/2026\/01\/15\/le-csf-rend-hommage-au-dr-jude-mary-cenat-et-aux-contributions-des-communautes-noires\/#breadcrumb\",\"itemListElement\":[{\"@type\":\"ListItem\",\"position\":1,\"name\":\"Home\",\"item\":\"https:\/\/www.csf.bc.ca\/en\/\"},{\"@type\":\"ListItem\",\"position\":2,\"name\":\"Le CSF rend hommage au Dr Jude Mary\u00a0C\u00e9nat\u00a0et aux contributions des communaut\u00e9s noires\u00a0\"}]},{\"@type\":\"WebSite\",\"@id\":\"https:\/\/www.csf.bc.ca\/en\/#website\",\"url\":\"https:\/\/www.csf.bc.ca\/en\/\",\"name\":\"Conseil scolaire francophone de la Colombie-Britannique\",\"description\":\"CSF\",\"publisher\":{\"@id\":\"https:\/\/www.csf.bc.ca\/en\/#organization\"},\"potentialAction\":[{\"@type\":\"SearchAction\",\"target\":{\"@type\":\"EntryPoint\",\"urlTemplate\":\"https:\/\/www.csf.bc.ca\/en\/?s={search_term_string}\"},\"query-input\":{\"@type\":\"PropertyValueSpecification\",\"valueRequired\":true,\"valueName\":\"search_term_string\"}}],\"inLanguage\":\"en-US\"},{\"@type\":\"Organization\",\"@id\":\"https:\/\/www.csf.bc.ca\/en\/#organization\",\"name\":\"Conseil scolaire francophone de la Colombie-Britannique\",\"url\":\"https:\/\/www.csf.bc.ca\/en\/\",\"logo\":{\"@type\":\"ImageObject\",\"inLanguage\":\"en-US\",\"@id\":\"https:\/\/www.csf.bc.ca\/en\/#\/schema\/logo\/image\/\",\"url\":\"https:\/\/www.csf.bc.ca\/wp-content\/uploads\/2022\/05\/csf-logoHoriz-desc-court-coul.svg\",\"contentUrl\":\"https:\/\/www.csf.bc.ca\/wp-content\/uploads\/2022\/05\/csf-logoHoriz-desc-court-coul.svg\",\"width\":842,\"height\":205,\"caption\":\"Conseil scolaire francophone de la Colombie-Britannique\"},\"image\":{\"@id\":\"https:\/\/www.csf.bc.ca\/en\/#\/schema\/logo\/image\/\"}},{\"@type\":\"Person\",\"@id\":\"https:\/\/www.csf.bc.ca\/en\/#\/schema\/person\/e3555364b100effeade35bfeddced45f\",\"name\":\"Rime_rharrass\",\"image\":{\"@type\":\"ImageObject\",\"inLanguage\":\"en-US\",\"@id\":\"https:\/\/www.csf.bc.ca\/en\/#\/schema\/person\/image\/\",\"url\":\"https:\/\/secure.gravatar.com\/avatar\/aff837962ae0e8be044f192def64a29bb077e6fa36a1997af1895f395b84883d?s=96&d=mm&r=g\",\"contentUrl\":\"https:\/\/secure.gravatar.com\/avatar\/aff837962ae0e8be044f192def64a29bb077e6fa36a1997af1895f395b84883d?s=96&d=mm&r=g\",\"caption\":\"Rime_rharrass\"},\"url\":\"https:\/\/www.csf.bc.ca\/en\/author\/rime_rharrass\/\"}]}<\/script>\n<!-- \/ Yoast SEO plugin. -->","yoast_head_json":{"title":"Le CSF rend hommage au Dr Jude Mary\u00a0C\u00e9nat\u00a0et aux contributions des communaut\u00e9s noires\u00a0 | Conseil scolaire francophone de la Colombie-Britannique","robots":{"index":"index","follow":"follow","max-snippet":"max-snippet:-1","max-image-preview":"max-image-preview:large","max-video-preview":"max-video-preview:-1"},"canonical":"https:\/\/www.csf.bc.ca\/en\/2026\/01\/15\/le-csf-rend-hommage-au-dr-jude-mary-cenat-et-aux-contributions-des-communautes-noires\/","og_locale":"en_US","og_type":"article","og_title":"Le CSF rend hommage au Dr Jude Mary\u00a0C\u00e9nat\u00a0et aux contributions des communaut\u00e9s noires\u00a0 | Conseil scolaire francophone de la Colombie-Britannique","og_description":"Le&nbsp;Conseil scolaire francophone (CSF)&nbsp;souligne la&nbsp;Journ\u00e9e de l\u2019excellence des personnes Noires&nbsp;en rendant hommage \u00e0 une voix [&hellip;]","og_url":"https:\/\/www.csf.bc.ca\/en\/2026\/01\/15\/le-csf-rend-hommage-au-dr-jude-mary-cenat-et-aux-contributions-des-communautes-noires\/","og_site_name":"Conseil scolaire francophone de la Colombie-Britannique","article_published_time":"2026-01-15T17:58:39+00:00","article_modified_time":"2026-01-26T20:50:46+00:00","og_image":[{"width":288,"height":318,"url":"https:\/\/www.csf.bc.ca\/wp-content\/uploads\/2026\/01\/dr-judy-e1769460553239.jpg","type":"image\/jpeg"}],"author":"Rime_rharrass","twitter_card":"summary_large_image","twitter_misc":{"Written by":"Rime_rharrass","Est. reading time":"4 minutes"},"schema":{"@context":"https:\/\/schema.org","@graph":[{"@type":"Article","@id":"https:\/\/www.csf.bc.ca\/en\/2026\/01\/15\/le-csf-rend-hommage-au-dr-jude-mary-cenat-et-aux-contributions-des-communautes-noires\/#article","isPartOf":{"@id":"https:\/\/www.csf.bc.ca\/en\/2026\/01\/15\/le-csf-rend-hommage-au-dr-jude-mary-cenat-et-aux-contributions-des-communautes-noires\/"},"author":{"name":"Rime_rharrass","@id":"https:\/\/www.csf.bc.ca\/en\/#\/schema\/person\/e3555364b100effeade35bfeddced45f"},"headline":"Le CSF rend hommage au Dr Jude Mary\u00a0C\u00e9nat\u00a0et aux contributions des communaut\u00e9s noires\u00a0","datePublished":"2026-01-15T17:58:39+00:00","dateModified":"2026-01-26T20:50:46+00:00","mainEntityOfPage":{"@id":"https:\/\/www.csf.bc.ca\/en\/2026\/01\/15\/le-csf-rend-hommage-au-dr-jude-mary-cenat-et-aux-contributions-des-communautes-noires\/"},"wordCount":758,"publisher":{"@id":"https:\/\/www.csf.bc.ca\/en\/#organization"},"image":{"@id":"https:\/\/www.csf.bc.ca\/en\/2026\/01\/15\/le-csf-rend-hommage-au-dr-jude-mary-cenat-et-aux-contributions-des-communautes-noires\/#primaryimage"},"thumbnailUrl":"https:\/\/www.csf.bc.ca\/wp-content\/uploads\/2026\/01\/dr-judy-e1769460553239.jpg","articleSection":["Communaut\u00e9"],"inLanguage":"en-US"},{"@type":"WebPage","@id":"https:\/\/www.csf.bc.ca\/en\/2026\/01\/15\/le-csf-rend-hommage-au-dr-jude-mary-cenat-et-aux-contributions-des-communautes-noires\/","url":"https:\/\/www.csf.bc.ca\/en\/2026\/01\/15\/le-csf-rend-hommage-au-dr-jude-mary-cenat-et-aux-contributions-des-communautes-noires\/","name":"Le CSF rend hommage au Dr Jude Mary\u00a0C\u00e9nat\u00a0et aux contributions des communaut\u00e9s noires\u00a0 | Conseil scolaire francophone de la Colombie-Britannique","isPartOf":{"@id":"https:\/\/www.csf.bc.ca\/en\/#website"},"primaryImageOfPage":{"@id":"https:\/\/www.csf.bc.ca\/en\/2026\/01\/15\/le-csf-rend-hommage-au-dr-jude-mary-cenat-et-aux-contributions-des-communautes-noires\/#primaryimage"},"image":{"@id":"https:\/\/www.csf.bc.ca\/en\/2026\/01\/15\/le-csf-rend-hommage-au-dr-jude-mary-cenat-et-aux-contributions-des-communautes-noires\/#primaryimage"},"thumbnailUrl":"https:\/\/www.csf.bc.ca\/wp-content\/uploads\/2026\/01\/dr-judy-e1769460553239.jpg","datePublished":"2026-01-15T17:58:39+00:00","dateModified":"2026-01-26T20:50:46+00:00","breadcrumb":{"@id":"https:\/\/www.csf.bc.ca\/en\/2026\/01\/15\/le-csf-rend-hommage-au-dr-jude-mary-cenat-et-aux-contributions-des-communautes-noires\/#breadcrumb"},"inLanguage":"en-US","potentialAction":[{"@type":"ReadAction","target":["https:\/\/www.csf.bc.ca\/en\/2026\/01\/15\/le-csf-rend-hommage-au-dr-jude-mary-cenat-et-aux-contributions-des-communautes-noires\/"]}]},{"@type":"ImageObject","inLanguage":"en-US","@id":"https:\/\/www.csf.bc.ca\/en\/2026\/01\/15\/le-csf-rend-hommage-au-dr-jude-mary-cenat-et-aux-contributions-des-communautes-noires\/#primaryimage","url":"https:\/\/www.csf.bc.ca\/wp-content\/uploads\/2026\/01\/dr-judy-e1769460553239.jpg","contentUrl":"https:\/\/www.csf.bc.ca\/wp-content\/uploads\/2026\/01\/dr-judy-e1769460553239.jpg","width":288,"height":318},{"@type":"BreadcrumbList","@id":"https:\/\/www.csf.bc.ca\/en\/2026\/01\/15\/le-csf-rend-hommage-au-dr-jude-mary-cenat-et-aux-contributions-des-communautes-noires\/#breadcrumb","itemListElement":[{"@type":"ListItem","position":1,"name":"Home","item":"https:\/\/www.csf.bc.ca\/en\/"},{"@type":"ListItem","position":2,"name":"Le CSF rend hommage au Dr Jude Mary\u00a0C\u00e9nat\u00a0et aux contributions des communaut\u00e9s noires\u00a0"}]},{"@type":"WebSite","@id":"https:\/\/www.csf.bc.ca\/en\/#website","url":"https:\/\/www.csf.bc.ca\/en\/","name":"Conseil scolaire francophone de la Colombie-Britannique","description":"CSF","publisher":{"@id":"https:\/\/www.csf.bc.ca\/en\/#organization"},"potentialAction":[{"@type":"SearchAction","target":{"@type":"EntryPoint","urlTemplate":"https:\/\/www.csf.bc.ca\/en\/?s={search_term_string}"},"query-input":{"@type":"PropertyValueSpecification","valueRequired":true,"valueName":"search_term_string"}}],"inLanguage":"en-US"},{"@type":"Organization","@id":"https:\/\/www.csf.bc.ca\/en\/#organization","name":"Conseil scolaire francophone de la Colombie-Britannique","url":"https:\/\/www.csf.bc.ca\/en\/","logo":{"@type":"ImageObject","inLanguage":"en-US","@id":"https:\/\/www.csf.bc.ca\/en\/#\/schema\/logo\/image\/","url":"https:\/\/www.csf.bc.ca\/wp-content\/uploads\/2022\/05\/csf-logoHoriz-desc-court-coul.svg","contentUrl":"https:\/\/www.csf.bc.ca\/wp-content\/uploads\/2022\/05\/csf-logoHoriz-desc-court-coul.svg","width":842,"height":205,"caption":"Conseil scolaire francophone de la Colombie-Britannique"},"image":{"@id":"https:\/\/www.csf.bc.ca\/en\/#\/schema\/logo\/image\/"}},{"@type":"Person","@id":"https:\/\/www.csf.bc.ca\/en\/#\/schema\/person\/e3555364b100effeade35bfeddced45f","name":"Rime_rharrass","image":{"@type":"ImageObject","inLanguage":"en-US","@id":"https:\/\/www.csf.bc.ca\/en\/#\/schema\/person\/image\/","url":"https:\/\/secure.gravatar.com\/avatar\/aff837962ae0e8be044f192def64a29bb077e6fa36a1997af1895f395b84883d?s=96&d=mm&r=g","contentUrl":"https:\/\/secure.gravatar.com\/avatar\/aff837962ae0e8be044f192def64a29bb077e6fa36a1997af1895f395b84883d?s=96&d=mm&r=g","caption":"Rime_rharrass"},"url":"https:\/\/www.csf.bc.ca\/en\/author\/rime_rharrass\/"}]}},"_links":{"self":[{"href":"https:\/\/www.csf.bc.ca\/en\/wp-json\/wp\/v2\/posts\/15770","targetHints":{"allow":["GET"]}}],"collection":[{"href":"https:\/\/www.csf.bc.ca\/en\/wp-json\/wp\/v2\/posts"}],"about":[{"href":"https:\/\/www.csf.bc.ca\/en\/wp-json\/wp\/v2\/types\/post"}],"author":[{"embeddable":true,"href":"https:\/\/www.csf.bc.ca\/en\/wp-json\/wp\/v2\/users\/18"}],"replies":[{"embeddable":true,"href":"https:\/\/www.csf.bc.ca\/en\/wp-json\/wp\/v2\/comments?post=15770"}],"version-history":[{"count":2,"href":"https:\/\/www.csf.bc.ca\/en\/wp-json\/wp\/v2\/posts\/15770\/revisions"}],"predecessor-version":[{"id":15777,"href":"https:\/\/www.csf.bc.ca\/en\/wp-json\/wp\/v2\/posts\/15770\/revisions\/15777"}],"wp:featuredmedia":[{"embeddable":true,"href":"https:\/\/www.csf.bc.ca\/en\/wp-json\/wp\/v2\/media\/15774"}],"wp:attachment":[{"href":"https:\/\/www.csf.bc.ca\/en\/wp-json\/wp\/v2\/media?parent=15770"}],"wp:term":[{"taxonomy":"category","embeddable":true,"href":"https:\/\/www.csf.bc.ca\/en\/wp-json\/wp\/v2\/categories?post=15770"},{"taxonomy":"post_tag","embeddable":true,"href":"https:\/\/www.csf.bc.ca\/en\/wp-json\/wp\/v2\/tags?post=15770"}],"curies":[{"name":"wp","href":"https:\/\/api.w.org\/{rel}","templated":true}]}}