{"id":15782,"date":"2026-01-21T15:03:33","date_gmt":"2026-01-21T23:03:33","guid":{"rendered":"https:\/\/www.csf.bc.ca\/?p=15782"},"modified":"2026-01-26T14:11:23","modified_gmt":"2026-01-26T22:11:23","slug":"une-ceremonie-de-don-de-couverture-portee-par-la-nation-kwikwetlem-a-lecole-des-pionniers-de-maillardville","status":"publish","type":"post","link":"https:\/\/www.csf.bc.ca\/en\/2026\/01\/21\/une-ceremonie-de-don-de-couverture-portee-par-la-nation-kwikwetlem-a-lecole-des-pionniers-de-maillardville\/","title":{"rendered":"Une c\u00e9r\u00e9monie de don de couverture port\u00e9e par la Nation\u00a0Kwikwetlem\u00a0\u00e0 l\u2019\u00e9cole des Pionniers-de-Maillardville\u00a0"},"content":{"rendered":"\n<p>Le\u00a012 janvier 2026, l\u2019\u00e9cole des Pionniers-de-Maillardville\u00a0a eu l\u2019honneur de\u00a0prendre part \u00e0 une c\u00e9r\u00e9monie traditionnelle autochtone initi\u00e9e et offerte par la Nation\u00a0Kwikwetlem, marquant le\u00a0don d\u2019une couverture murale\u00a0Coast\u00a0Salish\u00a0par la Premi\u00e8re Nation\u00a0Kwikwetlem.\u00a0\u00a0<\/p>\n\n\n\n<p>Bien plus qu\u2019un geste symbolique, cette c\u00e9r\u00e9monie constitue un acte de partage profond\u00e9ment ancr\u00e9 dans les traditions, la spiritualit\u00e9 et les enseignements de la Nation, transmis \u00e0 la communaut\u00e9 scolaire dans un esprit de relation, de respect et de continuit\u00e9. La c\u00e9r\u00e9monie s\u2019est d\u00e9roul\u00e9e en pr\u00e9sence d\u2019\u00e9l\u00e8ves, de membres du personnel, de familles et de\u00a0repr\u00e9sentant\u00b7e\u00b7s\u00a0de la Nation\u00a0Kwikwetlem<\/p>\n\n\n\n<p>\u00ab Le don de cette couverture traditionnelle par la Nation\u00a0Kwikwetlem\u00a0va bien au-del\u00e0 d\u2019une activit\u00e9 p\u00e9dagogique. Il t\u00e9moigne de la g\u00e9n\u00e9rosit\u00e9 de la Nation et de la relation de confiance et de respect qui se tisse avec l\u2019\u00e9cole des Pionniers-de-Maillardville. Il \u00e9tait essentiel pour nous que les \u00e9l\u00e8ves y participent pleinement afin de vivre concr\u00e8tement la transmission des savoirs et la construction de relations durables, ancr\u00e9es dans le respect du territoire et des peuples qui l\u2019habitent \u00bb, <strong>a soulign\u00e9\u00a0Fran\u00e7ois Bergeron,\u00a0directeur de l\u2019\u00e9cole des Pionniers.\u00a0\u00a0<\/strong><\/p>\n\n\n\n<figure class=\"wp-block-gallery has-nested-images columns-default is-cropped wp-block-gallery-1 is-layout-flex wp-block-gallery-is-layout-flex\">\n<figure class=\"wp-block-image size-large\"><img loading=\"lazy\" decoding=\"async\" width=\"473\" height=\"1024\" data-id=\"15809\" src=\"https:\/\/www.csf.bc.ca\/wp-content\/uploads\/2026\/01\/Media-12-1-473x1024.jpeg\" alt=\"\" class=\"wp-image-15809\" srcset=\"https:\/\/www.csf.bc.ca\/wp-content\/uploads\/2026\/01\/Media-12-1-473x1024.jpeg 473w, https:\/\/www.csf.bc.ca\/wp-content\/uploads\/2026\/01\/Media-12-1-139x300.jpeg 139w, https:\/\/www.csf.bc.ca\/wp-content\/uploads\/2026\/01\/Media-12-1-768x1662.jpeg 768w, https:\/\/www.csf.bc.ca\/wp-content\/uploads\/2026\/01\/Media-12-1-710x1536.jpeg 710w, https:\/\/www.csf.bc.ca\/wp-content\/uploads\/2026\/01\/Media-12-1.jpeg 924w\" sizes=\"auto, (max-width: 473px) 100vw, 473px\" \/><\/figure>\n\n\n\n<figure class=\"wp-block-image size-large\"><img loading=\"lazy\" decoding=\"async\" width=\"576\" height=\"1024\" data-id=\"15802\" src=\"https:\/\/www.csf.bc.ca\/wp-content\/uploads\/2026\/01\/Reel-Ceremonie-EDP-JPO-1-576x1024.jpg\" alt=\"\" class=\"wp-image-15802\" srcset=\"https:\/\/www.csf.bc.ca\/wp-content\/uploads\/2026\/01\/Reel-Ceremonie-EDP-JPO-1-576x1024.jpg 576w, https:\/\/www.csf.bc.ca\/wp-content\/uploads\/2026\/01\/Reel-Ceremonie-EDP-JPO-1-169x300.jpg 169w, https:\/\/www.csf.bc.ca\/wp-content\/uploads\/2026\/01\/Reel-Ceremonie-EDP-JPO-1-768x1365.jpg 768w, https:\/\/www.csf.bc.ca\/wp-content\/uploads\/2026\/01\/Reel-Ceremonie-EDP-JPO-1-864x1536.jpg 864w, https:\/\/www.csf.bc.ca\/wp-content\/uploads\/2026\/01\/Reel-Ceremonie-EDP-JPO-1.jpg 1080w\" sizes=\"auto, (max-width: 576px) 100vw, 576px\" \/><\/figure>\n\n\n\n<figure class=\"wp-block-image size-large\"><img loading=\"lazy\" decoding=\"async\" width=\"370\" height=\"800\" data-id=\"15801\" src=\"https:\/\/www.csf.bc.ca\/wp-content\/uploads\/2026\/01\/Media-1.jpeg\" alt=\"\" class=\"wp-image-15801\" srcset=\"https:\/\/www.csf.bc.ca\/wp-content\/uploads\/2026\/01\/Media-1.jpeg 370w, https:\/\/www.csf.bc.ca\/wp-content\/uploads\/2026\/01\/Media-1-139x300.jpeg 139w\" sizes=\"auto, (max-width: 370px) 100vw, 370px\" \/><\/figure>\n<\/figure>\n\n\n\n<blockquote class=\"wp-block-quote is-layout-flow wp-block-quote-is-layout-flow\"><\/blockquote>\n\n\n\n<p>R\u00e9unissant \u00e9l\u00e8ves, membres du personnel, familles et&nbsp;repr\u00e9sentant\u00b7e\u00b7s&nbsp;de la Nation&nbsp;Kwikwetlem, la c\u00e9r\u00e9monie a constitu\u00e9 un&nbsp;moment de rencontre privil\u00e9gi\u00e9, permettant des \u00e9changes humains directs avec les&nbsp;d\u00e9tenteur\u00b7rice\u00b7s&nbsp;de savoirs ancestraux du territoire sur lequel se situe l\u2019\u00e9cole.&nbsp;<\/p>\n\n\n\n<blockquote class=\"wp-block-quote is-layout-flow wp-block-quote-is-layout-flow\">\n<blockquote class=\"wp-block-quote is-layout-flow wp-block-quote-is-layout-flow\">\n<p>\u00ab La&nbsp;R\u00e9conciliation&nbsp;repose avant tout sur la construction de relations fond\u00e9es sur le respect et l\u2019\u00e9coute. Cette couverture rev\u00eat une importance particuli\u00e8re, puisqu\u2019elle porte les enseignements transmis par les anc\u00eatres de la Nation&nbsp;Kwikwetlem, des savoirs qui n\u2019ont pas toujours pu \u00eatre partag\u00e9s en raison des impacts des syst\u00e8mes scolaires au Canada. Le fait d\u2019offrir aujourd\u2019hui cette couverture \u00e0&nbsp;l\u2019\u00e9cole&nbsp;des Pionniers t\u00e9moigne d\u2019une grande g\u00e9n\u00e9rosit\u00e9 et d\u2019une volont\u00e9 sinc\u00e8re de partage. Je tiens \u00e0 souligner le courage que repr\u00e9sente la poursuite de la transmission de ces enseignements, ancr\u00e9s dans la g\u00e9n\u00e9rosit\u00e9, le dialogue et la relation \u00bb, <strong>a soulign\u00e9 Bonnie L\u00e9pine Antoine, directrice de la R\u00e9conciliation et de l\u2019\u00c9ducation autochtone.&nbsp;<\/strong><\/p>\n<\/blockquote>\n<\/blockquote>\n\n\n\n<figure class=\"wp-block-image size-large\"><img loading=\"lazy\" decoding=\"async\" width=\"1024\" height=\"473\" src=\"https:\/\/www.csf.bc.ca\/wp-content\/uploads\/2026\/01\/Media-7-1024x473.jpeg\" alt=\"\" class=\"wp-image-15811\" srcset=\"https:\/\/www.csf.bc.ca\/wp-content\/uploads\/2026\/01\/Media-7-1024x473.jpeg 1024w, https:\/\/www.csf.bc.ca\/wp-content\/uploads\/2026\/01\/Media-7-300x139.jpeg 300w, https:\/\/www.csf.bc.ca\/wp-content\/uploads\/2026\/01\/Media-7-768x355.jpeg 768w, https:\/\/www.csf.bc.ca\/wp-content\/uploads\/2026\/01\/Media-7-1536x709.jpeg 1536w, https:\/\/www.csf.bc.ca\/wp-content\/uploads\/2026\/01\/Media-7-2048x946.jpeg 2048w\" sizes=\"auto, (max-width: 1024px) 100vw, 1024px\" \/><\/figure>\n\n\n\n<p>La couverture offerte \u00e0 l\u2019\u00e9cole est une&nbsp;\u0153uvre hautement symbolique, cr\u00e9\u00e9e par&nbsp;<strong>Percy Cunningham, ancien chef de la Nation&nbsp;Kwikwetlem<\/strong>, avec l\u2019accompagnement et les orientations de&nbsp;<strong>Kristinia&nbsp;Joe, membre de la Nation et cheffe de la famille&nbsp;Cheenuuch<\/strong>.&nbsp; Il s\u2019agit de la&nbsp;premi\u00e8re couverture de ce type r\u00e9alis\u00e9e depuis plus de cent ans, ainsi que de la&nbsp;premi\u00e8re fabriqu\u00e9e traditionnellement par un homme au sein de la Nation, marquant un jalon majeur dans la&nbsp;revitalisation des pratiques culturelles&nbsp;Kwikwetlem.&nbsp;<\/p>\n\n\n\n<p>Cette \u0153uvre incarne un processus de&nbsp;r\u00e9appropriation et de continuit\u00e9 interg\u00e9n\u00e9rationnelle, notamment \u00e0 travers la reprise du tissage, une technique ancestrale longtemps interrompue. La laine grise qui compose la couverture symbolise le&nbsp;rapprochement, la connexion et le fait de retisser des liens, afin de b\u00e2tir des relations fond\u00e9es sur la compr\u00e9hension mutuelle et le respect.&nbsp;<\/p>\n\n\n\n<figure class=\"wp-block-gallery has-nested-images columns-default is-cropped wp-block-gallery-2 is-layout-flex wp-block-gallery-is-layout-flex\">\n<figure class=\"wp-block-image size-large\"><img loading=\"lazy\" decoding=\"async\" width=\"1024\" height=\"473\" data-id=\"15813\" src=\"https:\/\/www.csf.bc.ca\/wp-content\/uploads\/2026\/01\/Media-20-1024x473.jpeg\" alt=\"\" class=\"wp-image-15813\" srcset=\"https:\/\/www.csf.bc.ca\/wp-content\/uploads\/2026\/01\/Media-20-1024x473.jpeg 1024w, https:\/\/www.csf.bc.ca\/wp-content\/uploads\/2026\/01\/Media-20-300x139.jpeg 300w, https:\/\/www.csf.bc.ca\/wp-content\/uploads\/2026\/01\/Media-20-768x355.jpeg 768w, https:\/\/www.csf.bc.ca\/wp-content\/uploads\/2026\/01\/Media-20-1536x710.jpeg 1536w, https:\/\/www.csf.bc.ca\/wp-content\/uploads\/2026\/01\/Media-20.jpeg 2000w\" sizes=\"auto, (max-width: 1024px) 100vw, 1024px\" \/><\/figure>\n<\/figure>\n\n\n\n<p>Au cours de la c\u00e9r\u00e9monie,&nbsp;Kristinia&nbsp;Joe&nbsp;a partag\u00e9 la place centrale qu\u2019occupent les couvertures dans l\u2019histoire et la culture de la Nation&nbsp;Kwikwetlem. Autrefois port\u00e9es avec fiert\u00e9 par les anc\u00eatres, ces couvertures repr\u00e9sentaient&nbsp;bien plus qu\u2019un objet utilitaire&nbsp;: elles \u00e9taient porteuses d\u2019identit\u00e9, de protection, de statut et de m\u00e9moire collective.&nbsp;<\/p>\n\n\n\n<p>Kwikwetlem est une petite communaut\u00e9 autochtone qui dispose d&#8217;un petit territoire de seulement trois acres au sein d&#8217;une grande ville. Au cours des 20 derni\u00e8res ann\u00e9es, elle a commenc\u00e9 \u00e0 construire quelques maisons, ouvrant ainsi un nouveau chapitre dans son parcours continu de pr\u00e9servation culturelle et de croissance communautaire.&nbsp;<\/p>\n\n\n\n<p>Kristinia Joe&nbsp;a \u00e9galement expliqu\u00e9 la signification des \u00e9l\u00e9ments tiss\u00e9s dans la couverture offerte \u00e0 l\u2019\u00e9cole, notamment les&nbsp;deux grandes lignes&nbsp;repr\u00e9sentant la Nation&nbsp;Kwikwetlem&nbsp;et l\u2019\u00e9cole des Pionniers-de-Maillardville, reli\u00e9es par l\u2019intention de&nbsp;cr\u00e9er un pont durable entre les deux communaut\u00e9s, fond\u00e9 sur la relation et la responsabilit\u00e9 partag\u00e9e.&nbsp;<\/p>\n\n\n\n<p>Empreinte de culture, la c\u00e9l\u00e9bration a \u00e9t\u00e9 ponctu\u00e9e de&nbsp;c\u00e9r\u00e9monie traditionnels. Quatre t\u00e9moins ont \u00e9t\u00e9 choisis et&nbsp;honor\u00e9\u00b7e\u00b7s, recevant&nbsp;chacun\u00b7e&nbsp;une couverture, un bandana et une pi\u00e8ce mon\u00e9taire.&nbsp;<\/p>\n\n\n\n<p>Dans la culture&nbsp;Kwikwetlem, ce geste confie aux t\u00e9moins la&nbsp;responsabilit\u00e9 de porter l\u2019histoire, de la raconter \u00e0 celles et ceux qui n\u2019\u00e9taient pas&nbsp;pr\u00e9sent\u00b7e\u00b7s&nbsp;et de la transmettre aux g\u00e9n\u00e9rations futures, assurant ainsi la continuit\u00e9 du r\u00e9cit collectif.&nbsp;<\/p>\n\n\n\n<p>Une c\u00e9r\u00e9monie de protection de la couverture a ensuite \u00e9t\u00e9 r\u00e9alis\u00e9, accompagn\u00e9 de chants et d\u2019un geste de purification \u00e0 l\u2019aide d\u2019une branche de c\u00e8dre, soulignant le&nbsp;caract\u00e8re vivant, g\u00e9n\u00e9reux et relationnel du don.&nbsp;<\/p>\n\n\n\n<p>La c\u00e9r\u00e9monie s\u2019est ouverte par une&nbsp;reconnaissance du territoire traditionnel, livr\u00e9e par le pr\u00e9sident et la vice-pr\u00e9sidente du conseil des \u00e9l\u00e8ves,&nbsp;Lucca&nbsp;et Haya, illustrant l\u2019importance de la transmission et du respect d\u00e8s le plus jeune \u00e2ge.&nbsp;<\/p>\n\n\n\n<p>La direction de l\u2019\u00e9cole a ensuite rappel\u00e9 la port\u00e9e \u00e9ducative et humaine de cette rencontre pour l\u2019ensemble de la communaut\u00e9 scolaire. La c\u00e9r\u00e9monie s\u2019est conclue par les interventions de&nbsp;Katherine Joly, pr\u00e9sidente du comit\u00e9 des parents, et de&nbsp;Chantal&nbsp;Fadous, conseill\u00e8re de la vall\u00e9e du Fraser.&nbsp;<\/p>\n\n\n\n<figure class=\"wp-block-gallery has-nested-images columns-default is-cropped wp-block-gallery-3 is-layout-flex wp-block-gallery-is-layout-flex\">\n<figure class=\"wp-block-image size-large\"><img loading=\"lazy\" decoding=\"async\" width=\"1024\" height=\"473\" data-id=\"15815\" src=\"https:\/\/www.csf.bc.ca\/wp-content\/uploads\/2026\/01\/Media-18-1024x473.jpeg\" alt=\"\" class=\"wp-image-15815\" srcset=\"https:\/\/www.csf.bc.ca\/wp-content\/uploads\/2026\/01\/Media-18-1024x473.jpeg 1024w, https:\/\/www.csf.bc.ca\/wp-content\/uploads\/2026\/01\/Media-18-300x139.jpeg 300w, https:\/\/www.csf.bc.ca\/wp-content\/uploads\/2026\/01\/Media-18-768x355.jpeg 768w, https:\/\/www.csf.bc.ca\/wp-content\/uploads\/2026\/01\/Media-18-1536x710.jpeg 1536w, https:\/\/www.csf.bc.ca\/wp-content\/uploads\/2026\/01\/Media-18.jpeg 2000w\" sizes=\"auto, (max-width: 1024px) 100vw, 1024px\" \/><\/figure>\n<\/figure>\n\n\n\n<p>\u00c0 la suite de la c\u00e9r\u00e9monie, des \u00e9l\u00e8ves ont prolong\u00e9 les \u00e9changes en enregistrant un \u00e9pisode de leur&nbsp;balado&nbsp;aux c\u00f4t\u00e9s des membres de la Nation&nbsp;Kwikwetlem, avec la participation de&nbsp;Bonnie L\u00e9pine Antoine, offrant un espace suppl\u00e9mentaire de dialogue, d\u2019\u00e9coute et de r\u00e9flexion.&nbsp;<\/p>\n\n\n\n<p>Par ce don, la couverture devient un symbole vivant de la relation entre la Nation&nbsp;Kwikwetlem&nbsp;et la communaut\u00e9 scolaire. Install\u00e9e avec soin et fiert\u00e9 \u00e0 l\u2019accueil de l\u2019\u00e9cole des Pionniers-de-Maillardville, dans un cadre&nbsp;vitr\u00e9&nbsp;en bois, elle est destin\u00e9e \u00e0 \u00eatre vue, reconnue et respect\u00e9e par toutes les personnes qui franchissent les portes de l\u2019\u00e9tablissement.&nbsp;<\/p>\n\n\n\n<p>Sa pr\u00e9sence au quotidien rappelle l\u2019importance du dialogue, de la transmission des savoirs et d\u2019une&nbsp;R\u00e9conciliation incarn\u00e9e par des gestes concrets, durables et profond\u00e9ment humains, guid\u00e9s par la g\u00e9n\u00e9rosit\u00e9 et la sagesse de la Nation&nbsp;Kwikwetlem.&nbsp;<\/p>\n\n\n\n<p><\/p>\n","protected":false},"excerpt":{"rendered":"<p>Le\u00a012 janvier 2026, l\u2019\u00e9cole des Pionniers-de-Maillardville\u00a0a eu l\u2019honneur de\u00a0prendre part \u00e0 une c\u00e9r\u00e9monie traditionnelle autochtone [&hellip;]<\/p>\n","protected":false},"author":18,"featured_media":15784,"comment_status":"closed","ping_status":"closed","sticky":false,"template":"","format":"standard","meta":{"_acf_changed":false,"footnotes":""},"categories":[44],"tags":[],"class_list":["post-15782","post","type-post","status-publish","format-standard","has-post-thumbnail","hentry","category-communaute"],"acf":[],"yoast_head":"<!-- This site is optimized with the Yoast SEO plugin v26.5 - https:\/\/yoast.com\/wordpress\/plugins\/seo\/ -->\n<title>Une c\u00e9r\u00e9monie de don de couverture port\u00e9e par la Nation\u00a0Kwikwetlem\u00a0\u00e0 l\u2019\u00e9cole des Pionniers-de-Maillardville\u00a0 | Conseil scolaire francophone de la Colombie-Britannique<\/title>\n<meta name=\"robots\" content=\"index, follow, max-snippet:-1, max-image-preview:large, max-video-preview:-1\" \/>\n<link rel=\"canonical\" href=\"https:\/\/www.csf.bc.ca\/en\/2026\/01\/21\/une-ceremonie-de-don-de-couverture-portee-par-la-nation-kwikwetlem-a-lecole-des-pionniers-de-maillardville\/\" \/>\n<meta property=\"og:locale\" content=\"en_US\" \/>\n<meta property=\"og:type\" content=\"article\" \/>\n<meta property=\"og:title\" content=\"Une c\u00e9r\u00e9monie de don de couverture port\u00e9e par la Nation\u00a0Kwikwetlem\u00a0\u00e0 l\u2019\u00e9cole des Pionniers-de-Maillardville\u00a0 | Conseil scolaire francophone de la Colombie-Britannique\" \/>\n<meta property=\"og:description\" content=\"Le\u00a012 janvier 2026, l\u2019\u00e9cole des Pionniers-de-Maillardville\u00a0a eu l\u2019honneur de\u00a0prendre part \u00e0 une c\u00e9r\u00e9monie traditionnelle autochtone [&hellip;]\" \/>\n<meta property=\"og:url\" content=\"https:\/\/www.csf.bc.ca\/en\/2026\/01\/21\/une-ceremonie-de-don-de-couverture-portee-par-la-nation-kwikwetlem-a-lecole-des-pionniers-de-maillardville\/\" \/>\n<meta property=\"og:site_name\" content=\"Conseil scolaire francophone de la Colombie-Britannique\" \/>\n<meta property=\"article:published_time\" content=\"2026-01-21T23:03:33+00:00\" \/>\n<meta property=\"article:modified_time\" content=\"2026-01-26T22:11:23+00:00\" \/>\n<meta property=\"og:image\" content=\"https:\/\/www.csf.bc.ca\/wp-content\/uploads\/2026\/01\/Media-19-e1768946616859.jpeg\" \/>\n\t<meta property=\"og:image:width\" content=\"1680\" \/>\n\t<meta property=\"og:image:height\" content=\"923\" \/>\n\t<meta property=\"og:image:type\" content=\"image\/jpeg\" \/>\n<meta name=\"author\" content=\"Rime_rharrass\" \/>\n<meta name=\"twitter:card\" content=\"summary_large_image\" \/>\n<meta name=\"twitter:label1\" content=\"Written by\" \/>\n\t<meta name=\"twitter:data1\" content=\"Rime_rharrass\" \/>\n\t<meta name=\"twitter:label2\" content=\"Est. reading time\" \/>\n\t<meta name=\"twitter:data2\" content=\"6 minutes\" \/>\n<script type=\"application\/ld+json\" class=\"yoast-schema-graph\">{\"@context\":\"https:\/\/schema.org\",\"@graph\":[{\"@type\":\"Article\",\"@id\":\"https:\/\/www.csf.bc.ca\/en\/2026\/01\/21\/une-ceremonie-de-don-de-couverture-portee-par-la-nation-kwikwetlem-a-lecole-des-pionniers-de-maillardville\/#article\",\"isPartOf\":{\"@id\":\"https:\/\/www.csf.bc.ca\/en\/2026\/01\/21\/une-ceremonie-de-don-de-couverture-portee-par-la-nation-kwikwetlem-a-lecole-des-pionniers-de-maillardville\/\"},\"author\":{\"name\":\"Rime_rharrass\",\"@id\":\"https:\/\/www.csf.bc.ca\/en\/#\/schema\/person\/e3555364b100effeade35bfeddced45f\"},\"headline\":\"Une c\u00e9r\u00e9monie de don de couverture port\u00e9e par la Nation\u00a0Kwikwetlem\u00a0\u00e0 l\u2019\u00e9cole des Pionniers-de-Maillardville\u00a0\",\"datePublished\":\"2026-01-21T23:03:33+00:00\",\"dateModified\":\"2026-01-26T22:11:23+00:00\",\"mainEntityOfPage\":{\"@id\":\"https:\/\/www.csf.bc.ca\/en\/2026\/01\/21\/une-ceremonie-de-don-de-couverture-portee-par-la-nation-kwikwetlem-a-lecole-des-pionniers-de-maillardville\/\"},\"wordCount\":1197,\"publisher\":{\"@id\":\"https:\/\/www.csf.bc.ca\/en\/#organization\"},\"image\":{\"@id\":\"https:\/\/www.csf.bc.ca\/en\/2026\/01\/21\/une-ceremonie-de-don-de-couverture-portee-par-la-nation-kwikwetlem-a-lecole-des-pionniers-de-maillardville\/#primaryimage\"},\"thumbnailUrl\":\"https:\/\/www.csf.bc.ca\/wp-content\/uploads\/2026\/01\/Media-19-e1768946616859.jpeg\",\"articleSection\":[\"Communaut\u00e9\"],\"inLanguage\":\"en-US\"},{\"@type\":\"WebPage\",\"@id\":\"https:\/\/www.csf.bc.ca\/en\/2026\/01\/21\/une-ceremonie-de-don-de-couverture-portee-par-la-nation-kwikwetlem-a-lecole-des-pionniers-de-maillardville\/\",\"url\":\"https:\/\/www.csf.bc.ca\/en\/2026\/01\/21\/une-ceremonie-de-don-de-couverture-portee-par-la-nation-kwikwetlem-a-lecole-des-pionniers-de-maillardville\/\",\"name\":\"Une c\u00e9r\u00e9monie de don de couverture port\u00e9e par la Nation\u00a0Kwikwetlem\u00a0\u00e0 l\u2019\u00e9cole des Pionniers-de-Maillardville\u00a0 | Conseil scolaire francophone de la Colombie-Britannique\",\"isPartOf\":{\"@id\":\"https:\/\/www.csf.bc.ca\/en\/#website\"},\"primaryImageOfPage\":{\"@id\":\"https:\/\/www.csf.bc.ca\/en\/2026\/01\/21\/une-ceremonie-de-don-de-couverture-portee-par-la-nation-kwikwetlem-a-lecole-des-pionniers-de-maillardville\/#primaryimage\"},\"image\":{\"@id\":\"https:\/\/www.csf.bc.ca\/en\/2026\/01\/21\/une-ceremonie-de-don-de-couverture-portee-par-la-nation-kwikwetlem-a-lecole-des-pionniers-de-maillardville\/#primaryimage\"},\"thumbnailUrl\":\"https:\/\/www.csf.bc.ca\/wp-content\/uploads\/2026\/01\/Media-19-e1768946616859.jpeg\",\"datePublished\":\"2026-01-21T23:03:33+00:00\",\"dateModified\":\"2026-01-26T22:11:23+00:00\",\"breadcrumb\":{\"@id\":\"https:\/\/www.csf.bc.ca\/en\/2026\/01\/21\/une-ceremonie-de-don-de-couverture-portee-par-la-nation-kwikwetlem-a-lecole-des-pionniers-de-maillardville\/#breadcrumb\"},\"inLanguage\":\"en-US\",\"potentialAction\":[{\"@type\":\"ReadAction\",\"target\":[\"https:\/\/www.csf.bc.ca\/en\/2026\/01\/21\/une-ceremonie-de-don-de-couverture-portee-par-la-nation-kwikwetlem-a-lecole-des-pionniers-de-maillardville\/\"]}]},{\"@type\":\"ImageObject\",\"inLanguage\":\"en-US\",\"@id\":\"https:\/\/www.csf.bc.ca\/en\/2026\/01\/21\/une-ceremonie-de-don-de-couverture-portee-par-la-nation-kwikwetlem-a-lecole-des-pionniers-de-maillardville\/#primaryimage\",\"url\":\"https:\/\/www.csf.bc.ca\/wp-content\/uploads\/2026\/01\/Media-19-e1768946616859.jpeg\",\"contentUrl\":\"https:\/\/www.csf.bc.ca\/wp-content\/uploads\/2026\/01\/Media-19-e1768946616859.jpeg\",\"width\":1680,\"height\":923},{\"@type\":\"BreadcrumbList\",\"@id\":\"https:\/\/www.csf.bc.ca\/en\/2026\/01\/21\/une-ceremonie-de-don-de-couverture-portee-par-la-nation-kwikwetlem-a-lecole-des-pionniers-de-maillardville\/#breadcrumb\",\"itemListElement\":[{\"@type\":\"ListItem\",\"position\":1,\"name\":\"Home\",\"item\":\"https:\/\/www.csf.bc.ca\/en\/\"},{\"@type\":\"ListItem\",\"position\":2,\"name\":\"Une c\u00e9r\u00e9monie de don de couverture port\u00e9e par la Nation\u00a0Kwikwetlem\u00a0\u00e0 l\u2019\u00e9cole des Pionniers-de-Maillardville\u00a0\"}]},{\"@type\":\"WebSite\",\"@id\":\"https:\/\/www.csf.bc.ca\/en\/#website\",\"url\":\"https:\/\/www.csf.bc.ca\/en\/\",\"name\":\"Conseil scolaire francophone de la Colombie-Britannique\",\"description\":\"CSF\",\"publisher\":{\"@id\":\"https:\/\/www.csf.bc.ca\/en\/#organization\"},\"potentialAction\":[{\"@type\":\"SearchAction\",\"target\":{\"@type\":\"EntryPoint\",\"urlTemplate\":\"https:\/\/www.csf.bc.ca\/en\/?s={search_term_string}\"},\"query-input\":{\"@type\":\"PropertyValueSpecification\",\"valueRequired\":true,\"valueName\":\"search_term_string\"}}],\"inLanguage\":\"en-US\"},{\"@type\":\"Organization\",\"@id\":\"https:\/\/www.csf.bc.ca\/en\/#organization\",\"name\":\"Conseil scolaire francophone de la Colombie-Britannique\",\"url\":\"https:\/\/www.csf.bc.ca\/en\/\",\"logo\":{\"@type\":\"ImageObject\",\"inLanguage\":\"en-US\",\"@id\":\"https:\/\/www.csf.bc.ca\/en\/#\/schema\/logo\/image\/\",\"url\":\"https:\/\/www.csf.bc.ca\/wp-content\/uploads\/2022\/05\/csf-logoHoriz-desc-court-coul.svg\",\"contentUrl\":\"https:\/\/www.csf.bc.ca\/wp-content\/uploads\/2022\/05\/csf-logoHoriz-desc-court-coul.svg\",\"width\":842,\"height\":205,\"caption\":\"Conseil scolaire francophone de la Colombie-Britannique\"},\"image\":{\"@id\":\"https:\/\/www.csf.bc.ca\/en\/#\/schema\/logo\/image\/\"}},{\"@type\":\"Person\",\"@id\":\"https:\/\/www.csf.bc.ca\/en\/#\/schema\/person\/e3555364b100effeade35bfeddced45f\",\"name\":\"Rime_rharrass\",\"image\":{\"@type\":\"ImageObject\",\"inLanguage\":\"en-US\",\"@id\":\"https:\/\/www.csf.bc.ca\/en\/#\/schema\/person\/image\/\",\"url\":\"https:\/\/secure.gravatar.com\/avatar\/aff837962ae0e8be044f192def64a29bb077e6fa36a1997af1895f395b84883d?s=96&d=mm&r=g\",\"contentUrl\":\"https:\/\/secure.gravatar.com\/avatar\/aff837962ae0e8be044f192def64a29bb077e6fa36a1997af1895f395b84883d?s=96&d=mm&r=g\",\"caption\":\"Rime_rharrass\"},\"url\":\"https:\/\/www.csf.bc.ca\/en\/author\/rime_rharrass\/\"}]}<\/script>\n<!-- \/ Yoast SEO plugin. -->","yoast_head_json":{"title":"Une c\u00e9r\u00e9monie de don de couverture port\u00e9e par la Nation\u00a0Kwikwetlem\u00a0\u00e0 l\u2019\u00e9cole des Pionniers-de-Maillardville\u00a0 | Conseil scolaire francophone de la Colombie-Britannique","robots":{"index":"index","follow":"follow","max-snippet":"max-snippet:-1","max-image-preview":"max-image-preview:large","max-video-preview":"max-video-preview:-1"},"canonical":"https:\/\/www.csf.bc.ca\/en\/2026\/01\/21\/une-ceremonie-de-don-de-couverture-portee-par-la-nation-kwikwetlem-a-lecole-des-pionniers-de-maillardville\/","og_locale":"en_US","og_type":"article","og_title":"Une c\u00e9r\u00e9monie de don de couverture port\u00e9e par la Nation\u00a0Kwikwetlem\u00a0\u00e0 l\u2019\u00e9cole des Pionniers-de-Maillardville\u00a0 | Conseil scolaire francophone de la Colombie-Britannique","og_description":"Le\u00a012 janvier 2026, l\u2019\u00e9cole des Pionniers-de-Maillardville\u00a0a eu l\u2019honneur de\u00a0prendre part \u00e0 une c\u00e9r\u00e9monie traditionnelle autochtone [&hellip;]","og_url":"https:\/\/www.csf.bc.ca\/en\/2026\/01\/21\/une-ceremonie-de-don-de-couverture-portee-par-la-nation-kwikwetlem-a-lecole-des-pionniers-de-maillardville\/","og_site_name":"Conseil scolaire francophone de la Colombie-Britannique","article_published_time":"2026-01-21T23:03:33+00:00","article_modified_time":"2026-01-26T22:11:23+00:00","og_image":[{"width":1680,"height":923,"url":"https:\/\/www.csf.bc.ca\/wp-content\/uploads\/2026\/01\/Media-19-e1768946616859.jpeg","type":"image\/jpeg"}],"author":"Rime_rharrass","twitter_card":"summary_large_image","twitter_misc":{"Written by":"Rime_rharrass","Est. reading time":"6 minutes"},"schema":{"@context":"https:\/\/schema.org","@graph":[{"@type":"Article","@id":"https:\/\/www.csf.bc.ca\/en\/2026\/01\/21\/une-ceremonie-de-don-de-couverture-portee-par-la-nation-kwikwetlem-a-lecole-des-pionniers-de-maillardville\/#article","isPartOf":{"@id":"https:\/\/www.csf.bc.ca\/en\/2026\/01\/21\/une-ceremonie-de-don-de-couverture-portee-par-la-nation-kwikwetlem-a-lecole-des-pionniers-de-maillardville\/"},"author":{"name":"Rime_rharrass","@id":"https:\/\/www.csf.bc.ca\/en\/#\/schema\/person\/e3555364b100effeade35bfeddced45f"},"headline":"Une c\u00e9r\u00e9monie de don de couverture port\u00e9e par la Nation\u00a0Kwikwetlem\u00a0\u00e0 l\u2019\u00e9cole des Pionniers-de-Maillardville\u00a0","datePublished":"2026-01-21T23:03:33+00:00","dateModified":"2026-01-26T22:11:23+00:00","mainEntityOfPage":{"@id":"https:\/\/www.csf.bc.ca\/en\/2026\/01\/21\/une-ceremonie-de-don-de-couverture-portee-par-la-nation-kwikwetlem-a-lecole-des-pionniers-de-maillardville\/"},"wordCount":1197,"publisher":{"@id":"https:\/\/www.csf.bc.ca\/en\/#organization"},"image":{"@id":"https:\/\/www.csf.bc.ca\/en\/2026\/01\/21\/une-ceremonie-de-don-de-couverture-portee-par-la-nation-kwikwetlem-a-lecole-des-pionniers-de-maillardville\/#primaryimage"},"thumbnailUrl":"https:\/\/www.csf.bc.ca\/wp-content\/uploads\/2026\/01\/Media-19-e1768946616859.jpeg","articleSection":["Communaut\u00e9"],"inLanguage":"en-US"},{"@type":"WebPage","@id":"https:\/\/www.csf.bc.ca\/en\/2026\/01\/21\/une-ceremonie-de-don-de-couverture-portee-par-la-nation-kwikwetlem-a-lecole-des-pionniers-de-maillardville\/","url":"https:\/\/www.csf.bc.ca\/en\/2026\/01\/21\/une-ceremonie-de-don-de-couverture-portee-par-la-nation-kwikwetlem-a-lecole-des-pionniers-de-maillardville\/","name":"Une c\u00e9r\u00e9monie de don de couverture port\u00e9e par la Nation\u00a0Kwikwetlem\u00a0\u00e0 l\u2019\u00e9cole des Pionniers-de-Maillardville\u00a0 | Conseil scolaire francophone de la Colombie-Britannique","isPartOf":{"@id":"https:\/\/www.csf.bc.ca\/en\/#website"},"primaryImageOfPage":{"@id":"https:\/\/www.csf.bc.ca\/en\/2026\/01\/21\/une-ceremonie-de-don-de-couverture-portee-par-la-nation-kwikwetlem-a-lecole-des-pionniers-de-maillardville\/#primaryimage"},"image":{"@id":"https:\/\/www.csf.bc.ca\/en\/2026\/01\/21\/une-ceremonie-de-don-de-couverture-portee-par-la-nation-kwikwetlem-a-lecole-des-pionniers-de-maillardville\/#primaryimage"},"thumbnailUrl":"https:\/\/www.csf.bc.ca\/wp-content\/uploads\/2026\/01\/Media-19-e1768946616859.jpeg","datePublished":"2026-01-21T23:03:33+00:00","dateModified":"2026-01-26T22:11:23+00:00","breadcrumb":{"@id":"https:\/\/www.csf.bc.ca\/en\/2026\/01\/21\/une-ceremonie-de-don-de-couverture-portee-par-la-nation-kwikwetlem-a-lecole-des-pionniers-de-maillardville\/#breadcrumb"},"inLanguage":"en-US","potentialAction":[{"@type":"ReadAction","target":["https:\/\/www.csf.bc.ca\/en\/2026\/01\/21\/une-ceremonie-de-don-de-couverture-portee-par-la-nation-kwikwetlem-a-lecole-des-pionniers-de-maillardville\/"]}]},{"@type":"ImageObject","inLanguage":"en-US","@id":"https:\/\/www.csf.bc.ca\/en\/2026\/01\/21\/une-ceremonie-de-don-de-couverture-portee-par-la-nation-kwikwetlem-a-lecole-des-pionniers-de-maillardville\/#primaryimage","url":"https:\/\/www.csf.bc.ca\/wp-content\/uploads\/2026\/01\/Media-19-e1768946616859.jpeg","contentUrl":"https:\/\/www.csf.bc.ca\/wp-content\/uploads\/2026\/01\/Media-19-e1768946616859.jpeg","width":1680,"height":923},{"@type":"BreadcrumbList","@id":"https:\/\/www.csf.bc.ca\/en\/2026\/01\/21\/une-ceremonie-de-don-de-couverture-portee-par-la-nation-kwikwetlem-a-lecole-des-pionniers-de-maillardville\/#breadcrumb","itemListElement":[{"@type":"ListItem","position":1,"name":"Home","item":"https:\/\/www.csf.bc.ca\/en\/"},{"@type":"ListItem","position":2,"name":"Une c\u00e9r\u00e9monie de don de couverture port\u00e9e par la Nation\u00a0Kwikwetlem\u00a0\u00e0 l\u2019\u00e9cole des Pionniers-de-Maillardville\u00a0"}]},{"@type":"WebSite","@id":"https:\/\/www.csf.bc.ca\/en\/#website","url":"https:\/\/www.csf.bc.ca\/en\/","name":"Conseil scolaire francophone de la Colombie-Britannique","description":"CSF","publisher":{"@id":"https:\/\/www.csf.bc.ca\/en\/#organization"},"potentialAction":[{"@type":"SearchAction","target":{"@type":"EntryPoint","urlTemplate":"https:\/\/www.csf.bc.ca\/en\/?s={search_term_string}"},"query-input":{"@type":"PropertyValueSpecification","valueRequired":true,"valueName":"search_term_string"}}],"inLanguage":"en-US"},{"@type":"Organization","@id":"https:\/\/www.csf.bc.ca\/en\/#organization","name":"Conseil scolaire francophone de la Colombie-Britannique","url":"https:\/\/www.csf.bc.ca\/en\/","logo":{"@type":"ImageObject","inLanguage":"en-US","@id":"https:\/\/www.csf.bc.ca\/en\/#\/schema\/logo\/image\/","url":"https:\/\/www.csf.bc.ca\/wp-content\/uploads\/2022\/05\/csf-logoHoriz-desc-court-coul.svg","contentUrl":"https:\/\/www.csf.bc.ca\/wp-content\/uploads\/2022\/05\/csf-logoHoriz-desc-court-coul.svg","width":842,"height":205,"caption":"Conseil scolaire francophone de la Colombie-Britannique"},"image":{"@id":"https:\/\/www.csf.bc.ca\/en\/#\/schema\/logo\/image\/"}},{"@type":"Person","@id":"https:\/\/www.csf.bc.ca\/en\/#\/schema\/person\/e3555364b100effeade35bfeddced45f","name":"Rime_rharrass","image":{"@type":"ImageObject","inLanguage":"en-US","@id":"https:\/\/www.csf.bc.ca\/en\/#\/schema\/person\/image\/","url":"https:\/\/secure.gravatar.com\/avatar\/aff837962ae0e8be044f192def64a29bb077e6fa36a1997af1895f395b84883d?s=96&d=mm&r=g","contentUrl":"https:\/\/secure.gravatar.com\/avatar\/aff837962ae0e8be044f192def64a29bb077e6fa36a1997af1895f395b84883d?s=96&d=mm&r=g","caption":"Rime_rharrass"},"url":"https:\/\/www.csf.bc.ca\/en\/author\/rime_rharrass\/"}]}},"_links":{"self":[{"href":"https:\/\/www.csf.bc.ca\/en\/wp-json\/wp\/v2\/posts\/15782","targetHints":{"allow":["GET"]}}],"collection":[{"href":"https:\/\/www.csf.bc.ca\/en\/wp-json\/wp\/v2\/posts"}],"about":[{"href":"https:\/\/www.csf.bc.ca\/en\/wp-json\/wp\/v2\/types\/post"}],"author":[{"embeddable":true,"href":"https:\/\/www.csf.bc.ca\/en\/wp-json\/wp\/v2\/users\/18"}],"replies":[{"embeddable":true,"href":"https:\/\/www.csf.bc.ca\/en\/wp-json\/wp\/v2\/comments?post=15782"}],"version-history":[{"count":6,"href":"https:\/\/www.csf.bc.ca\/en\/wp-json\/wp\/v2\/posts\/15782\/revisions"}],"predecessor-version":[{"id":15859,"href":"https:\/\/www.csf.bc.ca\/en\/wp-json\/wp\/v2\/posts\/15782\/revisions\/15859"}],"wp:featuredmedia":[{"embeddable":true,"href":"https:\/\/www.csf.bc.ca\/en\/wp-json\/wp\/v2\/media\/15784"}],"wp:attachment":[{"href":"https:\/\/www.csf.bc.ca\/en\/wp-json\/wp\/v2\/media?parent=15782"}],"wp:term":[{"taxonomy":"category","embeddable":true,"href":"https:\/\/www.csf.bc.ca\/en\/wp-json\/wp\/v2\/categories?post=15782"},{"taxonomy":"post_tag","embeddable":true,"href":"https:\/\/www.csf.bc.ca\/en\/wp-json\/wp\/v2\/tags?post=15782"}],"curies":[{"name":"wp","href":"https:\/\/api.w.org\/{rel}","templated":true}]}}