{"id":16626,"date":"2026-03-18T10:07:00","date_gmt":"2026-03-18T17:07:00","guid":{"rendered":"https:\/\/www.csf.bc.ca\/?p=16626"},"modified":"2026-03-19T15:29:47","modified_gmt":"2026-03-19T22:29:47","slug":"une-grande-premiere-a-penticton-lecole-entre-lacs-celebre-la-francophonie-avec-le-festival-de-lerable","status":"publish","type":"post","link":"https:\/\/www.csf.bc.ca\/en\/2026\/03\/18\/une-grande-premiere-a-penticton-lecole-entre-lacs-celebre-la-francophonie-avec-le-festival-de-lerable\/","title":{"rendered":"Une grande premi\u00e8re \u00e0 Penticton : l\u2019\u00e9cole\u00a0Entre-lacs\u00a0c\u00e9l\u00e8bre la francophonie avec le Festival de l\u2019\u00e9rable\u00a0"},"content":{"rendered":"\n<p>Le 7 mars dernier, l\u2019\u00e9cole&nbsp;Entre-lacs&nbsp;de Penticton a accueilli, pour la premi\u00e8re fois dans le Sud de l\u2019Okanagan, le Festival de l\u2019\u00e9rable, une tradition embl\u00e9matique des communaut\u00e9s francophones canadiennes. Organis\u00e9&nbsp;par&nbsp;le Centre culturel francophone de l\u2019Okanagan (CCFO)&nbsp;en&nbsp;partenariat avec&nbsp;l\u2019\u00e9cole, l\u2019\u00e9v\u00e9nement s\u2019inscrivait dans les c\u00e9l\u00e9brations du Mois de la Francophonie, mettant&nbsp;\u00e0 l\u2019honneur&nbsp;la culture francophone dans la r\u00e9gion.&nbsp;<\/p>\n\n\n\n<figure class=\"wp-block-gallery has-nested-images columns-default is-cropped wp-block-gallery-1 is-layout-flex wp-block-gallery-is-layout-flex\">\n<figure class=\"wp-block-image size-large\"><img loading=\"lazy\" decoding=\"async\" width=\"1024\" height=\"768\" data-id=\"16633\" src=\"https:\/\/www.csf.bc.ca\/wp-content\/uploads\/2026\/03\/IMG_7474-1024x768.jpg\" alt=\"\" class=\"wp-image-16633\" srcset=\"https:\/\/www.csf.bc.ca\/wp-content\/uploads\/2026\/03\/IMG_7474-1024x768.jpg 1024w, https:\/\/www.csf.bc.ca\/wp-content\/uploads\/2026\/03\/IMG_7474-300x225.jpg 300w, https:\/\/www.csf.bc.ca\/wp-content\/uploads\/2026\/03\/IMG_7474-768x576.jpg 768w, https:\/\/www.csf.bc.ca\/wp-content\/uploads\/2026\/03\/IMG_7474-1536x1152.jpg 1536w, https:\/\/www.csf.bc.ca\/wp-content\/uploads\/2026\/03\/IMG_7474-2048x1536.jpg 2048w\" sizes=\"auto, (max-width: 1024px) 100vw, 1024px\" \/><\/figure>\n\n\n\n<figure class=\"wp-block-image size-large\"><img loading=\"lazy\" decoding=\"async\" width=\"768\" height=\"1024\" data-id=\"16629\" src=\"https:\/\/www.csf.bc.ca\/wp-content\/uploads\/2026\/03\/IMG_7437-768x1024.jpg\" alt=\"\" class=\"wp-image-16629\" srcset=\"https:\/\/www.csf.bc.ca\/wp-content\/uploads\/2026\/03\/IMG_7437-768x1024.jpg 768w, https:\/\/www.csf.bc.ca\/wp-content\/uploads\/2026\/03\/IMG_7437-225x300.jpg 225w, https:\/\/www.csf.bc.ca\/wp-content\/uploads\/2026\/03\/IMG_7437-1152x1536.jpg 1152w, https:\/\/www.csf.bc.ca\/wp-content\/uploads\/2026\/03\/IMG_7437-1536x2048.jpg 1536w, https:\/\/www.csf.bc.ca\/wp-content\/uploads\/2026\/03\/IMG_7437-scaled.jpg 1920w\" sizes=\"auto, (max-width: 768px) 100vw, 768px\" \/><\/figure>\n\n\n\n<figure class=\"wp-block-image size-large\"><img loading=\"lazy\" decoding=\"async\" width=\"768\" height=\"1024\" data-id=\"16631\" src=\"https:\/\/www.csf.bc.ca\/wp-content\/uploads\/2026\/03\/IMG_7349-768x1024.jpg\" alt=\"\" class=\"wp-image-16631\" srcset=\"https:\/\/www.csf.bc.ca\/wp-content\/uploads\/2026\/03\/IMG_7349-768x1024.jpg 768w, https:\/\/www.csf.bc.ca\/wp-content\/uploads\/2026\/03\/IMG_7349-225x300.jpg 225w, https:\/\/www.csf.bc.ca\/wp-content\/uploads\/2026\/03\/IMG_7349-1152x1536.jpg 1152w, https:\/\/www.csf.bc.ca\/wp-content\/uploads\/2026\/03\/IMG_7349-1536x2048.jpg 1536w, https:\/\/www.csf.bc.ca\/wp-content\/uploads\/2026\/03\/IMG_7349-scaled.jpg 1920w\" sizes=\"auto, (max-width: 768px) 100vw, 768px\" \/><\/figure>\n<\/figure>\n\n\n\n<p>Ouvert \u00e0 toute la communaut\u00e9, le festival a rassembl\u00e9 pr\u00e8s de 550 personnes venues partager un moment festif et convivial autour des traditions sucr\u00e9es de l\u2019\u00e9rable.&nbsp;Pour David Parent, directeur de l\u2019\u00e9cole&nbsp;Entre-lacs, cette premi\u00e8re \u00e9dition repr\u00e9sentait bien plus qu\u2019un simple \u00e9v\u00e9nement festif.&nbsp;<\/p>\n\n\n\n<p>\u00ab Je suis tr\u00e8s fier et heureux de voir autant de monde aujourd\u2019hui. C\u2019est tr\u00e8s important pour nous d\u2019ouvrir les portes de l\u2019\u00e9cole \u00e0 toute la communaut\u00e9 de Penticton afin de faire conna\u00eetre notre \u00e9cole et de faire rayonner la communaut\u00e9 francophone. Cette initiative&nbsp;\u00e0 rassembler&nbsp;les francophones comme les non-francophones&nbsp;pour&nbsp;d\u00e9couvrir notre \u00e9cole et notre culture, notamment autour des festivit\u00e9s de l\u2019\u00e9rable, qui sont un incontournable de la culture francophone canadienne&nbsp;\u00bb, souligne&nbsp;David Parent, directeur de l\u2019\u00e9cole&nbsp;Entre-lacs.&nbsp;<\/p>\n\n\n\n<figure class=\"wp-block-gallery has-nested-images columns-default is-cropped wp-block-gallery-2 is-layout-flex wp-block-gallery-is-layout-flex\">\n<figure class=\"wp-block-image size-large\"><img loading=\"lazy\" decoding=\"async\" width=\"768\" height=\"1024\" data-id=\"16635\" src=\"https:\/\/www.csf.bc.ca\/wp-content\/uploads\/2026\/03\/IMG_7325-768x1024.jpg\" alt=\"\" class=\"wp-image-16635\" srcset=\"https:\/\/www.csf.bc.ca\/wp-content\/uploads\/2026\/03\/IMG_7325-768x1024.jpg 768w, https:\/\/www.csf.bc.ca\/wp-content\/uploads\/2026\/03\/IMG_7325-225x300.jpg 225w, https:\/\/www.csf.bc.ca\/wp-content\/uploads\/2026\/03\/IMG_7325-1152x1536.jpg 1152w, https:\/\/www.csf.bc.ca\/wp-content\/uploads\/2026\/03\/IMG_7325-1536x2048.jpg 1536w, https:\/\/www.csf.bc.ca\/wp-content\/uploads\/2026\/03\/IMG_7325-scaled.jpg 1920w\" sizes=\"auto, (max-width: 768px) 100vw, 768px\" \/><\/figure>\n\n\n\n<figure class=\"wp-block-image size-large\"><img loading=\"lazy\" decoding=\"async\" width=\"768\" height=\"1024\" data-id=\"16637\" src=\"https:\/\/www.csf.bc.ca\/wp-content\/uploads\/2026\/03\/IMG_7482-768x1024.jpg\" alt=\"\" class=\"wp-image-16637\" srcset=\"https:\/\/www.csf.bc.ca\/wp-content\/uploads\/2026\/03\/IMG_7482-768x1024.jpg 768w, https:\/\/www.csf.bc.ca\/wp-content\/uploads\/2026\/03\/IMG_7482-225x300.jpg 225w, https:\/\/www.csf.bc.ca\/wp-content\/uploads\/2026\/03\/IMG_7482-1152x1536.jpg 1152w, https:\/\/www.csf.bc.ca\/wp-content\/uploads\/2026\/03\/IMG_7482-1536x2048.jpg 1536w, https:\/\/www.csf.bc.ca\/wp-content\/uploads\/2026\/03\/IMG_7482-scaled.jpg 1920w\" sizes=\"auto, (max-width: 768px) 100vw, 768px\" \/><\/figure>\n\n\n\n<figure class=\"wp-block-image size-large\"><img loading=\"lazy\" decoding=\"async\" width=\"682\" height=\"1024\" data-id=\"16641\" src=\"https:\/\/www.csf.bc.ca\/wp-content\/uploads\/2026\/03\/DSC_6581-682x1024.jpg\" alt=\"\" class=\"wp-image-16641\" srcset=\"https:\/\/www.csf.bc.ca\/wp-content\/uploads\/2026\/03\/DSC_6581-682x1024.jpg 682w, https:\/\/www.csf.bc.ca\/wp-content\/uploads\/2026\/03\/DSC_6581-200x300.jpg 200w, https:\/\/www.csf.bc.ca\/wp-content\/uploads\/2026\/03\/DSC_6581-768x1154.jpg 768w, https:\/\/www.csf.bc.ca\/wp-content\/uploads\/2026\/03\/DSC_6581-1022x1536.jpg 1022w, https:\/\/www.csf.bc.ca\/wp-content\/uploads\/2026\/03\/DSC_6581.jpg 1198w\" sizes=\"auto, (max-width: 682px) 100vw, 682px\" \/><\/figure>\n<\/figure>\n\n\n\n<p>Tout au long de la journ\u00e9e, les visiteurs ont pu profiter d\u2019une programmation vari\u00e9e c\u00e9l\u00e9brant la richesse de la culture francophone. Ils ont d\u00e9gust\u00e9 de la tire sur la neige, des cr\u00eapes chaudes et des tartes \u00e0 l\u2019\u00e9rable maison, tout en profitant d\u2019un BBQ ext\u00e9rieur et de musique&nbsp;sur sc\u00e8ne. Les enfants ont \u00e9galement particip\u00e9 \u00e0 plusieurs jeux ext\u00e9rieurs et ateliers interactifs, dont un atelier d\u2019origami pour fabriquer des feuilles d\u2019\u00e9rable, le tout anim\u00e9 en fran\u00e7ais dans une ambiance festive et familiale.&nbsp;<\/p>\n\n\n\n<p>Le&nbsp;maire de Penticton,&nbsp;Julius Bloomfield, ainsi que la d\u00e9put\u00e9e f\u00e9d\u00e9rale&nbsp;Helena&nbsp;Konanz<strong><em>,<\/em><\/strong>&nbsp;se sont joint aux festivit\u00e9s et&nbsp;ont pris la parole lors de l\u2019ouverture afin de souligner l\u2019importance de la francophonie et de la diversit\u00e9 culturelle dans la r\u00e9gion.&nbsp;<\/p>\n\n\n\n<figure class=\"wp-block-image size-large\"><img loading=\"lazy\" decoding=\"async\" width=\"1024\" height=\"768\" src=\"https:\/\/www.csf.bc.ca\/wp-content\/uploads\/2026\/03\/b5afea4f-b09d-4e37-a49b-68da5eb7cf6c-1024x768.png\" alt=\"\" class=\"wp-image-16647\" srcset=\"https:\/\/www.csf.bc.ca\/wp-content\/uploads\/2026\/03\/b5afea4f-b09d-4e37-a49b-68da5eb7cf6c-1024x768.png 1024w, https:\/\/www.csf.bc.ca\/wp-content\/uploads\/2026\/03\/b5afea4f-b09d-4e37-a49b-68da5eb7cf6c-300x225.png 300w, https:\/\/www.csf.bc.ca\/wp-content\/uploads\/2026\/03\/b5afea4f-b09d-4e37-a49b-68da5eb7cf6c-768x576.png 768w, https:\/\/www.csf.bc.ca\/wp-content\/uploads\/2026\/03\/b5afea4f-b09d-4e37-a49b-68da5eb7cf6c-1536x1152.png 1536w, https:\/\/www.csf.bc.ca\/wp-content\/uploads\/2026\/03\/b5afea4f-b09d-4e37-a49b-68da5eb7cf6c-2048x1536.png 2048w\" sizes=\"auto, (max-width: 1024px) 100vw, 1024px\" \/><\/figure>\n\n\n\n<p>Les \u00e9l\u00e8ves de l\u2019\u00e9cole&nbsp;Entre-lacs&nbsp;ont \u00e9galement jou\u00e9 un r\u00f4le central dans la pr\u00e9paration du festival. Dans les semaines pr\u00e9c\u00e9dant l\u2019\u00e9v\u00e9nement, plusieurs classes ont travaill\u00e9 sur des projets \u00e9ducatifs autour de l\u2019histoire et des traditions de l\u2019\u00e9rable, tout en cr\u00e9ant des d\u00e9corations artistiques pour embellir l\u2019\u00e9cole.&nbsp;<\/p>\n\n\n\n<p>Un groupe de huit \u00e9l\u00e8ves a \u00e9galement particip\u00e9 \u00e0 la confection d\u2019environ 250 tartes au sirop d\u2019\u00e9rable, pr\u00e9par\u00e9es avec soin et offertes lors du festival. Cette implication des \u00e9l\u00e8ves a transform\u00e9 l\u2019\u00e9v\u00e9nement en v\u00e9ritable projet p\u00e9dagogique et communautaire, renfor\u00e7ant leur sentiment d\u2019appartenance \u00e0 la francophonie.&nbsp;<\/p>\n\n\n\n<figure class=\"wp-block-gallery has-nested-images columns-default is-cropped wp-block-gallery-3 is-layout-flex wp-block-gallery-is-layout-flex\">\n<figure class=\"wp-block-image size-large\"><img loading=\"lazy\" decoding=\"async\" width=\"572\" height=\"1024\" data-id=\"16649\" src=\"https:\/\/www.csf.bc.ca\/wp-content\/uploads\/2026\/03\/Capture-decran-le-2026-03-17-a-09.54.23-572x1024.png\" alt=\"\" class=\"wp-image-16649\" srcset=\"https:\/\/www.csf.bc.ca\/wp-content\/uploads\/2026\/03\/Capture-decran-le-2026-03-17-a-09.54.23-572x1024.png 572w, https:\/\/www.csf.bc.ca\/wp-content\/uploads\/2026\/03\/Capture-decran-le-2026-03-17-a-09.54.23-168x300.png 168w, https:\/\/www.csf.bc.ca\/wp-content\/uploads\/2026\/03\/Capture-decran-le-2026-03-17-a-09.54.23-768x1375.png 768w, https:\/\/www.csf.bc.ca\/wp-content\/uploads\/2026\/03\/Capture-decran-le-2026-03-17-a-09.54.23-858x1536.png 858w, https:\/\/www.csf.bc.ca\/wp-content\/uploads\/2026\/03\/Capture-decran-le-2026-03-17-a-09.54.23.png 924w\" sizes=\"auto, (max-width: 572px) 100vw, 572px\" \/><\/figure>\n\n\n\n<figure class=\"wp-block-image size-large\"><img loading=\"lazy\" decoding=\"async\" width=\"572\" height=\"1024\" data-id=\"16653\" src=\"https:\/\/www.csf.bc.ca\/wp-content\/uploads\/2026\/03\/Capture-decran-le-2026-03-17-a-09.55.56-572x1024.png\" alt=\"\" class=\"wp-image-16653\" srcset=\"https:\/\/www.csf.bc.ca\/wp-content\/uploads\/2026\/03\/Capture-decran-le-2026-03-17-a-09.55.56-572x1024.png 572w, https:\/\/www.csf.bc.ca\/wp-content\/uploads\/2026\/03\/Capture-decran-le-2026-03-17-a-09.55.56-168x300.png 168w, https:\/\/www.csf.bc.ca\/wp-content\/uploads\/2026\/03\/Capture-decran-le-2026-03-17-a-09.55.56-768x1376.png 768w, https:\/\/www.csf.bc.ca\/wp-content\/uploads\/2026\/03\/Capture-decran-le-2026-03-17-a-09.55.56-858x1536.png 858w, https:\/\/www.csf.bc.ca\/wp-content\/uploads\/2026\/03\/Capture-decran-le-2026-03-17-a-09.55.56.png 938w\" sizes=\"auto, (max-width: 572px) 100vw, 572px\" \/><\/figure>\n\n\n\n<figure class=\"wp-block-image size-large\"><img loading=\"lazy\" decoding=\"async\" width=\"570\" height=\"1024\" data-id=\"16651\" src=\"https:\/\/www.csf.bc.ca\/wp-content\/uploads\/2026\/03\/Capture-decran-le-2026-03-17-a-09.56.57-570x1024.png\" alt=\"\" class=\"wp-image-16651\" srcset=\"https:\/\/www.csf.bc.ca\/wp-content\/uploads\/2026\/03\/Capture-decran-le-2026-03-17-a-09.56.57-570x1024.png 570w, https:\/\/www.csf.bc.ca\/wp-content\/uploads\/2026\/03\/Capture-decran-le-2026-03-17-a-09.56.57-167x300.png 167w, https:\/\/www.csf.bc.ca\/wp-content\/uploads\/2026\/03\/Capture-decran-le-2026-03-17-a-09.56.57-768x1380.png 768w, https:\/\/www.csf.bc.ca\/wp-content\/uploads\/2026\/03\/Capture-decran-le-2026-03-17-a-09.56.57-855x1536.png 855w, https:\/\/www.csf.bc.ca\/wp-content\/uploads\/2026\/03\/Capture-decran-le-2026-03-17-a-09.56.57.png 934w\" sizes=\"auto, (max-width: 570px) 100vw, 570px\" \/><\/figure>\n<\/figure>\n\n\n\n<p>Les festivit\u00e9s ont \u00e9galement \u00e9t\u00e9 anim\u00e9es par plusieurs artistes francophones, dont \u00c9lodie&nbsp;Orsei, musicienne francophone et bilingue ainsi qu\u2019ancienne \u00e9l\u00e8ve du CSF, qui a contribu\u00e9 \u00e0 faire vibrer la foule au rythme de la musique.&nbsp;<\/p>\n\n\n\n<p>En s\u2019inscrivant dans les c\u00e9l\u00e9brations du Mois de la Francophonie, le Festival de l\u2019\u00e9rable de Penticton a permis de cr\u00e9er un moment de rencontre et de partage entre francophones et non-francophones, t\u00e9moignant de l\u2019importance des \u00e9coles francophones comme lieux de rassemblement et de rayonnement culturel dans leurs communaut\u00e9s.&nbsp;<\/p>\n\n\n\n<figure class=\"wp-block-gallery has-nested-images columns-default is-cropped wp-block-gallery-4 is-layout-flex wp-block-gallery-is-layout-flex\">\n<figure class=\"wp-block-image size-large\"><img loading=\"lazy\" decoding=\"async\" width=\"1024\" height=\"682\" data-id=\"16655\" src=\"https:\/\/www.csf.bc.ca\/wp-content\/uploads\/2026\/03\/DSC_6616-copie-1024x682.jpg\" alt=\"\" class=\"wp-image-16655\" srcset=\"https:\/\/www.csf.bc.ca\/wp-content\/uploads\/2026\/03\/DSC_6616-copie-1024x682.jpg 1024w, https:\/\/www.csf.bc.ca\/wp-content\/uploads\/2026\/03\/DSC_6616-copie-300x200.jpg 300w, https:\/\/www.csf.bc.ca\/wp-content\/uploads\/2026\/03\/DSC_6616-copie-768x511.jpg 768w, https:\/\/www.csf.bc.ca\/wp-content\/uploads\/2026\/03\/DSC_6616-copie-1536x1022.jpg 1536w, https:\/\/www.csf.bc.ca\/wp-content\/uploads\/2026\/03\/DSC_6616-copie.jpg 1800w\" sizes=\"auto, (max-width: 1024px) 100vw, 1024px\" \/><\/figure>\n\n\n\n<figure class=\"wp-block-image size-large\"><img loading=\"lazy\" decoding=\"async\" width=\"1024\" height=\"682\" data-id=\"16657\" src=\"https:\/\/www.csf.bc.ca\/wp-content\/uploads\/2026\/03\/DSC_6625-copie-1024x682.jpg\" alt=\"\" class=\"wp-image-16657\" srcset=\"https:\/\/www.csf.bc.ca\/wp-content\/uploads\/2026\/03\/DSC_6625-copie-1024x682.jpg 1024w, https:\/\/www.csf.bc.ca\/wp-content\/uploads\/2026\/03\/DSC_6625-copie-300x200.jpg 300w, https:\/\/www.csf.bc.ca\/wp-content\/uploads\/2026\/03\/DSC_6625-copie-768x511.jpg 768w, https:\/\/www.csf.bc.ca\/wp-content\/uploads\/2026\/03\/DSC_6625-copie-1536x1022.jpg 1536w, https:\/\/www.csf.bc.ca\/wp-content\/uploads\/2026\/03\/DSC_6625-copie.jpg 1800w\" sizes=\"auto, (max-width: 1024px) 100vw, 1024px\" \/><\/figure>\n\n\n\n<figure class=\"wp-block-image size-large\"><img loading=\"lazy\" decoding=\"async\" width=\"1024\" height=\"682\" data-id=\"16659\" src=\"https:\/\/www.csf.bc.ca\/wp-content\/uploads\/2026\/03\/DSC_6670-1024x682.jpg\" alt=\"\" class=\"wp-image-16659\" srcset=\"https:\/\/www.csf.bc.ca\/wp-content\/uploads\/2026\/03\/DSC_6670-1024x682.jpg 1024w, https:\/\/www.csf.bc.ca\/wp-content\/uploads\/2026\/03\/DSC_6670-300x200.jpg 300w, https:\/\/www.csf.bc.ca\/wp-content\/uploads\/2026\/03\/DSC_6670-768x511.jpg 768w, https:\/\/www.csf.bc.ca\/wp-content\/uploads\/2026\/03\/DSC_6670-1536x1022.jpg 1536w, https:\/\/www.csf.bc.ca\/wp-content\/uploads\/2026\/03\/DSC_6670.jpg 1800w\" sizes=\"auto, (max-width: 1024px) 100vw, 1024px\" \/><\/figure>\n<\/figure>\n\n\n\n<p>Le CSF tient \u00e0 souligner les partenaires de cet \u00e9v\u00e9nement&nbsp;:&nbsp;Centre culturel francophone de l\u2019Okanagan (CCFO),&nbsp;Vice Versa&nbsp;et&nbsp;la F\u00e9d\u00e9ration culturelle canadienne-fran\u00e7aise (FCCF).&nbsp;&nbsp;<\/p>\n\n\n\n<figure class=\"wp-block-gallery has-nested-images columns-default is-cropped wp-block-gallery-5 is-layout-flex wp-block-gallery-is-layout-flex\">\n<figure class=\"wp-block-image size-large\"><img loading=\"lazy\" decoding=\"async\" width=\"1024\" height=\"682\" data-id=\"16661\" src=\"https:\/\/www.csf.bc.ca\/wp-content\/uploads\/2026\/03\/DSC_6546-1024x682.jpg\" alt=\"\" class=\"wp-image-16661\" srcset=\"https:\/\/www.csf.bc.ca\/wp-content\/uploads\/2026\/03\/DSC_6546-1024x682.jpg 1024w, https:\/\/www.csf.bc.ca\/wp-content\/uploads\/2026\/03\/DSC_6546-300x200.jpg 300w, https:\/\/www.csf.bc.ca\/wp-content\/uploads\/2026\/03\/DSC_6546-768x511.jpg 768w, https:\/\/www.csf.bc.ca\/wp-content\/uploads\/2026\/03\/DSC_6546-1536x1022.jpg 1536w, https:\/\/www.csf.bc.ca\/wp-content\/uploads\/2026\/03\/DSC_6546.jpg 1800w\" sizes=\"auto, (max-width: 1024px) 100vw, 1024px\" \/><\/figure>\n\n\n\n<figure class=\"wp-block-image size-large\"><img loading=\"lazy\" decoding=\"async\" width=\"1024\" height=\"682\" data-id=\"16669\" src=\"https:\/\/www.csf.bc.ca\/wp-content\/uploads\/2026\/03\/DSC_6568-1024x682.jpg\" alt=\"\" class=\"wp-image-16669\" srcset=\"https:\/\/www.csf.bc.ca\/wp-content\/uploads\/2026\/03\/DSC_6568-1024x682.jpg 1024w, https:\/\/www.csf.bc.ca\/wp-content\/uploads\/2026\/03\/DSC_6568-300x200.jpg 300w, https:\/\/www.csf.bc.ca\/wp-content\/uploads\/2026\/03\/DSC_6568-768x511.jpg 768w, https:\/\/www.csf.bc.ca\/wp-content\/uploads\/2026\/03\/DSC_6568-1536x1022.jpg 1536w, https:\/\/www.csf.bc.ca\/wp-content\/uploads\/2026\/03\/DSC_6568.jpg 1800w\" sizes=\"auto, (max-width: 1024px) 100vw, 1024px\" \/><\/figure>\n\n\n\n<figure class=\"wp-block-image size-large\"><img loading=\"lazy\" decoding=\"async\" width=\"1024\" height=\"682\" data-id=\"16667\" src=\"https:\/\/www.csf.bc.ca\/wp-content\/uploads\/2026\/03\/DSC_6760-1024x682.jpg\" alt=\"\" class=\"wp-image-16667\" srcset=\"https:\/\/www.csf.bc.ca\/wp-content\/uploads\/2026\/03\/DSC_6760-1024x682.jpg 1024w, https:\/\/www.csf.bc.ca\/wp-content\/uploads\/2026\/03\/DSC_6760-300x200.jpg 300w, https:\/\/www.csf.bc.ca\/wp-content\/uploads\/2026\/03\/DSC_6760-768x511.jpg 768w, https:\/\/www.csf.bc.ca\/wp-content\/uploads\/2026\/03\/DSC_6760-1536x1022.jpg 1536w, https:\/\/www.csf.bc.ca\/wp-content\/uploads\/2026\/03\/DSC_6760.jpg 1800w\" sizes=\"auto, (max-width: 1024px) 100vw, 1024px\" \/><\/figure>\n\n\n\n<figure class=\"wp-block-image size-large\"><img loading=\"lazy\" decoding=\"async\" width=\"1024\" height=\"682\" data-id=\"16665\" src=\"https:\/\/www.csf.bc.ca\/wp-content\/uploads\/2026\/03\/DSC_6764-1024x682.jpg\" alt=\"\" class=\"wp-image-16665\" srcset=\"https:\/\/www.csf.bc.ca\/wp-content\/uploads\/2026\/03\/DSC_6764-1024x682.jpg 1024w, https:\/\/www.csf.bc.ca\/wp-content\/uploads\/2026\/03\/DSC_6764-300x200.jpg 300w, https:\/\/www.csf.bc.ca\/wp-content\/uploads\/2026\/03\/DSC_6764-768x511.jpg 768w, https:\/\/www.csf.bc.ca\/wp-content\/uploads\/2026\/03\/DSC_6764-1536x1022.jpg 1536w, https:\/\/www.csf.bc.ca\/wp-content\/uploads\/2026\/03\/DSC_6764.jpg 1800w\" sizes=\"auto, (max-width: 1024px) 100vw, 1024px\" \/><\/figure>\n<\/figure>\n\n\n\n<p>Cette premi\u00e8re \u00e9dition s\u2019est r\u00e9v\u00e9l\u00e9e \u00eatre un v\u00e9ritable succ\u00e8s communautaire.&nbsp;Une chose est certaine : la tradition de l\u2019\u00e9rable a d\u00e9sormais trouv\u00e9 une nouvelle maison \u00e0 Penticton. \ud83c\udf41&nbsp;<\/p>\n\n\n\n<p>\ud83c\udfa5 Plongez dans l\u2019ambiance du Festival de l\u2019\u00e9rable en visionnant la vid\u00e9o ici : <a href=\"https:\/\/www.instagram.com\/reel\/DWEvNouE7am\/?utm_source=ig_web_copy_link&amp;igsh=MzRlODBiNWFlZA==\">Instagram<\/a><\/p>\n\n\n\n<p><br><\/p>\n","protected":false},"excerpt":{"rendered":"<p>Le 7 mars dernier, l\u2019\u00e9cole&nbsp;Entre-lacs&nbsp;de Penticton a accueilli, pour la premi\u00e8re fois dans le Sud [&hellip;]<\/p>\n","protected":false},"author":18,"featured_media":16627,"comment_status":"closed","ping_status":"closed","sticky":false,"template":"","format":"standard","meta":{"_acf_changed":false,"footnotes":""},"categories":[43],"tags":[],"class_list":["post-16626","post","type-post","status-publish","format-standard","has-post-thumbnail","hentry","category-projets"],"acf":[],"yoast_head":"<!-- This site is optimized with the Yoast SEO plugin v26.5 - https:\/\/yoast.com\/wordpress\/plugins\/seo\/ -->\n<title>Une grande premi\u00e8re \u00e0 Penticton : l\u2019\u00e9cole\u00a0Entre-lacs\u00a0c\u00e9l\u00e8bre la francophonie avec le Festival de l\u2019\u00e9rable\u00a0 | Conseil scolaire francophone de la Colombie-Britannique<\/title>\n<meta name=\"robots\" content=\"index, follow, max-snippet:-1, max-image-preview:large, max-video-preview:-1\" \/>\n<link rel=\"canonical\" href=\"https:\/\/www.csf.bc.ca\/en\/2026\/03\/18\/une-grande-premiere-a-penticton-lecole-entre-lacs-celebre-la-francophonie-avec-le-festival-de-lerable\/\" \/>\n<meta property=\"og:locale\" content=\"en_US\" \/>\n<meta property=\"og:type\" content=\"article\" \/>\n<meta property=\"og:title\" content=\"Une grande premi\u00e8re \u00e0 Penticton : l\u2019\u00e9cole\u00a0Entre-lacs\u00a0c\u00e9l\u00e8bre la francophonie avec le Festival de l\u2019\u00e9rable\u00a0 | Conseil scolaire francophone de la Colombie-Britannique\" \/>\n<meta property=\"og:description\" content=\"Le 7 mars dernier, l\u2019\u00e9cole&nbsp;Entre-lacs&nbsp;de Penticton a accueilli, pour la premi\u00e8re fois dans le Sud [&hellip;]\" \/>\n<meta property=\"og:url\" content=\"https:\/\/www.csf.bc.ca\/en\/2026\/03\/18\/une-grande-premiere-a-penticton-lecole-entre-lacs-celebre-la-francophonie-avec-le-festival-de-lerable\/\" \/>\n<meta property=\"og:site_name\" content=\"Conseil scolaire francophone de la Colombie-Britannique\" \/>\n<meta property=\"article:published_time\" content=\"2026-03-18T17:07:00+00:00\" \/>\n<meta property=\"article:modified_time\" content=\"2026-03-19T22:29:47+00:00\" \/>\n<meta property=\"og:image\" content=\"https:\/\/www.csf.bc.ca\/wp-content\/uploads\/2026\/03\/DSC_6645.jpg\" \/>\n\t<meta property=\"og:image:width\" content=\"1800\" \/>\n\t<meta property=\"og:image:height\" content=\"1198\" \/>\n\t<meta property=\"og:image:type\" content=\"image\/jpeg\" \/>\n<meta name=\"author\" content=\"Rime_rharrass\" \/>\n<meta name=\"twitter:card\" content=\"summary_large_image\" \/>\n<meta name=\"twitter:label1\" content=\"Written by\" \/>\n\t<meta name=\"twitter:data1\" content=\"Rime_rharrass\" \/>\n\t<meta name=\"twitter:label2\" content=\"Est. reading time\" \/>\n\t<meta name=\"twitter:data2\" content=\"7 minutes\" \/>\n<script type=\"application\/ld+json\" class=\"yoast-schema-graph\">{\"@context\":\"https:\/\/schema.org\",\"@graph\":[{\"@type\":\"Article\",\"@id\":\"https:\/\/www.csf.bc.ca\/en\/2026\/03\/18\/une-grande-premiere-a-penticton-lecole-entre-lacs-celebre-la-francophonie-avec-le-festival-de-lerable\/#article\",\"isPartOf\":{\"@id\":\"https:\/\/www.csf.bc.ca\/en\/2026\/03\/18\/une-grande-premiere-a-penticton-lecole-entre-lacs-celebre-la-francophonie-avec-le-festival-de-lerable\/\"},\"author\":{\"name\":\"Rime_rharrass\",\"@id\":\"https:\/\/www.csf.bc.ca\/en\/#\/schema\/person\/e3555364b100effeade35bfeddced45f\"},\"headline\":\"Une grande premi\u00e8re \u00e0 Penticton : l\u2019\u00e9cole\u00a0Entre-lacs\u00a0c\u00e9l\u00e8bre la francophonie avec le Festival de l\u2019\u00e9rable\u00a0\",\"datePublished\":\"2026-03-18T17:07:00+00:00\",\"dateModified\":\"2026-03-19T22:29:47+00:00\",\"mainEntityOfPage\":{\"@id\":\"https:\/\/www.csf.bc.ca\/en\/2026\/03\/18\/une-grande-premiere-a-penticton-lecole-entre-lacs-celebre-la-francophonie-avec-le-festival-de-lerable\/\"},\"wordCount\":706,\"publisher\":{\"@id\":\"https:\/\/www.csf.bc.ca\/en\/#organization\"},\"image\":{\"@id\":\"https:\/\/www.csf.bc.ca\/en\/2026\/03\/18\/une-grande-premiere-a-penticton-lecole-entre-lacs-celebre-la-francophonie-avec-le-festival-de-lerable\/#primaryimage\"},\"thumbnailUrl\":\"https:\/\/www.csf.bc.ca\/wp-content\/uploads\/2026\/03\/DSC_6645.jpg\",\"articleSection\":[\"Projets\"],\"inLanguage\":\"en-US\"},{\"@type\":\"WebPage\",\"@id\":\"https:\/\/www.csf.bc.ca\/en\/2026\/03\/18\/une-grande-premiere-a-penticton-lecole-entre-lacs-celebre-la-francophonie-avec-le-festival-de-lerable\/\",\"url\":\"https:\/\/www.csf.bc.ca\/en\/2026\/03\/18\/une-grande-premiere-a-penticton-lecole-entre-lacs-celebre-la-francophonie-avec-le-festival-de-lerable\/\",\"name\":\"Une grande premi\u00e8re \u00e0 Penticton : l\u2019\u00e9cole\u00a0Entre-lacs\u00a0c\u00e9l\u00e8bre la francophonie avec le Festival de l\u2019\u00e9rable\u00a0 | Conseil scolaire francophone de la Colombie-Britannique\",\"isPartOf\":{\"@id\":\"https:\/\/www.csf.bc.ca\/en\/#website\"},\"primaryImageOfPage\":{\"@id\":\"https:\/\/www.csf.bc.ca\/en\/2026\/03\/18\/une-grande-premiere-a-penticton-lecole-entre-lacs-celebre-la-francophonie-avec-le-festival-de-lerable\/#primaryimage\"},\"image\":{\"@id\":\"https:\/\/www.csf.bc.ca\/en\/2026\/03\/18\/une-grande-premiere-a-penticton-lecole-entre-lacs-celebre-la-francophonie-avec-le-festival-de-lerable\/#primaryimage\"},\"thumbnailUrl\":\"https:\/\/www.csf.bc.ca\/wp-content\/uploads\/2026\/03\/DSC_6645.jpg\",\"datePublished\":\"2026-03-18T17:07:00+00:00\",\"dateModified\":\"2026-03-19T22:29:47+00:00\",\"breadcrumb\":{\"@id\":\"https:\/\/www.csf.bc.ca\/en\/2026\/03\/18\/une-grande-premiere-a-penticton-lecole-entre-lacs-celebre-la-francophonie-avec-le-festival-de-lerable\/#breadcrumb\"},\"inLanguage\":\"en-US\",\"potentialAction\":[{\"@type\":\"ReadAction\",\"target\":[\"https:\/\/www.csf.bc.ca\/en\/2026\/03\/18\/une-grande-premiere-a-penticton-lecole-entre-lacs-celebre-la-francophonie-avec-le-festival-de-lerable\/\"]}]},{\"@type\":\"ImageObject\",\"inLanguage\":\"en-US\",\"@id\":\"https:\/\/www.csf.bc.ca\/en\/2026\/03\/18\/une-grande-premiere-a-penticton-lecole-entre-lacs-celebre-la-francophonie-avec-le-festival-de-lerable\/#primaryimage\",\"url\":\"https:\/\/www.csf.bc.ca\/wp-content\/uploads\/2026\/03\/DSC_6645.jpg\",\"contentUrl\":\"https:\/\/www.csf.bc.ca\/wp-content\/uploads\/2026\/03\/DSC_6645.jpg\",\"width\":1800,\"height\":1198},{\"@type\":\"BreadcrumbList\",\"@id\":\"https:\/\/www.csf.bc.ca\/en\/2026\/03\/18\/une-grande-premiere-a-penticton-lecole-entre-lacs-celebre-la-francophonie-avec-le-festival-de-lerable\/#breadcrumb\",\"itemListElement\":[{\"@type\":\"ListItem\",\"position\":1,\"name\":\"Home\",\"item\":\"https:\/\/www.csf.bc.ca\/en\/\"},{\"@type\":\"ListItem\",\"position\":2,\"name\":\"Une grande premi\u00e8re \u00e0 Penticton : l\u2019\u00e9cole\u00a0Entre-lacs\u00a0c\u00e9l\u00e8bre la francophonie avec le Festival de l\u2019\u00e9rable\u00a0\"}]},{\"@type\":\"WebSite\",\"@id\":\"https:\/\/www.csf.bc.ca\/en\/#website\",\"url\":\"https:\/\/www.csf.bc.ca\/en\/\",\"name\":\"Conseil scolaire francophone de la Colombie-Britannique\",\"description\":\"CSF\",\"publisher\":{\"@id\":\"https:\/\/www.csf.bc.ca\/en\/#organization\"},\"potentialAction\":[{\"@type\":\"SearchAction\",\"target\":{\"@type\":\"EntryPoint\",\"urlTemplate\":\"https:\/\/www.csf.bc.ca\/en\/?s={search_term_string}\"},\"query-input\":{\"@type\":\"PropertyValueSpecification\",\"valueRequired\":true,\"valueName\":\"search_term_string\"}}],\"inLanguage\":\"en-US\"},{\"@type\":\"Organization\",\"@id\":\"https:\/\/www.csf.bc.ca\/en\/#organization\",\"name\":\"Conseil scolaire francophone de la Colombie-Britannique\",\"url\":\"https:\/\/www.csf.bc.ca\/en\/\",\"logo\":{\"@type\":\"ImageObject\",\"inLanguage\":\"en-US\",\"@id\":\"https:\/\/www.csf.bc.ca\/en\/#\/schema\/logo\/image\/\",\"url\":\"https:\/\/www.csf.bc.ca\/wp-content\/uploads\/2022\/05\/csf-logoHoriz-desc-court-coul.svg\",\"contentUrl\":\"https:\/\/www.csf.bc.ca\/wp-content\/uploads\/2022\/05\/csf-logoHoriz-desc-court-coul.svg\",\"width\":842,\"height\":205,\"caption\":\"Conseil scolaire francophone de la Colombie-Britannique\"},\"image\":{\"@id\":\"https:\/\/www.csf.bc.ca\/en\/#\/schema\/logo\/image\/\"}},{\"@type\":\"Person\",\"@id\":\"https:\/\/www.csf.bc.ca\/en\/#\/schema\/person\/e3555364b100effeade35bfeddced45f\",\"name\":\"Rime_rharrass\",\"image\":{\"@type\":\"ImageObject\",\"inLanguage\":\"en-US\",\"@id\":\"https:\/\/www.csf.bc.ca\/en\/#\/schema\/person\/image\/\",\"url\":\"https:\/\/secure.gravatar.com\/avatar\/aff837962ae0e8be044f192def64a29bb077e6fa36a1997af1895f395b84883d?s=96&d=mm&r=g\",\"contentUrl\":\"https:\/\/secure.gravatar.com\/avatar\/aff837962ae0e8be044f192def64a29bb077e6fa36a1997af1895f395b84883d?s=96&d=mm&r=g\",\"caption\":\"Rime_rharrass\"},\"url\":\"https:\/\/www.csf.bc.ca\/en\/author\/rime_rharrass\/\"}]}<\/script>\n<!-- \/ Yoast SEO plugin. -->","yoast_head_json":{"title":"Une grande premi\u00e8re \u00e0 Penticton : l\u2019\u00e9cole\u00a0Entre-lacs\u00a0c\u00e9l\u00e8bre la francophonie avec le Festival de l\u2019\u00e9rable\u00a0 | Conseil scolaire francophone de la Colombie-Britannique","robots":{"index":"index","follow":"follow","max-snippet":"max-snippet:-1","max-image-preview":"max-image-preview:large","max-video-preview":"max-video-preview:-1"},"canonical":"https:\/\/www.csf.bc.ca\/en\/2026\/03\/18\/une-grande-premiere-a-penticton-lecole-entre-lacs-celebre-la-francophonie-avec-le-festival-de-lerable\/","og_locale":"en_US","og_type":"article","og_title":"Une grande premi\u00e8re \u00e0 Penticton : l\u2019\u00e9cole\u00a0Entre-lacs\u00a0c\u00e9l\u00e8bre la francophonie avec le Festival de l\u2019\u00e9rable\u00a0 | Conseil scolaire francophone de la Colombie-Britannique","og_description":"Le 7 mars dernier, l\u2019\u00e9cole&nbsp;Entre-lacs&nbsp;de Penticton a accueilli, pour la premi\u00e8re fois dans le Sud [&hellip;]","og_url":"https:\/\/www.csf.bc.ca\/en\/2026\/03\/18\/une-grande-premiere-a-penticton-lecole-entre-lacs-celebre-la-francophonie-avec-le-festival-de-lerable\/","og_site_name":"Conseil scolaire francophone de la Colombie-Britannique","article_published_time":"2026-03-18T17:07:00+00:00","article_modified_time":"2026-03-19T22:29:47+00:00","og_image":[{"width":1800,"height":1198,"url":"https:\/\/www.csf.bc.ca\/wp-content\/uploads\/2026\/03\/DSC_6645.jpg","type":"image\/jpeg"}],"author":"Rime_rharrass","twitter_card":"summary_large_image","twitter_misc":{"Written by":"Rime_rharrass","Est. reading time":"7 minutes"},"schema":{"@context":"https:\/\/schema.org","@graph":[{"@type":"Article","@id":"https:\/\/www.csf.bc.ca\/en\/2026\/03\/18\/une-grande-premiere-a-penticton-lecole-entre-lacs-celebre-la-francophonie-avec-le-festival-de-lerable\/#article","isPartOf":{"@id":"https:\/\/www.csf.bc.ca\/en\/2026\/03\/18\/une-grande-premiere-a-penticton-lecole-entre-lacs-celebre-la-francophonie-avec-le-festival-de-lerable\/"},"author":{"name":"Rime_rharrass","@id":"https:\/\/www.csf.bc.ca\/en\/#\/schema\/person\/e3555364b100effeade35bfeddced45f"},"headline":"Une grande premi\u00e8re \u00e0 Penticton : l\u2019\u00e9cole\u00a0Entre-lacs\u00a0c\u00e9l\u00e8bre la francophonie avec le Festival de l\u2019\u00e9rable\u00a0","datePublished":"2026-03-18T17:07:00+00:00","dateModified":"2026-03-19T22:29:47+00:00","mainEntityOfPage":{"@id":"https:\/\/www.csf.bc.ca\/en\/2026\/03\/18\/une-grande-premiere-a-penticton-lecole-entre-lacs-celebre-la-francophonie-avec-le-festival-de-lerable\/"},"wordCount":706,"publisher":{"@id":"https:\/\/www.csf.bc.ca\/en\/#organization"},"image":{"@id":"https:\/\/www.csf.bc.ca\/en\/2026\/03\/18\/une-grande-premiere-a-penticton-lecole-entre-lacs-celebre-la-francophonie-avec-le-festival-de-lerable\/#primaryimage"},"thumbnailUrl":"https:\/\/www.csf.bc.ca\/wp-content\/uploads\/2026\/03\/DSC_6645.jpg","articleSection":["Projets"],"inLanguage":"en-US"},{"@type":"WebPage","@id":"https:\/\/www.csf.bc.ca\/en\/2026\/03\/18\/une-grande-premiere-a-penticton-lecole-entre-lacs-celebre-la-francophonie-avec-le-festival-de-lerable\/","url":"https:\/\/www.csf.bc.ca\/en\/2026\/03\/18\/une-grande-premiere-a-penticton-lecole-entre-lacs-celebre-la-francophonie-avec-le-festival-de-lerable\/","name":"Une grande premi\u00e8re \u00e0 Penticton : l\u2019\u00e9cole\u00a0Entre-lacs\u00a0c\u00e9l\u00e8bre la francophonie avec le Festival de l\u2019\u00e9rable\u00a0 | Conseil scolaire francophone de la Colombie-Britannique","isPartOf":{"@id":"https:\/\/www.csf.bc.ca\/en\/#website"},"primaryImageOfPage":{"@id":"https:\/\/www.csf.bc.ca\/en\/2026\/03\/18\/une-grande-premiere-a-penticton-lecole-entre-lacs-celebre-la-francophonie-avec-le-festival-de-lerable\/#primaryimage"},"image":{"@id":"https:\/\/www.csf.bc.ca\/en\/2026\/03\/18\/une-grande-premiere-a-penticton-lecole-entre-lacs-celebre-la-francophonie-avec-le-festival-de-lerable\/#primaryimage"},"thumbnailUrl":"https:\/\/www.csf.bc.ca\/wp-content\/uploads\/2026\/03\/DSC_6645.jpg","datePublished":"2026-03-18T17:07:00+00:00","dateModified":"2026-03-19T22:29:47+00:00","breadcrumb":{"@id":"https:\/\/www.csf.bc.ca\/en\/2026\/03\/18\/une-grande-premiere-a-penticton-lecole-entre-lacs-celebre-la-francophonie-avec-le-festival-de-lerable\/#breadcrumb"},"inLanguage":"en-US","potentialAction":[{"@type":"ReadAction","target":["https:\/\/www.csf.bc.ca\/en\/2026\/03\/18\/une-grande-premiere-a-penticton-lecole-entre-lacs-celebre-la-francophonie-avec-le-festival-de-lerable\/"]}]},{"@type":"ImageObject","inLanguage":"en-US","@id":"https:\/\/www.csf.bc.ca\/en\/2026\/03\/18\/une-grande-premiere-a-penticton-lecole-entre-lacs-celebre-la-francophonie-avec-le-festival-de-lerable\/#primaryimage","url":"https:\/\/www.csf.bc.ca\/wp-content\/uploads\/2026\/03\/DSC_6645.jpg","contentUrl":"https:\/\/www.csf.bc.ca\/wp-content\/uploads\/2026\/03\/DSC_6645.jpg","width":1800,"height":1198},{"@type":"BreadcrumbList","@id":"https:\/\/www.csf.bc.ca\/en\/2026\/03\/18\/une-grande-premiere-a-penticton-lecole-entre-lacs-celebre-la-francophonie-avec-le-festival-de-lerable\/#breadcrumb","itemListElement":[{"@type":"ListItem","position":1,"name":"Home","item":"https:\/\/www.csf.bc.ca\/en\/"},{"@type":"ListItem","position":2,"name":"Une grande premi\u00e8re \u00e0 Penticton : l\u2019\u00e9cole\u00a0Entre-lacs\u00a0c\u00e9l\u00e8bre la francophonie avec le Festival de l\u2019\u00e9rable\u00a0"}]},{"@type":"WebSite","@id":"https:\/\/www.csf.bc.ca\/en\/#website","url":"https:\/\/www.csf.bc.ca\/en\/","name":"Conseil scolaire francophone de la Colombie-Britannique","description":"CSF","publisher":{"@id":"https:\/\/www.csf.bc.ca\/en\/#organization"},"potentialAction":[{"@type":"SearchAction","target":{"@type":"EntryPoint","urlTemplate":"https:\/\/www.csf.bc.ca\/en\/?s={search_term_string}"},"query-input":{"@type":"PropertyValueSpecification","valueRequired":true,"valueName":"search_term_string"}}],"inLanguage":"en-US"},{"@type":"Organization","@id":"https:\/\/www.csf.bc.ca\/en\/#organization","name":"Conseil scolaire francophone de la Colombie-Britannique","url":"https:\/\/www.csf.bc.ca\/en\/","logo":{"@type":"ImageObject","inLanguage":"en-US","@id":"https:\/\/www.csf.bc.ca\/en\/#\/schema\/logo\/image\/","url":"https:\/\/www.csf.bc.ca\/wp-content\/uploads\/2022\/05\/csf-logoHoriz-desc-court-coul.svg","contentUrl":"https:\/\/www.csf.bc.ca\/wp-content\/uploads\/2022\/05\/csf-logoHoriz-desc-court-coul.svg","width":842,"height":205,"caption":"Conseil scolaire francophone de la Colombie-Britannique"},"image":{"@id":"https:\/\/www.csf.bc.ca\/en\/#\/schema\/logo\/image\/"}},{"@type":"Person","@id":"https:\/\/www.csf.bc.ca\/en\/#\/schema\/person\/e3555364b100effeade35bfeddced45f","name":"Rime_rharrass","image":{"@type":"ImageObject","inLanguage":"en-US","@id":"https:\/\/www.csf.bc.ca\/en\/#\/schema\/person\/image\/","url":"https:\/\/secure.gravatar.com\/avatar\/aff837962ae0e8be044f192def64a29bb077e6fa36a1997af1895f395b84883d?s=96&d=mm&r=g","contentUrl":"https:\/\/secure.gravatar.com\/avatar\/aff837962ae0e8be044f192def64a29bb077e6fa36a1997af1895f395b84883d?s=96&d=mm&r=g","caption":"Rime_rharrass"},"url":"https:\/\/www.csf.bc.ca\/en\/author\/rime_rharrass\/"}]}},"_links":{"self":[{"href":"https:\/\/www.csf.bc.ca\/en\/wp-json\/wp\/v2\/posts\/16626","targetHints":{"allow":["GET"]}}],"collection":[{"href":"https:\/\/www.csf.bc.ca\/en\/wp-json\/wp\/v2\/posts"}],"about":[{"href":"https:\/\/www.csf.bc.ca\/en\/wp-json\/wp\/v2\/types\/post"}],"author":[{"embeddable":true,"href":"https:\/\/www.csf.bc.ca\/en\/wp-json\/wp\/v2\/users\/18"}],"replies":[{"embeddable":true,"href":"https:\/\/www.csf.bc.ca\/en\/wp-json\/wp\/v2\/comments?post=16626"}],"version-history":[{"count":3,"href":"https:\/\/www.csf.bc.ca\/en\/wp-json\/wp\/v2\/posts\/16626\/revisions"}],"predecessor-version":[{"id":16687,"href":"https:\/\/www.csf.bc.ca\/en\/wp-json\/wp\/v2\/posts\/16626\/revisions\/16687"}],"wp:featuredmedia":[{"embeddable":true,"href":"https:\/\/www.csf.bc.ca\/en\/wp-json\/wp\/v2\/media\/16627"}],"wp:attachment":[{"href":"https:\/\/www.csf.bc.ca\/en\/wp-json\/wp\/v2\/media?parent=16626"}],"wp:term":[{"taxonomy":"category","embeddable":true,"href":"https:\/\/www.csf.bc.ca\/en\/wp-json\/wp\/v2\/categories?post=16626"},{"taxonomy":"post_tag","embeddable":true,"href":"https:\/\/www.csf.bc.ca\/en\/wp-json\/wp\/v2\/tags?post=16626"}],"curies":[{"name":"wp","href":"https:\/\/api.w.org\/{rel}","templated":true}]}}