{"id":16677,"date":"2026-03-19T07:00:00","date_gmt":"2026-03-19T14:00:00","guid":{"rendered":"https:\/\/www.csf.bc.ca\/?p=16677"},"modified":"2026-03-18T13:51:27","modified_gmt":"2026-03-18T20:51:27","slug":"le-drapeau-franco-colombien-a-laeroport-international-de-victoria-pour-le-mois-de-la-francophonie","status":"publish","type":"post","link":"https:\/\/www.csf.bc.ca\/en\/2026\/03\/19\/le-drapeau-franco-colombien-a-laeroport-international-de-victoria-pour-le-mois-de-la-francophonie\/","title":{"rendered":"Le drapeau franco-colombien \u00e0\u00a0l\u2019A\u00e9roport\u00a0international de Victoria pour le Mois de la\u00a0Francophonie"},"content":{"rendered":"\n<p><span style=\"font-family: Roboto;\"><strong>Victoria, Colombie-Britannique, 19 mars<\/strong><\/span><span style=\"caret-color: rgb(0, 0, 0); color: rgb(0, 0, 0); white-space: normal; font-family: Roboto;\">&nbsp;<strong>\u2014<\/strong> <\/span>\u00c0 l\u2019occasion du Mois de la Francophonie, l\u2019A\u00e9roport international de Victoria (YYJ) met \u00e0 l\u2019honneur la communaut\u00e9 francophone de la Colombie-Britannique en pr\u00e9sentant le drapeau franco-colombien sur ses \u00e9crans d\u2019affichage au cours des prochaines semaines.<\/p>\n\n\n\n<p><span style=\"font-family: Roboto;\">Le&nbsp;Conseil scolaire francophone (CSF) de la Colombie-Britannique&nbsp;remercie l\u2019A\u00e9roport international de Victoria pour ce geste symbolique, qui contribue \u00e0 renforcer la visibilit\u00e9 de la francophonie dans l\u2019espace public et \u00e0 reconna\u00eetre les contributions des communaut\u00e9s francophones&nbsp;dans toute la province.<\/span><\/p>\n\n\n\n<p>Les a\u00e9roports canadiens jouent un r\u00f4le particulier dans la promotion des deux langues officielles du pays. La participation de l\u2019A\u00e9roport international de Victoria aux c\u00e9l\u00e9brations du Mois de la Francophonie mettent en valeur le bilinguisme et la diversit\u00e9 culturelle qui caract\u00e9risent le Canada.<\/p>\n\n\n\n<p>\u00ab L\u2019A\u00e9roport international de Victoria est fier de c\u00e9l\u00e9brer le Mois de la Francophonie en Colombie-Britannique \u00bb, a d\u00e9clar\u00e9 Ren\u00e9 She\u00efr, vice-pr\u00e9sident, Op\u00e9ration, \u00e0 l\u2019Autorit\u00e9 a\u00e9roportuaire de Victoria. \u00ab En tant que porte d\u2019entr\u00e9e de la r\u00e9gion, nous nous engageons \u00e0 refl\u00e9ter la diversit\u00e9 des communaut\u00e9s que nous servons et \u00e0 soutenir les deux langues officielles du Canada pour pr\u00e8s de deux millions de passagers qui transitent par YYJ chaque ann\u00e9e \u00bb.<\/p>\n\n\n\n<p>\u00ab La visibilit\u00e9 de la francophonie est essentielle pour les \u00e9l\u00e8ves et les communaut\u00e9s-\u00e9coles du CSF, notamment en contexte minoritaire. Voir le drapeau franco-colombien dans un lieu aussi fr\u00e9quent\u00e9 que l\u2019A\u00e9roport international de Victoria, surtout pendant les semaines de la rel\u00e2che, envoie un message fort pour reconna\u00eetre la pr\u00e9sence des francophones dans la r\u00e9gion de Victoria \u00bb, souligne&nbsp;Marie-Pierre Lavoie, pr\u00e9sidente du Conseil scolaire francophone de la Colombie-Britannique.<\/p>\n\n\n\n<p>En mars, le CSF invite les municipalit\u00e9s et organismes publics de la Colombie-Britannique \u00e0 se joindre aux c\u00e9l\u00e9brations du Mois de la Francophonie en hissant le drapeau franco-colombien ou en illuminant des b\u00e2timents publics aux couleurs de la Francophonie.<\/p>\n\n\n\n<p>Le CSF tient \u00e0 remercier l\u2019ensemble des partenaires qui participent \u00e0 ces initiatives et contribuent \u00e0 faire rayonner la francophonie dans toutes les r\u00e9gions de la province.<\/p>\n\n\n\n<p>Les \u00e9l\u00e8ves de l\u2019\u00e9cole Victor-Brodeur, une des deux \u00e9coles francophones de la r\u00e9gion de Victoria, ont \u00e9t\u00e9 tr\u00e8s touch\u00e9\u00b7e\u00b7s par ce geste symbolique. Ces moments de visibilit\u00e9 contribuent \u00e0 consolider leur sentiment d\u2019appartenance \u00e0 la communaut\u00e9 francophone \u00e0 l\u2019\u00e9chelle locale, provinciale et nationale.<\/p>\n\n\n\n<p>&#8212;<\/p>\n\n\n\n<p><em>English version <\/em><\/p>\n\n\n\n<p><strong>BC Francophone Flag displayed at Victoria International Airport to mark Francophonie Month<\/strong><strong><\/strong><\/p>\n\n\n\n<p><strong>Victoria, British Columbia, March 19&nbsp;<\/strong>\u2014 As part of&nbsp;Francophonie Month, Victoria International Airport (YYJ) is highlighting the Francophone community of British Columbia by displaying the&nbsp;BC Francophone flag&nbsp;on its screens over the coming weeks.<\/p>\n\n\n\n<p>The&nbsp;Conseil scolaire francophone (CSF) de la Colombie-Britannique (School District 93)&nbsp;thanks Victoria International Airport for this symbolic gesture, which helps increase the visibility of Francophonie in public spaces and recognizes the contributions of Francophone communities&nbsp;across the province.<\/p>\n\n\n\n<p>Canadian airports play a key role in promoting the country\u2019s two official languages. Victoria International Airport\u2019s initiative reflects this spirit by highlighting bilingualism and the cultural diversity that characterize Canada.<\/p>\n\n\n\n<p>\u201cVictoria International Airport is proud to celebrate Francophone Month in British Columbia,\u201d said Ren\u00e9 She\u00efr, Vice President, Operations at the Victoria Airport Authority. \u201cAs a gateway to the region, we are committed to reflecting the diversity of the communities we serve and to supporting Canada\u2019s two official languages for the nearly two million passengers who travel through YYJ each year.\u201d<\/p>\n\n\n\n<p>\u201cVisibility for Francophonie is essential for CSF students and school communities, particularly in a minority-language context. Seeing the BC Francophone flag in a place as widely visited as Victoria International Airport, especially during Spring Break, sends a strong message recognizing the presence of Francophones in the Victoria region,\u201d said&nbsp;Marie-Pierre Lavoie, Board Conseil scolaire francophone de la Colombie-Britannique.<\/p>\n\n\n\n<p>In March, the CSF invites municipalities and public organizations across British Columbia to take part in Francophonie Month celebrations by raising the BC Francophone flag or illuminating public buildings in blue and white. The CSF thanks all partners who take part in these initiatives and help showcase Francophonie throughout the province.<\/p>\n\n\n\n<p>Students from the Francophone school in Victoria were particularly moved by this symbolic gesture. These moments of visibility help strengthen a sense of belonging for the students and highlight the importance of Francophone presence in public spaces.<\/p>\n","protected":false},"excerpt":{"rendered":"<p>Victoria, Colombie-Britannique, 19 mars&nbsp;\u2014 \u00c0 l\u2019occasion du Mois de la Francophonie, l\u2019A\u00e9roport international de Victoria [&hellip;]<\/p>\n","protected":false},"author":2,"featured_media":16680,"comment_status":"closed","ping_status":"closed","sticky":false,"template":"","format":"standard","meta":{"_acf_changed":false,"footnotes":""},"categories":[44],"tags":[],"class_list":["post-16677","post","type-post","status-publish","format-standard","has-post-thumbnail","hentry","category-communaute"],"acf":[],"yoast_head":"<!-- This site is optimized with the Yoast SEO plugin v26.5 - https:\/\/yoast.com\/wordpress\/plugins\/seo\/ -->\n<title>Le drapeau franco-colombien \u00e0\u00a0l\u2019A\u00e9roport\u00a0international de Victoria pour le Mois de la\u00a0Francophonie | Conseil scolaire francophone de la Colombie-Britannique<\/title>\n<meta name=\"robots\" content=\"index, follow, max-snippet:-1, max-image-preview:large, max-video-preview:-1\" \/>\n<link rel=\"canonical\" href=\"https:\/\/www.csf.bc.ca\/en\/2026\/03\/19\/le-drapeau-franco-colombien-a-laeroport-international-de-victoria-pour-le-mois-de-la-francophonie\/\" \/>\n<meta property=\"og:locale\" content=\"en_US\" \/>\n<meta property=\"og:type\" content=\"article\" \/>\n<meta property=\"og:title\" content=\"Le drapeau franco-colombien \u00e0\u00a0l\u2019A\u00e9roport\u00a0international de Victoria pour le Mois de la\u00a0Francophonie | Conseil scolaire francophone de la Colombie-Britannique\" \/>\n<meta property=\"og:description\" content=\"Victoria, Colombie-Britannique, 19 mars&nbsp;\u2014 \u00c0 l\u2019occasion du Mois de la Francophonie, l\u2019A\u00e9roport international de Victoria [&hellip;]\" \/>\n<meta property=\"og:url\" content=\"https:\/\/www.csf.bc.ca\/en\/2026\/03\/19\/le-drapeau-franco-colombien-a-laeroport-international-de-victoria-pour-le-mois-de-la-francophonie\/\" \/>\n<meta property=\"og:site_name\" content=\"Conseil scolaire francophone de la Colombie-Britannique\" \/>\n<meta property=\"article:published_time\" content=\"2026-03-19T14:00:00+00:00\" \/>\n<meta property=\"og:image\" content=\"https:\/\/www.csf.bc.ca\/wp-content\/uploads\/2026\/03\/IMG_5302-scaled.jpeg\" \/>\n\t<meta property=\"og:image:width\" content=\"2560\" \/>\n\t<meta property=\"og:image:height\" content=\"2022\" \/>\n\t<meta property=\"og:image:type\" content=\"image\/jpeg\" \/>\n<meta name=\"author\" content=\"csf\" \/>\n<meta name=\"twitter:card\" content=\"summary_large_image\" \/>\n<meta name=\"twitter:label1\" content=\"Written by\" \/>\n\t<meta name=\"twitter:data1\" content=\"csf\" \/>\n\t<meta name=\"twitter:label2\" content=\"Est. reading time\" \/>\n\t<meta name=\"twitter:data2\" content=\"4 minutes\" \/>\n<script type=\"application\/ld+json\" class=\"yoast-schema-graph\">{\"@context\":\"https:\/\/schema.org\",\"@graph\":[{\"@type\":\"Article\",\"@id\":\"https:\/\/www.csf.bc.ca\/en\/2026\/03\/19\/le-drapeau-franco-colombien-a-laeroport-international-de-victoria-pour-le-mois-de-la-francophonie\/#article\",\"isPartOf\":{\"@id\":\"https:\/\/www.csf.bc.ca\/en\/2026\/03\/19\/le-drapeau-franco-colombien-a-laeroport-international-de-victoria-pour-le-mois-de-la-francophonie\/\"},\"author\":{\"name\":\"csf\",\"@id\":\"https:\/\/www.csf.bc.ca\/en\/#\/schema\/person\/22c70ad892bd8e6c6ae5040918c74d76\"},\"headline\":\"Le drapeau franco-colombien \u00e0\u00a0l\u2019A\u00e9roport\u00a0international de Victoria pour le Mois de la\u00a0Francophonie\",\"datePublished\":\"2026-03-19T14:00:00+00:00\",\"mainEntityOfPage\":{\"@id\":\"https:\/\/www.csf.bc.ca\/en\/2026\/03\/19\/le-drapeau-franco-colombien-a-laeroport-international-de-victoria-pour-le-mois-de-la-francophonie\/\"},\"wordCount\":766,\"publisher\":{\"@id\":\"https:\/\/www.csf.bc.ca\/en\/#organization\"},\"image\":{\"@id\":\"https:\/\/www.csf.bc.ca\/en\/2026\/03\/19\/le-drapeau-franco-colombien-a-laeroport-international-de-victoria-pour-le-mois-de-la-francophonie\/#primaryimage\"},\"thumbnailUrl\":\"https:\/\/www.csf.bc.ca\/wp-content\/uploads\/2026\/03\/IMG_5302-scaled.jpeg\",\"articleSection\":[\"Communaut\u00e9\"],\"inLanguage\":\"en-US\"},{\"@type\":\"WebPage\",\"@id\":\"https:\/\/www.csf.bc.ca\/en\/2026\/03\/19\/le-drapeau-franco-colombien-a-laeroport-international-de-victoria-pour-le-mois-de-la-francophonie\/\",\"url\":\"https:\/\/www.csf.bc.ca\/en\/2026\/03\/19\/le-drapeau-franco-colombien-a-laeroport-international-de-victoria-pour-le-mois-de-la-francophonie\/\",\"name\":\"Le drapeau franco-colombien \u00e0\u00a0l\u2019A\u00e9roport\u00a0international de Victoria pour le Mois de la\u00a0Francophonie | Conseil scolaire francophone de la Colombie-Britannique\",\"isPartOf\":{\"@id\":\"https:\/\/www.csf.bc.ca\/en\/#website\"},\"primaryImageOfPage\":{\"@id\":\"https:\/\/www.csf.bc.ca\/en\/2026\/03\/19\/le-drapeau-franco-colombien-a-laeroport-international-de-victoria-pour-le-mois-de-la-francophonie\/#primaryimage\"},\"image\":{\"@id\":\"https:\/\/www.csf.bc.ca\/en\/2026\/03\/19\/le-drapeau-franco-colombien-a-laeroport-international-de-victoria-pour-le-mois-de-la-francophonie\/#primaryimage\"},\"thumbnailUrl\":\"https:\/\/www.csf.bc.ca\/wp-content\/uploads\/2026\/03\/IMG_5302-scaled.jpeg\",\"datePublished\":\"2026-03-19T14:00:00+00:00\",\"breadcrumb\":{\"@id\":\"https:\/\/www.csf.bc.ca\/en\/2026\/03\/19\/le-drapeau-franco-colombien-a-laeroport-international-de-victoria-pour-le-mois-de-la-francophonie\/#breadcrumb\"},\"inLanguage\":\"en-US\",\"potentialAction\":[{\"@type\":\"ReadAction\",\"target\":[\"https:\/\/www.csf.bc.ca\/en\/2026\/03\/19\/le-drapeau-franco-colombien-a-laeroport-international-de-victoria-pour-le-mois-de-la-francophonie\/\"]}]},{\"@type\":\"ImageObject\",\"inLanguage\":\"en-US\",\"@id\":\"https:\/\/www.csf.bc.ca\/en\/2026\/03\/19\/le-drapeau-franco-colombien-a-laeroport-international-de-victoria-pour-le-mois-de-la-francophonie\/#primaryimage\",\"url\":\"https:\/\/www.csf.bc.ca\/wp-content\/uploads\/2026\/03\/IMG_5302-scaled.jpeg\",\"contentUrl\":\"https:\/\/www.csf.bc.ca\/wp-content\/uploads\/2026\/03\/IMG_5302-scaled.jpeg\",\"width\":2560,\"height\":2022},{\"@type\":\"BreadcrumbList\",\"@id\":\"https:\/\/www.csf.bc.ca\/en\/2026\/03\/19\/le-drapeau-franco-colombien-a-laeroport-international-de-victoria-pour-le-mois-de-la-francophonie\/#breadcrumb\",\"itemListElement\":[{\"@type\":\"ListItem\",\"position\":1,\"name\":\"Home\",\"item\":\"https:\/\/www.csf.bc.ca\/en\/\"},{\"@type\":\"ListItem\",\"position\":2,\"name\":\"Le drapeau franco-colombien \u00e0\u00a0l\u2019A\u00e9roport\u00a0international de Victoria pour le Mois de la\u00a0Francophonie\"}]},{\"@type\":\"WebSite\",\"@id\":\"https:\/\/www.csf.bc.ca\/en\/#website\",\"url\":\"https:\/\/www.csf.bc.ca\/en\/\",\"name\":\"Conseil scolaire francophone de la Colombie-Britannique\",\"description\":\"CSF\",\"publisher\":{\"@id\":\"https:\/\/www.csf.bc.ca\/en\/#organization\"},\"potentialAction\":[{\"@type\":\"SearchAction\",\"target\":{\"@type\":\"EntryPoint\",\"urlTemplate\":\"https:\/\/www.csf.bc.ca\/en\/?s={search_term_string}\"},\"query-input\":{\"@type\":\"PropertyValueSpecification\",\"valueRequired\":true,\"valueName\":\"search_term_string\"}}],\"inLanguage\":\"en-US\"},{\"@type\":\"Organization\",\"@id\":\"https:\/\/www.csf.bc.ca\/en\/#organization\",\"name\":\"Conseil scolaire francophone de la Colombie-Britannique\",\"url\":\"https:\/\/www.csf.bc.ca\/en\/\",\"logo\":{\"@type\":\"ImageObject\",\"inLanguage\":\"en-US\",\"@id\":\"https:\/\/www.csf.bc.ca\/en\/#\/schema\/logo\/image\/\",\"url\":\"https:\/\/www.csf.bc.ca\/wp-content\/uploads\/2022\/05\/csf-logoHoriz-desc-court-coul.svg\",\"contentUrl\":\"https:\/\/www.csf.bc.ca\/wp-content\/uploads\/2022\/05\/csf-logoHoriz-desc-court-coul.svg\",\"width\":842,\"height\":205,\"caption\":\"Conseil scolaire francophone de la Colombie-Britannique\"},\"image\":{\"@id\":\"https:\/\/www.csf.bc.ca\/en\/#\/schema\/logo\/image\/\"}},{\"@type\":\"Person\",\"@id\":\"https:\/\/www.csf.bc.ca\/en\/#\/schema\/person\/22c70ad892bd8e6c6ae5040918c74d76\",\"name\":\"csf\",\"image\":{\"@type\":\"ImageObject\",\"inLanguage\":\"en-US\",\"@id\":\"https:\/\/www.csf.bc.ca\/en\/#\/schema\/person\/image\/\",\"url\":\"https:\/\/secure.gravatar.com\/avatar\/6f2a6d26065f77b09f793418913d69362f1611663e90411b8d0ff25c7a63a3a5?s=96&d=mm&r=g\",\"contentUrl\":\"https:\/\/secure.gravatar.com\/avatar\/6f2a6d26065f77b09f793418913d69362f1611663e90411b8d0ff25c7a63a3a5?s=96&d=mm&r=g\",\"caption\":\"csf\"},\"url\":\"https:\/\/www.csf.bc.ca\/en\/author\/csf\/\"}]}<\/script>\n<!-- \/ Yoast SEO plugin. -->","yoast_head_json":{"title":"Le drapeau franco-colombien \u00e0\u00a0l\u2019A\u00e9roport\u00a0international de Victoria pour le Mois de la\u00a0Francophonie | Conseil scolaire francophone de la Colombie-Britannique","robots":{"index":"index","follow":"follow","max-snippet":"max-snippet:-1","max-image-preview":"max-image-preview:large","max-video-preview":"max-video-preview:-1"},"canonical":"https:\/\/www.csf.bc.ca\/en\/2026\/03\/19\/le-drapeau-franco-colombien-a-laeroport-international-de-victoria-pour-le-mois-de-la-francophonie\/","og_locale":"en_US","og_type":"article","og_title":"Le drapeau franco-colombien \u00e0\u00a0l\u2019A\u00e9roport\u00a0international de Victoria pour le Mois de la\u00a0Francophonie | Conseil scolaire francophone de la Colombie-Britannique","og_description":"Victoria, Colombie-Britannique, 19 mars&nbsp;\u2014 \u00c0 l\u2019occasion du Mois de la Francophonie, l\u2019A\u00e9roport international de Victoria [&hellip;]","og_url":"https:\/\/www.csf.bc.ca\/en\/2026\/03\/19\/le-drapeau-franco-colombien-a-laeroport-international-de-victoria-pour-le-mois-de-la-francophonie\/","og_site_name":"Conseil scolaire francophone de la Colombie-Britannique","article_published_time":"2026-03-19T14:00:00+00:00","og_image":[{"width":2560,"height":2022,"url":"https:\/\/www.csf.bc.ca\/wp-content\/uploads\/2026\/03\/IMG_5302-scaled.jpeg","type":"image\/jpeg"}],"author":"csf","twitter_card":"summary_large_image","twitter_misc":{"Written by":"csf","Est. reading time":"4 minutes"},"schema":{"@context":"https:\/\/schema.org","@graph":[{"@type":"Article","@id":"https:\/\/www.csf.bc.ca\/en\/2026\/03\/19\/le-drapeau-franco-colombien-a-laeroport-international-de-victoria-pour-le-mois-de-la-francophonie\/#article","isPartOf":{"@id":"https:\/\/www.csf.bc.ca\/en\/2026\/03\/19\/le-drapeau-franco-colombien-a-laeroport-international-de-victoria-pour-le-mois-de-la-francophonie\/"},"author":{"name":"csf","@id":"https:\/\/www.csf.bc.ca\/en\/#\/schema\/person\/22c70ad892bd8e6c6ae5040918c74d76"},"headline":"Le drapeau franco-colombien \u00e0\u00a0l\u2019A\u00e9roport\u00a0international de Victoria pour le Mois de la\u00a0Francophonie","datePublished":"2026-03-19T14:00:00+00:00","mainEntityOfPage":{"@id":"https:\/\/www.csf.bc.ca\/en\/2026\/03\/19\/le-drapeau-franco-colombien-a-laeroport-international-de-victoria-pour-le-mois-de-la-francophonie\/"},"wordCount":766,"publisher":{"@id":"https:\/\/www.csf.bc.ca\/en\/#organization"},"image":{"@id":"https:\/\/www.csf.bc.ca\/en\/2026\/03\/19\/le-drapeau-franco-colombien-a-laeroport-international-de-victoria-pour-le-mois-de-la-francophonie\/#primaryimage"},"thumbnailUrl":"https:\/\/www.csf.bc.ca\/wp-content\/uploads\/2026\/03\/IMG_5302-scaled.jpeg","articleSection":["Communaut\u00e9"],"inLanguage":"en-US"},{"@type":"WebPage","@id":"https:\/\/www.csf.bc.ca\/en\/2026\/03\/19\/le-drapeau-franco-colombien-a-laeroport-international-de-victoria-pour-le-mois-de-la-francophonie\/","url":"https:\/\/www.csf.bc.ca\/en\/2026\/03\/19\/le-drapeau-franco-colombien-a-laeroport-international-de-victoria-pour-le-mois-de-la-francophonie\/","name":"Le drapeau franco-colombien \u00e0\u00a0l\u2019A\u00e9roport\u00a0international de Victoria pour le Mois de la\u00a0Francophonie | Conseil scolaire francophone de la Colombie-Britannique","isPartOf":{"@id":"https:\/\/www.csf.bc.ca\/en\/#website"},"primaryImageOfPage":{"@id":"https:\/\/www.csf.bc.ca\/en\/2026\/03\/19\/le-drapeau-franco-colombien-a-laeroport-international-de-victoria-pour-le-mois-de-la-francophonie\/#primaryimage"},"image":{"@id":"https:\/\/www.csf.bc.ca\/en\/2026\/03\/19\/le-drapeau-franco-colombien-a-laeroport-international-de-victoria-pour-le-mois-de-la-francophonie\/#primaryimage"},"thumbnailUrl":"https:\/\/www.csf.bc.ca\/wp-content\/uploads\/2026\/03\/IMG_5302-scaled.jpeg","datePublished":"2026-03-19T14:00:00+00:00","breadcrumb":{"@id":"https:\/\/www.csf.bc.ca\/en\/2026\/03\/19\/le-drapeau-franco-colombien-a-laeroport-international-de-victoria-pour-le-mois-de-la-francophonie\/#breadcrumb"},"inLanguage":"en-US","potentialAction":[{"@type":"ReadAction","target":["https:\/\/www.csf.bc.ca\/en\/2026\/03\/19\/le-drapeau-franco-colombien-a-laeroport-international-de-victoria-pour-le-mois-de-la-francophonie\/"]}]},{"@type":"ImageObject","inLanguage":"en-US","@id":"https:\/\/www.csf.bc.ca\/en\/2026\/03\/19\/le-drapeau-franco-colombien-a-laeroport-international-de-victoria-pour-le-mois-de-la-francophonie\/#primaryimage","url":"https:\/\/www.csf.bc.ca\/wp-content\/uploads\/2026\/03\/IMG_5302-scaled.jpeg","contentUrl":"https:\/\/www.csf.bc.ca\/wp-content\/uploads\/2026\/03\/IMG_5302-scaled.jpeg","width":2560,"height":2022},{"@type":"BreadcrumbList","@id":"https:\/\/www.csf.bc.ca\/en\/2026\/03\/19\/le-drapeau-franco-colombien-a-laeroport-international-de-victoria-pour-le-mois-de-la-francophonie\/#breadcrumb","itemListElement":[{"@type":"ListItem","position":1,"name":"Home","item":"https:\/\/www.csf.bc.ca\/en\/"},{"@type":"ListItem","position":2,"name":"Le drapeau franco-colombien \u00e0\u00a0l\u2019A\u00e9roport\u00a0international de Victoria pour le Mois de la\u00a0Francophonie"}]},{"@type":"WebSite","@id":"https:\/\/www.csf.bc.ca\/en\/#website","url":"https:\/\/www.csf.bc.ca\/en\/","name":"Conseil scolaire francophone de la Colombie-Britannique","description":"CSF","publisher":{"@id":"https:\/\/www.csf.bc.ca\/en\/#organization"},"potentialAction":[{"@type":"SearchAction","target":{"@type":"EntryPoint","urlTemplate":"https:\/\/www.csf.bc.ca\/en\/?s={search_term_string}"},"query-input":{"@type":"PropertyValueSpecification","valueRequired":true,"valueName":"search_term_string"}}],"inLanguage":"en-US"},{"@type":"Organization","@id":"https:\/\/www.csf.bc.ca\/en\/#organization","name":"Conseil scolaire francophone de la Colombie-Britannique","url":"https:\/\/www.csf.bc.ca\/en\/","logo":{"@type":"ImageObject","inLanguage":"en-US","@id":"https:\/\/www.csf.bc.ca\/en\/#\/schema\/logo\/image\/","url":"https:\/\/www.csf.bc.ca\/wp-content\/uploads\/2022\/05\/csf-logoHoriz-desc-court-coul.svg","contentUrl":"https:\/\/www.csf.bc.ca\/wp-content\/uploads\/2022\/05\/csf-logoHoriz-desc-court-coul.svg","width":842,"height":205,"caption":"Conseil scolaire francophone de la Colombie-Britannique"},"image":{"@id":"https:\/\/www.csf.bc.ca\/en\/#\/schema\/logo\/image\/"}},{"@type":"Person","@id":"https:\/\/www.csf.bc.ca\/en\/#\/schema\/person\/22c70ad892bd8e6c6ae5040918c74d76","name":"csf","image":{"@type":"ImageObject","inLanguage":"en-US","@id":"https:\/\/www.csf.bc.ca\/en\/#\/schema\/person\/image\/","url":"https:\/\/secure.gravatar.com\/avatar\/6f2a6d26065f77b09f793418913d69362f1611663e90411b8d0ff25c7a63a3a5?s=96&d=mm&r=g","contentUrl":"https:\/\/secure.gravatar.com\/avatar\/6f2a6d26065f77b09f793418913d69362f1611663e90411b8d0ff25c7a63a3a5?s=96&d=mm&r=g","caption":"csf"},"url":"https:\/\/www.csf.bc.ca\/en\/author\/csf\/"}]}},"_links":{"self":[{"href":"https:\/\/www.csf.bc.ca\/en\/wp-json\/wp\/v2\/posts\/16677","targetHints":{"allow":["GET"]}}],"collection":[{"href":"https:\/\/www.csf.bc.ca\/en\/wp-json\/wp\/v2\/posts"}],"about":[{"href":"https:\/\/www.csf.bc.ca\/en\/wp-json\/wp\/v2\/types\/post"}],"author":[{"embeddable":true,"href":"https:\/\/www.csf.bc.ca\/en\/wp-json\/wp\/v2\/users\/2"}],"replies":[{"embeddable":true,"href":"https:\/\/www.csf.bc.ca\/en\/wp-json\/wp\/v2\/comments?post=16677"}],"version-history":[{"count":3,"href":"https:\/\/www.csf.bc.ca\/en\/wp-json\/wp\/v2\/posts\/16677\/revisions"}],"predecessor-version":[{"id":16682,"href":"https:\/\/www.csf.bc.ca\/en\/wp-json\/wp\/v2\/posts\/16677\/revisions\/16682"}],"wp:featuredmedia":[{"embeddable":true,"href":"https:\/\/www.csf.bc.ca\/en\/wp-json\/wp\/v2\/media\/16680"}],"wp:attachment":[{"href":"https:\/\/www.csf.bc.ca\/en\/wp-json\/wp\/v2\/media?parent=16677"}],"wp:term":[{"taxonomy":"category","embeddable":true,"href":"https:\/\/www.csf.bc.ca\/en\/wp-json\/wp\/v2\/categories?post=16677"},{"taxonomy":"post_tag","embeddable":true,"href":"https:\/\/www.csf.bc.ca\/en\/wp-json\/wp\/v2\/tags?post=16677"}],"curies":[{"name":"wp","href":"https:\/\/api.w.org\/{rel}","templated":true}]}}