{"id":16747,"date":"2026-04-02T08:00:00","date_gmt":"2026-04-02T15:00:00","guid":{"rendered":"https:\/\/www.csf.bc.ca\/?p=16747"},"modified":"2026-03-30T11:05:11","modified_gmt":"2026-03-30T18:05:11","slug":"les-orthophonistes-du-csf-temoignent-dans-un-reportage-de-radio-canada","status":"publish","type":"post","link":"https:\/\/www.csf.bc.ca\/en\/2026\/04\/02\/les-orthophonistes-du-csf-temoignent-dans-un-reportage-de-radio-canada\/","title":{"rendered":"Les orthophonistes du CSF t\u00e9moignent dans un reportage de Radio-Canada"},"content":{"rendered":"\n<p>Transmettre la langue fran\u00e7aise \u00e0 ses enfants, en contexte minoritaire, est un d\u00e9fi de taille pour de nombreuses familles. Le CSF a conscience de l&#8217;importance de l&#8217;\u00e9ducation dans cette mission et poursuit ses efforts pour bonifier les services \u00e9ducatifs francophones dans toute la province afin d&#8217;offrir aux familles des environnements francophones en contexte minoritaire. <\/p>\n\n\n\n<p>Retrouvez le reportage de Radio-Canada qui partage les t\u00e9moignages de familles et les conseils de H\u00e9l\u00e8ne Bazin et Anne-Lucie Camby, orthophonistes au CSF, pour transmettre le fran\u00e7ais \u00e0 leurs enfants en contexte minoritaire : <br><\/p>\n\n\n\n<figure class=\"wp-block-embed is-type-video is-provider-youtube wp-block-embed-youtube wp-embed-aspect-16-9 wp-has-aspect-ratio\"><div class=\"wp-block-embed__wrapper\">\n<iframe loading=\"lazy\" title=\"Les d\u00e9fis de transmettre sa langue maternelle \u00e0 ses enfants\" width=\"500\" height=\"281\" src=\"https:\/\/www.youtube.com\/embed\/hZOKlV8nN_I?feature=oembed\" frameborder=\"0\" allow=\"accelerometer; autoplay; clipboard-write; encrypted-media; gyroscope; picture-in-picture; web-share\" referrerpolicy=\"strict-origin-when-cross-origin\" allowfullscreen><\/iframe>\n<\/div><\/figure>\n\n\n\n<p><\/p>\n","protected":false},"excerpt":{"rendered":"<p>Transmettre la langue fran\u00e7aise \u00e0 ses enfants, en contexte minoritaire, est un d\u00e9fi de taille [&hellip;]<\/p>\n","protected":false},"author":2,"featured_media":9027,"comment_status":"closed","ping_status":"closed","sticky":false,"template":"","format":"standard","meta":{"_acf_changed":false,"footnotes":""},"categories":[141],"tags":[],"class_list":["post-16747","post","type-post","status-publish","format-standard","has-post-thumbnail","hentry","category-petite-enfance"],"acf":[],"yoast_head":"<!-- This site is optimized with the Yoast SEO plugin v26.5 - https:\/\/yoast.com\/wordpress\/plugins\/seo\/ -->\n<title>Les orthophonistes du CSF t\u00e9moignent dans un reportage de Radio-Canada | Conseil scolaire francophone de la Colombie-Britannique<\/title>\n<meta name=\"robots\" content=\"index, follow, max-snippet:-1, max-image-preview:large, max-video-preview:-1\" \/>\n<link rel=\"canonical\" href=\"https:\/\/www.csf.bc.ca\/en\/2026\/04\/02\/les-orthophonistes-du-csf-temoignent-dans-un-reportage-de-radio-canada\/\" \/>\n<meta property=\"og:locale\" content=\"en_US\" \/>\n<meta property=\"og:type\" content=\"article\" \/>\n<meta property=\"og:title\" content=\"Les orthophonistes du CSF t\u00e9moignent dans un reportage de Radio-Canada | Conseil scolaire francophone de la Colombie-Britannique\" \/>\n<meta property=\"og:description\" content=\"Transmettre la langue fran\u00e7aise \u00e0 ses enfants, en contexte minoritaire, est un d\u00e9fi de taille [&hellip;]\" \/>\n<meta property=\"og:url\" content=\"https:\/\/www.csf.bc.ca\/en\/2026\/04\/02\/les-orthophonistes-du-csf-temoignent-dans-un-reportage-de-radio-canada\/\" \/>\n<meta property=\"og:site_name\" content=\"Conseil scolaire francophone de la Colombie-Britannique\" \/>\n<meta property=\"article:published_time\" content=\"2026-04-02T15:00:00+00:00\" \/>\n<meta property=\"og:image\" content=\"https:\/\/www.csf.bc.ca\/wp-content\/uploads\/2023\/09\/iStock-1130065303.jpg\" \/>\n\t<meta property=\"og:image:width\" content=\"1254\" \/>\n\t<meta property=\"og:image:height\" content=\"836\" \/>\n\t<meta property=\"og:image:type\" content=\"image\/jpeg\" \/>\n<meta name=\"author\" content=\"csf\" \/>\n<meta name=\"twitter:card\" content=\"summary_large_image\" \/>\n<meta name=\"twitter:label1\" content=\"Written by\" \/>\n\t<meta name=\"twitter:data1\" content=\"csf\" \/>\n\t<meta name=\"twitter:label2\" content=\"Est. reading time\" \/>\n\t<meta name=\"twitter:data2\" content=\"1 minute\" \/>\n<script type=\"application\/ld+json\" class=\"yoast-schema-graph\">{\"@context\":\"https:\/\/schema.org\",\"@graph\":[{\"@type\":\"Article\",\"@id\":\"https:\/\/www.csf.bc.ca\/en\/2026\/04\/02\/les-orthophonistes-du-csf-temoignent-dans-un-reportage-de-radio-canada\/#article\",\"isPartOf\":{\"@id\":\"https:\/\/www.csf.bc.ca\/en\/2026\/04\/02\/les-orthophonistes-du-csf-temoignent-dans-un-reportage-de-radio-canada\/\"},\"author\":{\"name\":\"csf\",\"@id\":\"https:\/\/www.csf.bc.ca\/en\/#\/schema\/person\/22c70ad892bd8e6c6ae5040918c74d76\"},\"headline\":\"Les orthophonistes du CSF t\u00e9moignent dans un reportage de Radio-Canada\",\"datePublished\":\"2026-04-02T15:00:00+00:00\",\"mainEntityOfPage\":{\"@id\":\"https:\/\/www.csf.bc.ca\/en\/2026\/04\/02\/les-orthophonistes-du-csf-temoignent-dans-un-reportage-de-radio-canada\/\"},\"wordCount\":116,\"publisher\":{\"@id\":\"https:\/\/www.csf.bc.ca\/en\/#organization\"},\"image\":{\"@id\":\"https:\/\/www.csf.bc.ca\/en\/2026\/04\/02\/les-orthophonistes-du-csf-temoignent-dans-un-reportage-de-radio-canada\/#primaryimage\"},\"thumbnailUrl\":\"https:\/\/www.csf.bc.ca\/wp-content\/uploads\/2023\/09\/iStock-1130065303.jpg\",\"articleSection\":[\"Petite enfance\"],\"inLanguage\":\"en-US\"},{\"@type\":\"WebPage\",\"@id\":\"https:\/\/www.csf.bc.ca\/en\/2026\/04\/02\/les-orthophonistes-du-csf-temoignent-dans-un-reportage-de-radio-canada\/\",\"url\":\"https:\/\/www.csf.bc.ca\/en\/2026\/04\/02\/les-orthophonistes-du-csf-temoignent-dans-un-reportage-de-radio-canada\/\",\"name\":\"Les orthophonistes du CSF t\u00e9moignent dans un reportage de Radio-Canada | Conseil scolaire francophone de la Colombie-Britannique\",\"isPartOf\":{\"@id\":\"https:\/\/www.csf.bc.ca\/en\/#website\"},\"primaryImageOfPage\":{\"@id\":\"https:\/\/www.csf.bc.ca\/en\/2026\/04\/02\/les-orthophonistes-du-csf-temoignent-dans-un-reportage-de-radio-canada\/#primaryimage\"},\"image\":{\"@id\":\"https:\/\/www.csf.bc.ca\/en\/2026\/04\/02\/les-orthophonistes-du-csf-temoignent-dans-un-reportage-de-radio-canada\/#primaryimage\"},\"thumbnailUrl\":\"https:\/\/www.csf.bc.ca\/wp-content\/uploads\/2023\/09\/iStock-1130065303.jpg\",\"datePublished\":\"2026-04-02T15:00:00+00:00\",\"breadcrumb\":{\"@id\":\"https:\/\/www.csf.bc.ca\/en\/2026\/04\/02\/les-orthophonistes-du-csf-temoignent-dans-un-reportage-de-radio-canada\/#breadcrumb\"},\"inLanguage\":\"en-US\",\"potentialAction\":[{\"@type\":\"ReadAction\",\"target\":[\"https:\/\/www.csf.bc.ca\/en\/2026\/04\/02\/les-orthophonistes-du-csf-temoignent-dans-un-reportage-de-radio-canada\/\"]}]},{\"@type\":\"ImageObject\",\"inLanguage\":\"en-US\",\"@id\":\"https:\/\/www.csf.bc.ca\/en\/2026\/04\/02\/les-orthophonistes-du-csf-temoignent-dans-un-reportage-de-radio-canada\/#primaryimage\",\"url\":\"https:\/\/www.csf.bc.ca\/wp-content\/uploads\/2023\/09\/iStock-1130065303.jpg\",\"contentUrl\":\"https:\/\/www.csf.bc.ca\/wp-content\/uploads\/2023\/09\/iStock-1130065303.jpg\",\"width\":1254,\"height\":836,\"caption\":\"Professional studio microphone, recording studio, equipment in the blurry background\"},{\"@type\":\"BreadcrumbList\",\"@id\":\"https:\/\/www.csf.bc.ca\/en\/2026\/04\/02\/les-orthophonistes-du-csf-temoignent-dans-un-reportage-de-radio-canada\/#breadcrumb\",\"itemListElement\":[{\"@type\":\"ListItem\",\"position\":1,\"name\":\"Home\",\"item\":\"https:\/\/www.csf.bc.ca\/en\/\"},{\"@type\":\"ListItem\",\"position\":2,\"name\":\"Les orthophonistes du CSF t\u00e9moignent dans un reportage de Radio-Canada\"}]},{\"@type\":\"WebSite\",\"@id\":\"https:\/\/www.csf.bc.ca\/en\/#website\",\"url\":\"https:\/\/www.csf.bc.ca\/en\/\",\"name\":\"Conseil scolaire francophone de la Colombie-Britannique\",\"description\":\"CSF\",\"publisher\":{\"@id\":\"https:\/\/www.csf.bc.ca\/en\/#organization\"},\"potentialAction\":[{\"@type\":\"SearchAction\",\"target\":{\"@type\":\"EntryPoint\",\"urlTemplate\":\"https:\/\/www.csf.bc.ca\/en\/?s={search_term_string}\"},\"query-input\":{\"@type\":\"PropertyValueSpecification\",\"valueRequired\":true,\"valueName\":\"search_term_string\"}}],\"inLanguage\":\"en-US\"},{\"@type\":\"Organization\",\"@id\":\"https:\/\/www.csf.bc.ca\/en\/#organization\",\"name\":\"Conseil scolaire francophone de la Colombie-Britannique\",\"url\":\"https:\/\/www.csf.bc.ca\/en\/\",\"logo\":{\"@type\":\"ImageObject\",\"inLanguage\":\"en-US\",\"@id\":\"https:\/\/www.csf.bc.ca\/en\/#\/schema\/logo\/image\/\",\"url\":\"https:\/\/www.csf.bc.ca\/wp-content\/uploads\/2022\/05\/csf-logoHoriz-desc-court-coul.svg\",\"contentUrl\":\"https:\/\/www.csf.bc.ca\/wp-content\/uploads\/2022\/05\/csf-logoHoriz-desc-court-coul.svg\",\"width\":842,\"height\":205,\"caption\":\"Conseil scolaire francophone de la Colombie-Britannique\"},\"image\":{\"@id\":\"https:\/\/www.csf.bc.ca\/en\/#\/schema\/logo\/image\/\"}},{\"@type\":\"Person\",\"@id\":\"https:\/\/www.csf.bc.ca\/en\/#\/schema\/person\/22c70ad892bd8e6c6ae5040918c74d76\",\"name\":\"csf\",\"image\":{\"@type\":\"ImageObject\",\"inLanguage\":\"en-US\",\"@id\":\"https:\/\/www.csf.bc.ca\/en\/#\/schema\/person\/image\/\",\"url\":\"https:\/\/secure.gravatar.com\/avatar\/6f2a6d26065f77b09f793418913d69362f1611663e90411b8d0ff25c7a63a3a5?s=96&d=mm&r=g\",\"contentUrl\":\"https:\/\/secure.gravatar.com\/avatar\/6f2a6d26065f77b09f793418913d69362f1611663e90411b8d0ff25c7a63a3a5?s=96&d=mm&r=g\",\"caption\":\"csf\"},\"url\":\"https:\/\/www.csf.bc.ca\/en\/author\/csf\/\"}]}<\/script>\n<!-- \/ Yoast SEO plugin. -->","yoast_head_json":{"title":"Les orthophonistes du CSF t\u00e9moignent dans un reportage de Radio-Canada | Conseil scolaire francophone de la Colombie-Britannique","robots":{"index":"index","follow":"follow","max-snippet":"max-snippet:-1","max-image-preview":"max-image-preview:large","max-video-preview":"max-video-preview:-1"},"canonical":"https:\/\/www.csf.bc.ca\/en\/2026\/04\/02\/les-orthophonistes-du-csf-temoignent-dans-un-reportage-de-radio-canada\/","og_locale":"en_US","og_type":"article","og_title":"Les orthophonistes du CSF t\u00e9moignent dans un reportage de Radio-Canada | Conseil scolaire francophone de la Colombie-Britannique","og_description":"Transmettre la langue fran\u00e7aise \u00e0 ses enfants, en contexte minoritaire, est un d\u00e9fi de taille [&hellip;]","og_url":"https:\/\/www.csf.bc.ca\/en\/2026\/04\/02\/les-orthophonistes-du-csf-temoignent-dans-un-reportage-de-radio-canada\/","og_site_name":"Conseil scolaire francophone de la Colombie-Britannique","article_published_time":"2026-04-02T15:00:00+00:00","og_image":[{"width":1254,"height":836,"url":"https:\/\/www.csf.bc.ca\/wp-content\/uploads\/2023\/09\/iStock-1130065303.jpg","type":"image\/jpeg"}],"author":"csf","twitter_card":"summary_large_image","twitter_misc":{"Written by":"csf","Est. reading time":"1 minute"},"schema":{"@context":"https:\/\/schema.org","@graph":[{"@type":"Article","@id":"https:\/\/www.csf.bc.ca\/en\/2026\/04\/02\/les-orthophonistes-du-csf-temoignent-dans-un-reportage-de-radio-canada\/#article","isPartOf":{"@id":"https:\/\/www.csf.bc.ca\/en\/2026\/04\/02\/les-orthophonistes-du-csf-temoignent-dans-un-reportage-de-radio-canada\/"},"author":{"name":"csf","@id":"https:\/\/www.csf.bc.ca\/en\/#\/schema\/person\/22c70ad892bd8e6c6ae5040918c74d76"},"headline":"Les orthophonistes du CSF t\u00e9moignent dans un reportage de Radio-Canada","datePublished":"2026-04-02T15:00:00+00:00","mainEntityOfPage":{"@id":"https:\/\/www.csf.bc.ca\/en\/2026\/04\/02\/les-orthophonistes-du-csf-temoignent-dans-un-reportage-de-radio-canada\/"},"wordCount":116,"publisher":{"@id":"https:\/\/www.csf.bc.ca\/en\/#organization"},"image":{"@id":"https:\/\/www.csf.bc.ca\/en\/2026\/04\/02\/les-orthophonistes-du-csf-temoignent-dans-un-reportage-de-radio-canada\/#primaryimage"},"thumbnailUrl":"https:\/\/www.csf.bc.ca\/wp-content\/uploads\/2023\/09\/iStock-1130065303.jpg","articleSection":["Petite enfance"],"inLanguage":"en-US"},{"@type":"WebPage","@id":"https:\/\/www.csf.bc.ca\/en\/2026\/04\/02\/les-orthophonistes-du-csf-temoignent-dans-un-reportage-de-radio-canada\/","url":"https:\/\/www.csf.bc.ca\/en\/2026\/04\/02\/les-orthophonistes-du-csf-temoignent-dans-un-reportage-de-radio-canada\/","name":"Les orthophonistes du CSF t\u00e9moignent dans un reportage de Radio-Canada | Conseil scolaire francophone de la Colombie-Britannique","isPartOf":{"@id":"https:\/\/www.csf.bc.ca\/en\/#website"},"primaryImageOfPage":{"@id":"https:\/\/www.csf.bc.ca\/en\/2026\/04\/02\/les-orthophonistes-du-csf-temoignent-dans-un-reportage-de-radio-canada\/#primaryimage"},"image":{"@id":"https:\/\/www.csf.bc.ca\/en\/2026\/04\/02\/les-orthophonistes-du-csf-temoignent-dans-un-reportage-de-radio-canada\/#primaryimage"},"thumbnailUrl":"https:\/\/www.csf.bc.ca\/wp-content\/uploads\/2023\/09\/iStock-1130065303.jpg","datePublished":"2026-04-02T15:00:00+00:00","breadcrumb":{"@id":"https:\/\/www.csf.bc.ca\/en\/2026\/04\/02\/les-orthophonistes-du-csf-temoignent-dans-un-reportage-de-radio-canada\/#breadcrumb"},"inLanguage":"en-US","potentialAction":[{"@type":"ReadAction","target":["https:\/\/www.csf.bc.ca\/en\/2026\/04\/02\/les-orthophonistes-du-csf-temoignent-dans-un-reportage-de-radio-canada\/"]}]},{"@type":"ImageObject","inLanguage":"en-US","@id":"https:\/\/www.csf.bc.ca\/en\/2026\/04\/02\/les-orthophonistes-du-csf-temoignent-dans-un-reportage-de-radio-canada\/#primaryimage","url":"https:\/\/www.csf.bc.ca\/wp-content\/uploads\/2023\/09\/iStock-1130065303.jpg","contentUrl":"https:\/\/www.csf.bc.ca\/wp-content\/uploads\/2023\/09\/iStock-1130065303.jpg","width":1254,"height":836,"caption":"Professional studio microphone, recording studio, equipment in the blurry background"},{"@type":"BreadcrumbList","@id":"https:\/\/www.csf.bc.ca\/en\/2026\/04\/02\/les-orthophonistes-du-csf-temoignent-dans-un-reportage-de-radio-canada\/#breadcrumb","itemListElement":[{"@type":"ListItem","position":1,"name":"Home","item":"https:\/\/www.csf.bc.ca\/en\/"},{"@type":"ListItem","position":2,"name":"Les orthophonistes du CSF t\u00e9moignent dans un reportage de Radio-Canada"}]},{"@type":"WebSite","@id":"https:\/\/www.csf.bc.ca\/en\/#website","url":"https:\/\/www.csf.bc.ca\/en\/","name":"Conseil scolaire francophone de la Colombie-Britannique","description":"CSF","publisher":{"@id":"https:\/\/www.csf.bc.ca\/en\/#organization"},"potentialAction":[{"@type":"SearchAction","target":{"@type":"EntryPoint","urlTemplate":"https:\/\/www.csf.bc.ca\/en\/?s={search_term_string}"},"query-input":{"@type":"PropertyValueSpecification","valueRequired":true,"valueName":"search_term_string"}}],"inLanguage":"en-US"},{"@type":"Organization","@id":"https:\/\/www.csf.bc.ca\/en\/#organization","name":"Conseil scolaire francophone de la Colombie-Britannique","url":"https:\/\/www.csf.bc.ca\/en\/","logo":{"@type":"ImageObject","inLanguage":"en-US","@id":"https:\/\/www.csf.bc.ca\/en\/#\/schema\/logo\/image\/","url":"https:\/\/www.csf.bc.ca\/wp-content\/uploads\/2022\/05\/csf-logoHoriz-desc-court-coul.svg","contentUrl":"https:\/\/www.csf.bc.ca\/wp-content\/uploads\/2022\/05\/csf-logoHoriz-desc-court-coul.svg","width":842,"height":205,"caption":"Conseil scolaire francophone de la Colombie-Britannique"},"image":{"@id":"https:\/\/www.csf.bc.ca\/en\/#\/schema\/logo\/image\/"}},{"@type":"Person","@id":"https:\/\/www.csf.bc.ca\/en\/#\/schema\/person\/22c70ad892bd8e6c6ae5040918c74d76","name":"csf","image":{"@type":"ImageObject","inLanguage":"en-US","@id":"https:\/\/www.csf.bc.ca\/en\/#\/schema\/person\/image\/","url":"https:\/\/secure.gravatar.com\/avatar\/6f2a6d26065f77b09f793418913d69362f1611663e90411b8d0ff25c7a63a3a5?s=96&d=mm&r=g","contentUrl":"https:\/\/secure.gravatar.com\/avatar\/6f2a6d26065f77b09f793418913d69362f1611663e90411b8d0ff25c7a63a3a5?s=96&d=mm&r=g","caption":"csf"},"url":"https:\/\/www.csf.bc.ca\/en\/author\/csf\/"}]}},"_links":{"self":[{"href":"https:\/\/www.csf.bc.ca\/en\/wp-json\/wp\/v2\/posts\/16747","targetHints":{"allow":["GET"]}}],"collection":[{"href":"https:\/\/www.csf.bc.ca\/en\/wp-json\/wp\/v2\/posts"}],"about":[{"href":"https:\/\/www.csf.bc.ca\/en\/wp-json\/wp\/v2\/types\/post"}],"author":[{"embeddable":true,"href":"https:\/\/www.csf.bc.ca\/en\/wp-json\/wp\/v2\/users\/2"}],"replies":[{"embeddable":true,"href":"https:\/\/www.csf.bc.ca\/en\/wp-json\/wp\/v2\/comments?post=16747"}],"version-history":[{"count":5,"href":"https:\/\/www.csf.bc.ca\/en\/wp-json\/wp\/v2\/posts\/16747\/revisions"}],"predecessor-version":[{"id":16753,"href":"https:\/\/www.csf.bc.ca\/en\/wp-json\/wp\/v2\/posts\/16747\/revisions\/16753"}],"wp:featuredmedia":[{"embeddable":true,"href":"https:\/\/www.csf.bc.ca\/en\/wp-json\/wp\/v2\/media\/9027"}],"wp:attachment":[{"href":"https:\/\/www.csf.bc.ca\/en\/wp-json\/wp\/v2\/media?parent=16747"}],"wp:term":[{"taxonomy":"category","embeddable":true,"href":"https:\/\/www.csf.bc.ca\/en\/wp-json\/wp\/v2\/categories?post=16747"},{"taxonomy":"post_tag","embeddable":true,"href":"https:\/\/www.csf.bc.ca\/en\/wp-json\/wp\/v2\/tags?post=16747"}],"curies":[{"name":"wp","href":"https:\/\/api.w.org\/{rel}","templated":true}]}}