{"id":16755,"date":"2026-03-31T14:50:38","date_gmt":"2026-03-31T21:50:38","guid":{"rendered":"https:\/\/www.csf.bc.ca\/?p=16755"},"modified":"2026-03-31T14:50:39","modified_gmt":"2026-03-31T21:50:39","slug":"les-eleves-de-lecole-des-colibris-et-des-voyageurs-de-passage-a-lemission-oniva","status":"publish","type":"post","link":"https:\/\/www.csf.bc.ca\/en\/2026\/03\/31\/les-eleves-de-lecole-des-colibris-et-des-voyageurs-de-passage-a-lemission-oniva\/","title":{"rendered":"Les \u00e9l\u00e8ves de l&#8217;\u00e9cole des Colibris et des Voyageurs de passage \u00e0 l&#8217;\u00e9mission ONIVA!"},"content":{"rendered":"\n<p>Les \u00e9l\u00e8ves de l&#8217;\u00e9cole des Colibris et des Voyageurs ont particip\u00e9 \u00e0 deux \u00e9pisodes de l&#8217;\u00e9mission jeunesse ONIVA! <\/p>\n\n\n\n<p>Lors du tournage, les \u00e9l\u00e8ves ont r\u00e9pondu \u00e0 plusieurs questions sur le r\u00f4le dans la peau dans notre corps et sur les caract\u00e9ristiques des d\u00e9serts dans les \u00e9cosyst\u00e8mes. <\/p>\n\n\n\n<p> F\u00e9licitations aux \u00e9l\u00e8ves pour leur contribution \u00e0 l\u2019\u00e9mission !<\/p>\n\n\n\n<p>ONIVA! est une \u00e9mission de Radio-Canada qui aborde un sujet diff\u00e9rent chaque semaine et s\u2019adresse aux enfants de 8 \u00e0 11 ans. Son format magazine, avec des entrevues, reportages, vox pop et jeux en fait un vif succ\u00e8s aupr\u00e8s des jeunes dans tout le pays !&nbsp;<\/p>\n\n\n\n<p>\ud83d\udcfa Si vous avez manqu\u00e9 le passage \u00e0 l&#8217;\u00e9mission des \u00e9l\u00e8ves de l&#8217;\u00e9cole des Colibris, consultez la vid\u00e9o <strong><a href=\"https:\/\/ici.radio-canada.ca\/jeunesse\/scolaire\/emissions\/441\/oniva\/episodes\/1153921\/peau-corps-humain-organe\/nosvideos\" target=\"_blank\" rel=\"noreferrer noopener\">ici<\/a><\/strong>.<\/p>\n\n\n\n<p>\ud83d\udcfa Si vous avez manqu\u00e9 le passage \u00e0 l&#8217;\u00e9mission des \u00e9l\u00e8ves de l&#8217;\u00e9cole des Voyageurs, consultez la vid\u00e9o <strong><a href=\"https:\/\/ici.radio-canada.ca\/jeunesse\/scolaire\/emissions\/441\/oniva\/episodes\/1157394\/deserts\/nosvideos\" target=\"_blank\" rel=\"noreferrer noopener\">ici<\/a><\/strong>.<\/p>\n\n\n\n<p><\/p>\n","protected":false},"excerpt":{"rendered":"<p>Les \u00e9l\u00e8ves de l&#8217;\u00e9cole des Colibris et des Voyageurs ont particip\u00e9 \u00e0 deux \u00e9pisodes de [&hellip;]<\/p>\n","protected":false},"author":2,"featured_media":12963,"comment_status":"closed","ping_status":"closed","sticky":false,"template":"","format":"standard","meta":{"_acf_changed":false,"footnotes":""},"categories":[44],"tags":[],"class_list":["post-16755","post","type-post","status-publish","format-standard","has-post-thumbnail","hentry","category-communaute"],"acf":[],"yoast_head":"<!-- This site is optimized with the Yoast SEO plugin v26.5 - https:\/\/yoast.com\/wordpress\/plugins\/seo\/ -->\n<title>Les \u00e9l\u00e8ves de l&#039;\u00e9cole des Colibris et des Voyageurs de passage \u00e0 l&#039;\u00e9mission ONIVA! | Conseil scolaire francophone de la Colombie-Britannique<\/title>\n<meta name=\"robots\" content=\"index, follow, max-snippet:-1, max-image-preview:large, max-video-preview:-1\" \/>\n<link rel=\"canonical\" href=\"https:\/\/www.csf.bc.ca\/en\/2026\/03\/31\/les-eleves-de-lecole-des-colibris-et-des-voyageurs-de-passage-a-lemission-oniva\/\" \/>\n<meta property=\"og:locale\" content=\"en_US\" \/>\n<meta property=\"og:type\" content=\"article\" \/>\n<meta property=\"og:title\" content=\"Les \u00e9l\u00e8ves de l&#039;\u00e9cole des Colibris et des Voyageurs de passage \u00e0 l&#039;\u00e9mission ONIVA! | Conseil scolaire francophone de la Colombie-Britannique\" \/>\n<meta property=\"og:description\" content=\"Les \u00e9l\u00e8ves de l&#8217;\u00e9cole des Colibris et des Voyageurs ont particip\u00e9 \u00e0 deux \u00e9pisodes de [&hellip;]\" \/>\n<meta property=\"og:url\" content=\"https:\/\/www.csf.bc.ca\/en\/2026\/03\/31\/les-eleves-de-lecole-des-colibris-et-des-voyageurs-de-passage-a-lemission-oniva\/\" \/>\n<meta property=\"og:site_name\" content=\"Conseil scolaire francophone de la Colombie-Britannique\" \/>\n<meta property=\"article:published_time\" content=\"2026-03-31T21:50:38+00:00\" \/>\n<meta property=\"article:modified_time\" content=\"2026-03-31T21:50:39+00:00\" \/>\n<meta property=\"og:image\" content=\"https:\/\/www.csf.bc.ca\/wp-content\/uploads\/2025\/01\/src_oniva_ott_program_v01.png\" \/>\n\t<meta property=\"og:image:width\" content=\"1200\" \/>\n\t<meta property=\"og:image:height\" content=\"675\" \/>\n\t<meta property=\"og:image:type\" content=\"image\/png\" \/>\n<meta name=\"author\" content=\"csf\" \/>\n<meta name=\"twitter:card\" content=\"summary_large_image\" \/>\n<meta name=\"twitter:label1\" content=\"Written by\" \/>\n\t<meta name=\"twitter:data1\" content=\"csf\" \/>\n\t<meta name=\"twitter:label2\" content=\"Est. reading time\" \/>\n\t<meta name=\"twitter:data2\" content=\"1 minute\" \/>\n<script type=\"application\/ld+json\" class=\"yoast-schema-graph\">{\"@context\":\"https:\/\/schema.org\",\"@graph\":[{\"@type\":\"Article\",\"@id\":\"https:\/\/www.csf.bc.ca\/en\/2026\/03\/31\/les-eleves-de-lecole-des-colibris-et-des-voyageurs-de-passage-a-lemission-oniva\/#article\",\"isPartOf\":{\"@id\":\"https:\/\/www.csf.bc.ca\/en\/2026\/03\/31\/les-eleves-de-lecole-des-colibris-et-des-voyageurs-de-passage-a-lemission-oniva\/\"},\"author\":{\"name\":\"csf\",\"@id\":\"https:\/\/www.csf.bc.ca\/en\/#\/schema\/person\/22c70ad892bd8e6c6ae5040918c74d76\"},\"headline\":\"Les \u00e9l\u00e8ves de l&#8217;\u00e9cole des Colibris et des Voyageurs de passage \u00e0 l&#8217;\u00e9mission ONIVA!\",\"datePublished\":\"2026-03-31T21:50:38+00:00\",\"dateModified\":\"2026-03-31T21:50:39+00:00\",\"mainEntityOfPage\":{\"@id\":\"https:\/\/www.csf.bc.ca\/en\/2026\/03\/31\/les-eleves-de-lecole-des-colibris-et-des-voyageurs-de-passage-a-lemission-oniva\/\"},\"wordCount\":168,\"publisher\":{\"@id\":\"https:\/\/www.csf.bc.ca\/en\/#organization\"},\"image\":{\"@id\":\"https:\/\/www.csf.bc.ca\/en\/2026\/03\/31\/les-eleves-de-lecole-des-colibris-et-des-voyageurs-de-passage-a-lemission-oniva\/#primaryimage\"},\"thumbnailUrl\":\"https:\/\/www.csf.bc.ca\/wp-content\/uploads\/2025\/01\/src_oniva_ott_program_v01.png\",\"articleSection\":[\"Communaut\u00e9\"],\"inLanguage\":\"en-US\"},{\"@type\":\"WebPage\",\"@id\":\"https:\/\/www.csf.bc.ca\/en\/2026\/03\/31\/les-eleves-de-lecole-des-colibris-et-des-voyageurs-de-passage-a-lemission-oniva\/\",\"url\":\"https:\/\/www.csf.bc.ca\/en\/2026\/03\/31\/les-eleves-de-lecole-des-colibris-et-des-voyageurs-de-passage-a-lemission-oniva\/\",\"name\":\"Les \u00e9l\u00e8ves de l'\u00e9cole des Colibris et des Voyageurs de passage \u00e0 l'\u00e9mission ONIVA! | Conseil scolaire francophone de la Colombie-Britannique\",\"isPartOf\":{\"@id\":\"https:\/\/www.csf.bc.ca\/en\/#website\"},\"primaryImageOfPage\":{\"@id\":\"https:\/\/www.csf.bc.ca\/en\/2026\/03\/31\/les-eleves-de-lecole-des-colibris-et-des-voyageurs-de-passage-a-lemission-oniva\/#primaryimage\"},\"image\":{\"@id\":\"https:\/\/www.csf.bc.ca\/en\/2026\/03\/31\/les-eleves-de-lecole-des-colibris-et-des-voyageurs-de-passage-a-lemission-oniva\/#primaryimage\"},\"thumbnailUrl\":\"https:\/\/www.csf.bc.ca\/wp-content\/uploads\/2025\/01\/src_oniva_ott_program_v01.png\",\"datePublished\":\"2026-03-31T21:50:38+00:00\",\"dateModified\":\"2026-03-31T21:50:39+00:00\",\"breadcrumb\":{\"@id\":\"https:\/\/www.csf.bc.ca\/en\/2026\/03\/31\/les-eleves-de-lecole-des-colibris-et-des-voyageurs-de-passage-a-lemission-oniva\/#breadcrumb\"},\"inLanguage\":\"en-US\",\"potentialAction\":[{\"@type\":\"ReadAction\",\"target\":[\"https:\/\/www.csf.bc.ca\/en\/2026\/03\/31\/les-eleves-de-lecole-des-colibris-et-des-voyageurs-de-passage-a-lemission-oniva\/\"]}]},{\"@type\":\"ImageObject\",\"inLanguage\":\"en-US\",\"@id\":\"https:\/\/www.csf.bc.ca\/en\/2026\/03\/31\/les-eleves-de-lecole-des-colibris-et-des-voyageurs-de-passage-a-lemission-oniva\/#primaryimage\",\"url\":\"https:\/\/www.csf.bc.ca\/wp-content\/uploads\/2025\/01\/src_oniva_ott_program_v01.png\",\"contentUrl\":\"https:\/\/www.csf.bc.ca\/wp-content\/uploads\/2025\/01\/src_oniva_ott_program_v01.png\",\"width\":1200,\"height\":675},{\"@type\":\"BreadcrumbList\",\"@id\":\"https:\/\/www.csf.bc.ca\/en\/2026\/03\/31\/les-eleves-de-lecole-des-colibris-et-des-voyageurs-de-passage-a-lemission-oniva\/#breadcrumb\",\"itemListElement\":[{\"@type\":\"ListItem\",\"position\":1,\"name\":\"Home\",\"item\":\"https:\/\/www.csf.bc.ca\/en\/\"},{\"@type\":\"ListItem\",\"position\":2,\"name\":\"Les \u00e9l\u00e8ves de l&#8217;\u00e9cole des Colibris et des Voyageurs de passage \u00e0 l&#8217;\u00e9mission ONIVA!\"}]},{\"@type\":\"WebSite\",\"@id\":\"https:\/\/www.csf.bc.ca\/en\/#website\",\"url\":\"https:\/\/www.csf.bc.ca\/en\/\",\"name\":\"Conseil scolaire francophone de la Colombie-Britannique\",\"description\":\"CSF\",\"publisher\":{\"@id\":\"https:\/\/www.csf.bc.ca\/en\/#organization\"},\"potentialAction\":[{\"@type\":\"SearchAction\",\"target\":{\"@type\":\"EntryPoint\",\"urlTemplate\":\"https:\/\/www.csf.bc.ca\/en\/?s={search_term_string}\"},\"query-input\":{\"@type\":\"PropertyValueSpecification\",\"valueRequired\":true,\"valueName\":\"search_term_string\"}}],\"inLanguage\":\"en-US\"},{\"@type\":\"Organization\",\"@id\":\"https:\/\/www.csf.bc.ca\/en\/#organization\",\"name\":\"Conseil scolaire francophone de la Colombie-Britannique\",\"url\":\"https:\/\/www.csf.bc.ca\/en\/\",\"logo\":{\"@type\":\"ImageObject\",\"inLanguage\":\"en-US\",\"@id\":\"https:\/\/www.csf.bc.ca\/en\/#\/schema\/logo\/image\/\",\"url\":\"https:\/\/www.csf.bc.ca\/wp-content\/uploads\/2022\/05\/csf-logoHoriz-desc-court-coul.svg\",\"contentUrl\":\"https:\/\/www.csf.bc.ca\/wp-content\/uploads\/2022\/05\/csf-logoHoriz-desc-court-coul.svg\",\"width\":842,\"height\":205,\"caption\":\"Conseil scolaire francophone de la Colombie-Britannique\"},\"image\":{\"@id\":\"https:\/\/www.csf.bc.ca\/en\/#\/schema\/logo\/image\/\"}},{\"@type\":\"Person\",\"@id\":\"https:\/\/www.csf.bc.ca\/en\/#\/schema\/person\/22c70ad892bd8e6c6ae5040918c74d76\",\"name\":\"csf\",\"image\":{\"@type\":\"ImageObject\",\"inLanguage\":\"en-US\",\"@id\":\"https:\/\/www.csf.bc.ca\/en\/#\/schema\/person\/image\/\",\"url\":\"https:\/\/secure.gravatar.com\/avatar\/6f2a6d26065f77b09f793418913d69362f1611663e90411b8d0ff25c7a63a3a5?s=96&d=mm&r=g\",\"contentUrl\":\"https:\/\/secure.gravatar.com\/avatar\/6f2a6d26065f77b09f793418913d69362f1611663e90411b8d0ff25c7a63a3a5?s=96&d=mm&r=g\",\"caption\":\"csf\"},\"url\":\"https:\/\/www.csf.bc.ca\/en\/author\/csf\/\"}]}<\/script>\n<!-- \/ Yoast SEO plugin. -->","yoast_head_json":{"title":"Les \u00e9l\u00e8ves de l'\u00e9cole des Colibris et des Voyageurs de passage \u00e0 l'\u00e9mission ONIVA! | Conseil scolaire francophone de la Colombie-Britannique","robots":{"index":"index","follow":"follow","max-snippet":"max-snippet:-1","max-image-preview":"max-image-preview:large","max-video-preview":"max-video-preview:-1"},"canonical":"https:\/\/www.csf.bc.ca\/en\/2026\/03\/31\/les-eleves-de-lecole-des-colibris-et-des-voyageurs-de-passage-a-lemission-oniva\/","og_locale":"en_US","og_type":"article","og_title":"Les \u00e9l\u00e8ves de l'\u00e9cole des Colibris et des Voyageurs de passage \u00e0 l'\u00e9mission ONIVA! | Conseil scolaire francophone de la Colombie-Britannique","og_description":"Les \u00e9l\u00e8ves de l&#8217;\u00e9cole des Colibris et des Voyageurs ont particip\u00e9 \u00e0 deux \u00e9pisodes de [&hellip;]","og_url":"https:\/\/www.csf.bc.ca\/en\/2026\/03\/31\/les-eleves-de-lecole-des-colibris-et-des-voyageurs-de-passage-a-lemission-oniva\/","og_site_name":"Conseil scolaire francophone de la Colombie-Britannique","article_published_time":"2026-03-31T21:50:38+00:00","article_modified_time":"2026-03-31T21:50:39+00:00","og_image":[{"width":1200,"height":675,"url":"https:\/\/www.csf.bc.ca\/wp-content\/uploads\/2025\/01\/src_oniva_ott_program_v01.png","type":"image\/png"}],"author":"csf","twitter_card":"summary_large_image","twitter_misc":{"Written by":"csf","Est. reading time":"1 minute"},"schema":{"@context":"https:\/\/schema.org","@graph":[{"@type":"Article","@id":"https:\/\/www.csf.bc.ca\/en\/2026\/03\/31\/les-eleves-de-lecole-des-colibris-et-des-voyageurs-de-passage-a-lemission-oniva\/#article","isPartOf":{"@id":"https:\/\/www.csf.bc.ca\/en\/2026\/03\/31\/les-eleves-de-lecole-des-colibris-et-des-voyageurs-de-passage-a-lemission-oniva\/"},"author":{"name":"csf","@id":"https:\/\/www.csf.bc.ca\/en\/#\/schema\/person\/22c70ad892bd8e6c6ae5040918c74d76"},"headline":"Les \u00e9l\u00e8ves de l&#8217;\u00e9cole des Colibris et des Voyageurs de passage \u00e0 l&#8217;\u00e9mission ONIVA!","datePublished":"2026-03-31T21:50:38+00:00","dateModified":"2026-03-31T21:50:39+00:00","mainEntityOfPage":{"@id":"https:\/\/www.csf.bc.ca\/en\/2026\/03\/31\/les-eleves-de-lecole-des-colibris-et-des-voyageurs-de-passage-a-lemission-oniva\/"},"wordCount":168,"publisher":{"@id":"https:\/\/www.csf.bc.ca\/en\/#organization"},"image":{"@id":"https:\/\/www.csf.bc.ca\/en\/2026\/03\/31\/les-eleves-de-lecole-des-colibris-et-des-voyageurs-de-passage-a-lemission-oniva\/#primaryimage"},"thumbnailUrl":"https:\/\/www.csf.bc.ca\/wp-content\/uploads\/2025\/01\/src_oniva_ott_program_v01.png","articleSection":["Communaut\u00e9"],"inLanguage":"en-US"},{"@type":"WebPage","@id":"https:\/\/www.csf.bc.ca\/en\/2026\/03\/31\/les-eleves-de-lecole-des-colibris-et-des-voyageurs-de-passage-a-lemission-oniva\/","url":"https:\/\/www.csf.bc.ca\/en\/2026\/03\/31\/les-eleves-de-lecole-des-colibris-et-des-voyageurs-de-passage-a-lemission-oniva\/","name":"Les \u00e9l\u00e8ves de l'\u00e9cole des Colibris et des Voyageurs de passage \u00e0 l'\u00e9mission ONIVA! | Conseil scolaire francophone de la Colombie-Britannique","isPartOf":{"@id":"https:\/\/www.csf.bc.ca\/en\/#website"},"primaryImageOfPage":{"@id":"https:\/\/www.csf.bc.ca\/en\/2026\/03\/31\/les-eleves-de-lecole-des-colibris-et-des-voyageurs-de-passage-a-lemission-oniva\/#primaryimage"},"image":{"@id":"https:\/\/www.csf.bc.ca\/en\/2026\/03\/31\/les-eleves-de-lecole-des-colibris-et-des-voyageurs-de-passage-a-lemission-oniva\/#primaryimage"},"thumbnailUrl":"https:\/\/www.csf.bc.ca\/wp-content\/uploads\/2025\/01\/src_oniva_ott_program_v01.png","datePublished":"2026-03-31T21:50:38+00:00","dateModified":"2026-03-31T21:50:39+00:00","breadcrumb":{"@id":"https:\/\/www.csf.bc.ca\/en\/2026\/03\/31\/les-eleves-de-lecole-des-colibris-et-des-voyageurs-de-passage-a-lemission-oniva\/#breadcrumb"},"inLanguage":"en-US","potentialAction":[{"@type":"ReadAction","target":["https:\/\/www.csf.bc.ca\/en\/2026\/03\/31\/les-eleves-de-lecole-des-colibris-et-des-voyageurs-de-passage-a-lemission-oniva\/"]}]},{"@type":"ImageObject","inLanguage":"en-US","@id":"https:\/\/www.csf.bc.ca\/en\/2026\/03\/31\/les-eleves-de-lecole-des-colibris-et-des-voyageurs-de-passage-a-lemission-oniva\/#primaryimage","url":"https:\/\/www.csf.bc.ca\/wp-content\/uploads\/2025\/01\/src_oniva_ott_program_v01.png","contentUrl":"https:\/\/www.csf.bc.ca\/wp-content\/uploads\/2025\/01\/src_oniva_ott_program_v01.png","width":1200,"height":675},{"@type":"BreadcrumbList","@id":"https:\/\/www.csf.bc.ca\/en\/2026\/03\/31\/les-eleves-de-lecole-des-colibris-et-des-voyageurs-de-passage-a-lemission-oniva\/#breadcrumb","itemListElement":[{"@type":"ListItem","position":1,"name":"Home","item":"https:\/\/www.csf.bc.ca\/en\/"},{"@type":"ListItem","position":2,"name":"Les \u00e9l\u00e8ves de l&#8217;\u00e9cole des Colibris et des Voyageurs de passage \u00e0 l&#8217;\u00e9mission ONIVA!"}]},{"@type":"WebSite","@id":"https:\/\/www.csf.bc.ca\/en\/#website","url":"https:\/\/www.csf.bc.ca\/en\/","name":"Conseil scolaire francophone de la Colombie-Britannique","description":"CSF","publisher":{"@id":"https:\/\/www.csf.bc.ca\/en\/#organization"},"potentialAction":[{"@type":"SearchAction","target":{"@type":"EntryPoint","urlTemplate":"https:\/\/www.csf.bc.ca\/en\/?s={search_term_string}"},"query-input":{"@type":"PropertyValueSpecification","valueRequired":true,"valueName":"search_term_string"}}],"inLanguage":"en-US"},{"@type":"Organization","@id":"https:\/\/www.csf.bc.ca\/en\/#organization","name":"Conseil scolaire francophone de la Colombie-Britannique","url":"https:\/\/www.csf.bc.ca\/en\/","logo":{"@type":"ImageObject","inLanguage":"en-US","@id":"https:\/\/www.csf.bc.ca\/en\/#\/schema\/logo\/image\/","url":"https:\/\/www.csf.bc.ca\/wp-content\/uploads\/2022\/05\/csf-logoHoriz-desc-court-coul.svg","contentUrl":"https:\/\/www.csf.bc.ca\/wp-content\/uploads\/2022\/05\/csf-logoHoriz-desc-court-coul.svg","width":842,"height":205,"caption":"Conseil scolaire francophone de la Colombie-Britannique"},"image":{"@id":"https:\/\/www.csf.bc.ca\/en\/#\/schema\/logo\/image\/"}},{"@type":"Person","@id":"https:\/\/www.csf.bc.ca\/en\/#\/schema\/person\/22c70ad892bd8e6c6ae5040918c74d76","name":"csf","image":{"@type":"ImageObject","inLanguage":"en-US","@id":"https:\/\/www.csf.bc.ca\/en\/#\/schema\/person\/image\/","url":"https:\/\/secure.gravatar.com\/avatar\/6f2a6d26065f77b09f793418913d69362f1611663e90411b8d0ff25c7a63a3a5?s=96&d=mm&r=g","contentUrl":"https:\/\/secure.gravatar.com\/avatar\/6f2a6d26065f77b09f793418913d69362f1611663e90411b8d0ff25c7a63a3a5?s=96&d=mm&r=g","caption":"csf"},"url":"https:\/\/www.csf.bc.ca\/en\/author\/csf\/"}]}},"_links":{"self":[{"href":"https:\/\/www.csf.bc.ca\/en\/wp-json\/wp\/v2\/posts\/16755","targetHints":{"allow":["GET"]}}],"collection":[{"href":"https:\/\/www.csf.bc.ca\/en\/wp-json\/wp\/v2\/posts"}],"about":[{"href":"https:\/\/www.csf.bc.ca\/en\/wp-json\/wp\/v2\/types\/post"}],"author":[{"embeddable":true,"href":"https:\/\/www.csf.bc.ca\/en\/wp-json\/wp\/v2\/users\/2"}],"replies":[{"embeddable":true,"href":"https:\/\/www.csf.bc.ca\/en\/wp-json\/wp\/v2\/comments?post=16755"}],"version-history":[{"count":4,"href":"https:\/\/www.csf.bc.ca\/en\/wp-json\/wp\/v2\/posts\/16755\/revisions"}],"predecessor-version":[{"id":16759,"href":"https:\/\/www.csf.bc.ca\/en\/wp-json\/wp\/v2\/posts\/16755\/revisions\/16759"}],"wp:featuredmedia":[{"embeddable":true,"href":"https:\/\/www.csf.bc.ca\/en\/wp-json\/wp\/v2\/media\/12963"}],"wp:attachment":[{"href":"https:\/\/www.csf.bc.ca\/en\/wp-json\/wp\/v2\/media?parent=16755"}],"wp:term":[{"taxonomy":"category","embeddable":true,"href":"https:\/\/www.csf.bc.ca\/en\/wp-json\/wp\/v2\/categories?post=16755"},{"taxonomy":"post_tag","embeddable":true,"href":"https:\/\/www.csf.bc.ca\/en\/wp-json\/wp\/v2\/tags?post=16755"}],"curies":[{"name":"wp","href":"https:\/\/api.w.org\/{rel}","templated":true}]}}