{"id":16937,"date":"2026-04-29T15:13:49","date_gmt":"2026-04-29T22:13:49","guid":{"rendered":"https:\/\/www.csf.bc.ca\/?p=16937"},"modified":"2026-04-29T15:13:49","modified_gmt":"2026-04-29T22:13:49","slug":"inauguration-de-la-murale-autochtone-de-lecole-franco-nord-de-prince-george","status":"publish","type":"post","link":"https:\/\/www.csf.bc.ca\/en\/2026\/04\/29\/inauguration-de-la-murale-autochtone-de-lecole-franco-nord-de-prince-george\/","title":{"rendered":"Inauguration de la murale autochtone de l\u2019\u00e9cole Franco-nord de Prince George\u00a0"},"content":{"rendered":"\n<p>L\u2019artiste&nbsp;Kym Gouchie&nbsp;a travaill\u00e9, aux c\u00f4t\u00e9s des \u00e9l\u00e8ves de 6e et 7e ann\u00e9e, pour donner vie \u00e0 une toute nouvelle murale autochtone dans le gymnase de l\u2019\u00e9cole Franco-nord.<\/p>\n\n\n\n<p>L\u2019artiste autochtone avait d\u2019ores et d\u00e9j\u00e0 collabor\u00e9 avec l\u2019\u00e9cole dans le cadre de projets culturels, ce qui a naturellement renforc\u00e9 la relation entre la communaut\u00e9-\u00e9cole de Franco-nord et Kym Gouchie.<\/p>\n\n\n\n<p>Pour Nancy Gauthier, l\u2019id\u00e9e de cr\u00e9er une murale en collaboration avec une artiste autochtone locale s\u2019inscrit directement dans le projet \u00e9ducatif, qui vise notamment \u00e0 renforcer la pr\u00e9sence d\u2019\u00e9l\u00e9ments culturels autochtones au sein de l\u2019\u00e9cole. L\u2019implication des \u00e9l\u00e8ves dans ce processus constitue un levier p\u00e9dagogique concret pour int\u00e9grer les enseignements autochtones en classe, tout en donnant vie \u00e0 une \u0153uvre collective dont l\u2019ensemble de la communaut\u00e9 scolaire pourra profiter.<\/p>\n\n\n\n<p>La murale se trouve dans le gymnase et y d\u00e9peint le territoire Lheidli T\u2019enneh, sur lequel se situe l\u2019\u00e9cole. Kym Gouchie y a peint les rivi\u00e8res et le saumon, qui sont des \u00e9l\u00e9ments culturels forts pour la Nation locale.<\/p>\n\n\n\n<p>Ce projet culturel s\u2019inscrit dans la continuit\u00e9 des efforts du CSF pour promouvoir les cultures autochtones et les int\u00e9grer dans les enseignements destin\u00e9s aux \u00e9l\u00e8ves. <\/p>\n\n\n\n<p>\ud83d\udcfa Revivez en images l\u2019inauguration de la murale ici \ud83d\udc47<\/p>\n\n\n\n<figure class=\"wp-block-embed is-type-wp-embed is-provider-d-2212 wp-block-embed-d-2212\"><div class=\"wp-block-embed__wrapper\">\n<blockquote class=\"wp-embedded-content\" data-secret=\"KqpOEGZLKj\"><a href=\"https:\/\/ckpgtoday.ca\/2026\/04\/07\/from-kindergarten-to-grade-7-every-student-left-their-mark-on-ecole-franco-nords-new-indigenous-mural\/\">From kindergarten to Grade 7, every student left their mark on \u00c9cole Franco-Nord&#8217;s new Indigenous mural<\/a><\/blockquote><iframe loading=\"lazy\" class=\"wp-embedded-content\" sandbox=\"allow-scripts\" security=\"restricted\" style=\"position: absolute; visibility: hidden;\" title=\"&#8220;From kindergarten to Grade 7, every student left their mark on \u00c9cole Franco-Nord&#8217;s new Indigenous mural&#8221; &#8212; d2212\" src=\"https:\/\/ckpgtoday.ca\/2026\/04\/07\/from-kindergarten-to-grade-7-every-student-left-their-mark-on-ecole-franco-nords-new-indigenous-mural\/embed\/#?secret=fxUHVdTwep#?secret=KqpOEGZLKj\" data-secret=\"KqpOEGZLKj\" width=\"500\" height=\"282\" frameborder=\"0\" marginwidth=\"0\" marginheight=\"0\" scrolling=\"no\"><\/iframe>\n<\/div><\/figure>\n","protected":false},"excerpt":{"rendered":"<p>L\u2019artiste&nbsp;Kym Gouchie&nbsp;a travaill\u00e9, aux c\u00f4t\u00e9s des \u00e9l\u00e8ves de 6e et 7e ann\u00e9e, pour donner vie [&hellip;]<\/p>\n","protected":false},"author":2,"featured_media":16979,"comment_status":"closed","ping_status":"closed","sticky":false,"template":"","format":"standard","meta":{"_acf_changed":false,"footnotes":""},"categories":[41],"tags":[],"class_list":["post-16937","post","type-post","status-publish","format-standard","has-post-thumbnail","hentry","category-reconciliation"],"acf":[],"yoast_head":"<!-- This site is optimized with the Yoast SEO plugin v26.5 - https:\/\/yoast.com\/wordpress\/plugins\/seo\/ -->\n<title>Inauguration de la murale autochtone de l\u2019\u00e9cole Franco-nord de Prince George\u00a0 | Conseil scolaire francophone de la Colombie-Britannique<\/title>\n<meta name=\"robots\" content=\"index, follow, max-snippet:-1, max-image-preview:large, max-video-preview:-1\" \/>\n<link rel=\"canonical\" href=\"https:\/\/www.csf.bc.ca\/en\/2026\/04\/29\/inauguration-de-la-murale-autochtone-de-lecole-franco-nord-de-prince-george\/\" \/>\n<meta property=\"og:locale\" content=\"en_US\" \/>\n<meta property=\"og:type\" content=\"article\" \/>\n<meta property=\"og:title\" content=\"Inauguration de la murale autochtone de l\u2019\u00e9cole Franco-nord de Prince George\u00a0 | Conseil scolaire francophone de la Colombie-Britannique\" \/>\n<meta property=\"og:description\" content=\"L\u2019artiste&nbsp;Kym Gouchie&nbsp;a travaill\u00e9, aux c\u00f4t\u00e9s des \u00e9l\u00e8ves de 6e et 7e ann\u00e9e, pour donner vie [&hellip;]\" \/>\n<meta property=\"og:url\" content=\"https:\/\/www.csf.bc.ca\/en\/2026\/04\/29\/inauguration-de-la-murale-autochtone-de-lecole-franco-nord-de-prince-george\/\" \/>\n<meta property=\"og:site_name\" content=\"Conseil scolaire francophone de la Colombie-Britannique\" \/>\n<meta property=\"article:published_time\" content=\"2026-04-29T22:13:49+00:00\" \/>\n<meta property=\"og:image\" content=\"https:\/\/www.csf.bc.ca\/wp-content\/uploads\/2026\/04\/Screen-Shot-2026-04-29-at-2.41.04-PM.png\" \/>\n\t<meta property=\"og:image:width\" content=\"876\" \/>\n\t<meta property=\"og:image:height\" content=\"429\" \/>\n\t<meta property=\"og:image:type\" content=\"image\/png\" \/>\n<meta name=\"author\" content=\"csf\" \/>\n<meta name=\"twitter:card\" content=\"summary_large_image\" \/>\n<meta name=\"twitter:label1\" content=\"Written by\" \/>\n\t<meta name=\"twitter:data1\" content=\"csf\" \/>\n\t<meta name=\"twitter:label2\" content=\"Est. reading time\" \/>\n\t<meta name=\"twitter:data2\" content=\"2 minutes\" \/>\n<script type=\"application\/ld+json\" class=\"yoast-schema-graph\">{\"@context\":\"https:\/\/schema.org\",\"@graph\":[{\"@type\":\"Article\",\"@id\":\"https:\/\/www.csf.bc.ca\/en\/2026\/04\/29\/inauguration-de-la-murale-autochtone-de-lecole-franco-nord-de-prince-george\/#article\",\"isPartOf\":{\"@id\":\"https:\/\/www.csf.bc.ca\/en\/2026\/04\/29\/inauguration-de-la-murale-autochtone-de-lecole-franco-nord-de-prince-george\/\"},\"author\":{\"name\":\"csf\",\"@id\":\"https:\/\/www.csf.bc.ca\/en\/#\/schema\/person\/22c70ad892bd8e6c6ae5040918c74d76\"},\"headline\":\"Inauguration de la murale autochtone de l\u2019\u00e9cole Franco-nord de Prince George\u00a0\",\"datePublished\":\"2026-04-29T22:13:49+00:00\",\"mainEntityOfPage\":{\"@id\":\"https:\/\/www.csf.bc.ca\/en\/2026\/04\/29\/inauguration-de-la-murale-autochtone-de-lecole-franco-nord-de-prince-george\/\"},\"wordCount\":251,\"publisher\":{\"@id\":\"https:\/\/www.csf.bc.ca\/en\/#organization\"},\"image\":{\"@id\":\"https:\/\/www.csf.bc.ca\/en\/2026\/04\/29\/inauguration-de-la-murale-autochtone-de-lecole-franco-nord-de-prince-george\/#primaryimage\"},\"thumbnailUrl\":\"https:\/\/www.csf.bc.ca\/wp-content\/uploads\/2026\/04\/Screen-Shot-2026-04-29-at-2.41.04-PM.png\",\"articleSection\":[\"R\u00e9conciliation\"],\"inLanguage\":\"en-US\"},{\"@type\":\"WebPage\",\"@id\":\"https:\/\/www.csf.bc.ca\/en\/2026\/04\/29\/inauguration-de-la-murale-autochtone-de-lecole-franco-nord-de-prince-george\/\",\"url\":\"https:\/\/www.csf.bc.ca\/en\/2026\/04\/29\/inauguration-de-la-murale-autochtone-de-lecole-franco-nord-de-prince-george\/\",\"name\":\"Inauguration de la murale autochtone de l\u2019\u00e9cole Franco-nord de Prince George\u00a0 | Conseil scolaire francophone de la Colombie-Britannique\",\"isPartOf\":{\"@id\":\"https:\/\/www.csf.bc.ca\/en\/#website\"},\"primaryImageOfPage\":{\"@id\":\"https:\/\/www.csf.bc.ca\/en\/2026\/04\/29\/inauguration-de-la-murale-autochtone-de-lecole-franco-nord-de-prince-george\/#primaryimage\"},\"image\":{\"@id\":\"https:\/\/www.csf.bc.ca\/en\/2026\/04\/29\/inauguration-de-la-murale-autochtone-de-lecole-franco-nord-de-prince-george\/#primaryimage\"},\"thumbnailUrl\":\"https:\/\/www.csf.bc.ca\/wp-content\/uploads\/2026\/04\/Screen-Shot-2026-04-29-at-2.41.04-PM.png\",\"datePublished\":\"2026-04-29T22:13:49+00:00\",\"breadcrumb\":{\"@id\":\"https:\/\/www.csf.bc.ca\/en\/2026\/04\/29\/inauguration-de-la-murale-autochtone-de-lecole-franco-nord-de-prince-george\/#breadcrumb\"},\"inLanguage\":\"en-US\",\"potentialAction\":[{\"@type\":\"ReadAction\",\"target\":[\"https:\/\/www.csf.bc.ca\/en\/2026\/04\/29\/inauguration-de-la-murale-autochtone-de-lecole-franco-nord-de-prince-george\/\"]}]},{\"@type\":\"ImageObject\",\"inLanguage\":\"en-US\",\"@id\":\"https:\/\/www.csf.bc.ca\/en\/2026\/04\/29\/inauguration-de-la-murale-autochtone-de-lecole-franco-nord-de-prince-george\/#primaryimage\",\"url\":\"https:\/\/www.csf.bc.ca\/wp-content\/uploads\/2026\/04\/Screen-Shot-2026-04-29-at-2.41.04-PM.png\",\"contentUrl\":\"https:\/\/www.csf.bc.ca\/wp-content\/uploads\/2026\/04\/Screen-Shot-2026-04-29-at-2.41.04-PM.png\",\"width\":876,\"height\":429},{\"@type\":\"BreadcrumbList\",\"@id\":\"https:\/\/www.csf.bc.ca\/en\/2026\/04\/29\/inauguration-de-la-murale-autochtone-de-lecole-franco-nord-de-prince-george\/#breadcrumb\",\"itemListElement\":[{\"@type\":\"ListItem\",\"position\":1,\"name\":\"Home\",\"item\":\"https:\/\/www.csf.bc.ca\/en\/\"},{\"@type\":\"ListItem\",\"position\":2,\"name\":\"Inauguration de la murale autochtone de l\u2019\u00e9cole Franco-nord de Prince George\u00a0\"}]},{\"@type\":\"WebSite\",\"@id\":\"https:\/\/www.csf.bc.ca\/en\/#website\",\"url\":\"https:\/\/www.csf.bc.ca\/en\/\",\"name\":\"Conseil scolaire francophone de la Colombie-Britannique\",\"description\":\"CSF\",\"publisher\":{\"@id\":\"https:\/\/www.csf.bc.ca\/en\/#organization\"},\"potentialAction\":[{\"@type\":\"SearchAction\",\"target\":{\"@type\":\"EntryPoint\",\"urlTemplate\":\"https:\/\/www.csf.bc.ca\/en\/?s={search_term_string}\"},\"query-input\":{\"@type\":\"PropertyValueSpecification\",\"valueRequired\":true,\"valueName\":\"search_term_string\"}}],\"inLanguage\":\"en-US\"},{\"@type\":\"Organization\",\"@id\":\"https:\/\/www.csf.bc.ca\/en\/#organization\",\"name\":\"Conseil scolaire francophone de la Colombie-Britannique\",\"url\":\"https:\/\/www.csf.bc.ca\/en\/\",\"logo\":{\"@type\":\"ImageObject\",\"inLanguage\":\"en-US\",\"@id\":\"https:\/\/www.csf.bc.ca\/en\/#\/schema\/logo\/image\/\",\"url\":\"https:\/\/www.csf.bc.ca\/wp-content\/uploads\/2022\/05\/csf-logoHoriz-desc-court-coul.svg\",\"contentUrl\":\"https:\/\/www.csf.bc.ca\/wp-content\/uploads\/2022\/05\/csf-logoHoriz-desc-court-coul.svg\",\"width\":842,\"height\":205,\"caption\":\"Conseil scolaire francophone de la Colombie-Britannique\"},\"image\":{\"@id\":\"https:\/\/www.csf.bc.ca\/en\/#\/schema\/logo\/image\/\"}},{\"@type\":\"Person\",\"@id\":\"https:\/\/www.csf.bc.ca\/en\/#\/schema\/person\/22c70ad892bd8e6c6ae5040918c74d76\",\"name\":\"csf\",\"image\":{\"@type\":\"ImageObject\",\"inLanguage\":\"en-US\",\"@id\":\"https:\/\/www.csf.bc.ca\/en\/#\/schema\/person\/image\/\",\"url\":\"https:\/\/secure.gravatar.com\/avatar\/6f2a6d26065f77b09f793418913d69362f1611663e90411b8d0ff25c7a63a3a5?s=96&d=mm&r=g\",\"contentUrl\":\"https:\/\/secure.gravatar.com\/avatar\/6f2a6d26065f77b09f793418913d69362f1611663e90411b8d0ff25c7a63a3a5?s=96&d=mm&r=g\",\"caption\":\"csf\"},\"url\":\"https:\/\/www.csf.bc.ca\/en\/author\/csf\/\"}]}<\/script>\n<!-- \/ Yoast SEO plugin. -->","yoast_head_json":{"title":"Inauguration de la murale autochtone de l\u2019\u00e9cole Franco-nord de Prince George\u00a0 | Conseil scolaire francophone de la Colombie-Britannique","robots":{"index":"index","follow":"follow","max-snippet":"max-snippet:-1","max-image-preview":"max-image-preview:large","max-video-preview":"max-video-preview:-1"},"canonical":"https:\/\/www.csf.bc.ca\/en\/2026\/04\/29\/inauguration-de-la-murale-autochtone-de-lecole-franco-nord-de-prince-george\/","og_locale":"en_US","og_type":"article","og_title":"Inauguration de la murale autochtone de l\u2019\u00e9cole Franco-nord de Prince George\u00a0 | Conseil scolaire francophone de la Colombie-Britannique","og_description":"L\u2019artiste&nbsp;Kym Gouchie&nbsp;a travaill\u00e9, aux c\u00f4t\u00e9s des \u00e9l\u00e8ves de 6e et 7e ann\u00e9e, pour donner vie [&hellip;]","og_url":"https:\/\/www.csf.bc.ca\/en\/2026\/04\/29\/inauguration-de-la-murale-autochtone-de-lecole-franco-nord-de-prince-george\/","og_site_name":"Conseil scolaire francophone de la Colombie-Britannique","article_published_time":"2026-04-29T22:13:49+00:00","og_image":[{"width":876,"height":429,"url":"https:\/\/www.csf.bc.ca\/wp-content\/uploads\/2026\/04\/Screen-Shot-2026-04-29-at-2.41.04-PM.png","type":"image\/png"}],"author":"csf","twitter_card":"summary_large_image","twitter_misc":{"Written by":"csf","Est. reading time":"2 minutes"},"schema":{"@context":"https:\/\/schema.org","@graph":[{"@type":"Article","@id":"https:\/\/www.csf.bc.ca\/en\/2026\/04\/29\/inauguration-de-la-murale-autochtone-de-lecole-franco-nord-de-prince-george\/#article","isPartOf":{"@id":"https:\/\/www.csf.bc.ca\/en\/2026\/04\/29\/inauguration-de-la-murale-autochtone-de-lecole-franco-nord-de-prince-george\/"},"author":{"name":"csf","@id":"https:\/\/www.csf.bc.ca\/en\/#\/schema\/person\/22c70ad892bd8e6c6ae5040918c74d76"},"headline":"Inauguration de la murale autochtone de l\u2019\u00e9cole Franco-nord de Prince George\u00a0","datePublished":"2026-04-29T22:13:49+00:00","mainEntityOfPage":{"@id":"https:\/\/www.csf.bc.ca\/en\/2026\/04\/29\/inauguration-de-la-murale-autochtone-de-lecole-franco-nord-de-prince-george\/"},"wordCount":251,"publisher":{"@id":"https:\/\/www.csf.bc.ca\/en\/#organization"},"image":{"@id":"https:\/\/www.csf.bc.ca\/en\/2026\/04\/29\/inauguration-de-la-murale-autochtone-de-lecole-franco-nord-de-prince-george\/#primaryimage"},"thumbnailUrl":"https:\/\/www.csf.bc.ca\/wp-content\/uploads\/2026\/04\/Screen-Shot-2026-04-29-at-2.41.04-PM.png","articleSection":["R\u00e9conciliation"],"inLanguage":"en-US"},{"@type":"WebPage","@id":"https:\/\/www.csf.bc.ca\/en\/2026\/04\/29\/inauguration-de-la-murale-autochtone-de-lecole-franco-nord-de-prince-george\/","url":"https:\/\/www.csf.bc.ca\/en\/2026\/04\/29\/inauguration-de-la-murale-autochtone-de-lecole-franco-nord-de-prince-george\/","name":"Inauguration de la murale autochtone de l\u2019\u00e9cole Franco-nord de Prince George\u00a0 | Conseil scolaire francophone de la Colombie-Britannique","isPartOf":{"@id":"https:\/\/www.csf.bc.ca\/en\/#website"},"primaryImageOfPage":{"@id":"https:\/\/www.csf.bc.ca\/en\/2026\/04\/29\/inauguration-de-la-murale-autochtone-de-lecole-franco-nord-de-prince-george\/#primaryimage"},"image":{"@id":"https:\/\/www.csf.bc.ca\/en\/2026\/04\/29\/inauguration-de-la-murale-autochtone-de-lecole-franco-nord-de-prince-george\/#primaryimage"},"thumbnailUrl":"https:\/\/www.csf.bc.ca\/wp-content\/uploads\/2026\/04\/Screen-Shot-2026-04-29-at-2.41.04-PM.png","datePublished":"2026-04-29T22:13:49+00:00","breadcrumb":{"@id":"https:\/\/www.csf.bc.ca\/en\/2026\/04\/29\/inauguration-de-la-murale-autochtone-de-lecole-franco-nord-de-prince-george\/#breadcrumb"},"inLanguage":"en-US","potentialAction":[{"@type":"ReadAction","target":["https:\/\/www.csf.bc.ca\/en\/2026\/04\/29\/inauguration-de-la-murale-autochtone-de-lecole-franco-nord-de-prince-george\/"]}]},{"@type":"ImageObject","inLanguage":"en-US","@id":"https:\/\/www.csf.bc.ca\/en\/2026\/04\/29\/inauguration-de-la-murale-autochtone-de-lecole-franco-nord-de-prince-george\/#primaryimage","url":"https:\/\/www.csf.bc.ca\/wp-content\/uploads\/2026\/04\/Screen-Shot-2026-04-29-at-2.41.04-PM.png","contentUrl":"https:\/\/www.csf.bc.ca\/wp-content\/uploads\/2026\/04\/Screen-Shot-2026-04-29-at-2.41.04-PM.png","width":876,"height":429},{"@type":"BreadcrumbList","@id":"https:\/\/www.csf.bc.ca\/en\/2026\/04\/29\/inauguration-de-la-murale-autochtone-de-lecole-franco-nord-de-prince-george\/#breadcrumb","itemListElement":[{"@type":"ListItem","position":1,"name":"Home","item":"https:\/\/www.csf.bc.ca\/en\/"},{"@type":"ListItem","position":2,"name":"Inauguration de la murale autochtone de l\u2019\u00e9cole Franco-nord de Prince George\u00a0"}]},{"@type":"WebSite","@id":"https:\/\/www.csf.bc.ca\/en\/#website","url":"https:\/\/www.csf.bc.ca\/en\/","name":"Conseil scolaire francophone de la Colombie-Britannique","description":"CSF","publisher":{"@id":"https:\/\/www.csf.bc.ca\/en\/#organization"},"potentialAction":[{"@type":"SearchAction","target":{"@type":"EntryPoint","urlTemplate":"https:\/\/www.csf.bc.ca\/en\/?s={search_term_string}"},"query-input":{"@type":"PropertyValueSpecification","valueRequired":true,"valueName":"search_term_string"}}],"inLanguage":"en-US"},{"@type":"Organization","@id":"https:\/\/www.csf.bc.ca\/en\/#organization","name":"Conseil scolaire francophone de la Colombie-Britannique","url":"https:\/\/www.csf.bc.ca\/en\/","logo":{"@type":"ImageObject","inLanguage":"en-US","@id":"https:\/\/www.csf.bc.ca\/en\/#\/schema\/logo\/image\/","url":"https:\/\/www.csf.bc.ca\/wp-content\/uploads\/2022\/05\/csf-logoHoriz-desc-court-coul.svg","contentUrl":"https:\/\/www.csf.bc.ca\/wp-content\/uploads\/2022\/05\/csf-logoHoriz-desc-court-coul.svg","width":842,"height":205,"caption":"Conseil scolaire francophone de la Colombie-Britannique"},"image":{"@id":"https:\/\/www.csf.bc.ca\/en\/#\/schema\/logo\/image\/"}},{"@type":"Person","@id":"https:\/\/www.csf.bc.ca\/en\/#\/schema\/person\/22c70ad892bd8e6c6ae5040918c74d76","name":"csf","image":{"@type":"ImageObject","inLanguage":"en-US","@id":"https:\/\/www.csf.bc.ca\/en\/#\/schema\/person\/image\/","url":"https:\/\/secure.gravatar.com\/avatar\/6f2a6d26065f77b09f793418913d69362f1611663e90411b8d0ff25c7a63a3a5?s=96&d=mm&r=g","contentUrl":"https:\/\/secure.gravatar.com\/avatar\/6f2a6d26065f77b09f793418913d69362f1611663e90411b8d0ff25c7a63a3a5?s=96&d=mm&r=g","caption":"csf"},"url":"https:\/\/www.csf.bc.ca\/en\/author\/csf\/"}]}},"_links":{"self":[{"href":"https:\/\/www.csf.bc.ca\/en\/wp-json\/wp\/v2\/posts\/16937","targetHints":{"allow":["GET"]}}],"collection":[{"href":"https:\/\/www.csf.bc.ca\/en\/wp-json\/wp\/v2\/posts"}],"about":[{"href":"https:\/\/www.csf.bc.ca\/en\/wp-json\/wp\/v2\/types\/post"}],"author":[{"embeddable":true,"href":"https:\/\/www.csf.bc.ca\/en\/wp-json\/wp\/v2\/users\/2"}],"replies":[{"embeddable":true,"href":"https:\/\/www.csf.bc.ca\/en\/wp-json\/wp\/v2\/comments?post=16937"}],"version-history":[{"count":1,"href":"https:\/\/www.csf.bc.ca\/en\/wp-json\/wp\/v2\/posts\/16937\/revisions"}],"predecessor-version":[{"id":16938,"href":"https:\/\/www.csf.bc.ca\/en\/wp-json\/wp\/v2\/posts\/16937\/revisions\/16938"}],"wp:featuredmedia":[{"embeddable":true,"href":"https:\/\/www.csf.bc.ca\/en\/wp-json\/wp\/v2\/media\/16979"}],"wp:attachment":[{"href":"https:\/\/www.csf.bc.ca\/en\/wp-json\/wp\/v2\/media?parent=16937"}],"wp:term":[{"taxonomy":"category","embeddable":true,"href":"https:\/\/www.csf.bc.ca\/en\/wp-json\/wp\/v2\/categories?post=16937"},{"taxonomy":"post_tag","embeddable":true,"href":"https:\/\/www.csf.bc.ca\/en\/wp-json\/wp\/v2\/tags?post=16937"}],"curies":[{"name":"wp","href":"https:\/\/api.w.org\/{rel}","templated":true}]}}