{"id":18140,"date":"2026-09-02T09:49:48","date_gmt":"2026-09-02T16:49:48","guid":{"rendered":"https:\/\/www.csf.bc.ca\/?p=18140"},"modified":"2026-09-02T09:50:53","modified_gmt":"2026-09-02T16:50:53","slug":"plus-de-places-en-services-de-garde-dans-les-ecoles","status":"publish","type":"post","link":"https:\/\/www.csf.bc.ca\/en\/2026\/09\/02\/plus-de-places-en-services-de-garde-dans-les-ecoles\/","title":{"rendered":"Plus de places en services de garde dans les \u00e9coles"},"content":{"rendered":"\n<p><strong>RICHMOND, le 2 septembre 2026 \u2013<\/strong>&nbsp;&nbsp;Le minist\u00e8re de l&#8217;\u00c9ducation et des Services \u00e0 la petite enfance annonce des places suppl\u00e9mentaires dans les services de garde de plusieurs \u00e9coles de la Colombie-Britannique. Cette mesure concerne 5 \u00e9coles du CSF. <\/p>\n\n\n\n<hr class=\"wp-block-separator has-alpha-channel-opacity\"\/>\n\n\n\n<p><strong>Pour diffusion imm\u00e9diate<\/strong><br>Le 31 ao\u00fbt 2026<\/p>\n\n\n\n<p class=\"has-text-align-center has-luminous-vivid-orange-color has-text-color has-link-color wp-elements-38b26b3896d735a9378746b2cac43dda\"><strong>COMMUNIQU\u00c9 DE PRESSE<\/strong><\/p>\n\n\n\n<p class=\"has-text-align-center\">&nbsp;<strong>Plus de places en services de garde dans les \u00e9coles<\/strong><br>Un financement permet aux districts scolaires de cr\u00e9er et d\u2019\u00e9largir des programmes de services de garde<\/p>\n\n\n\n<p><\/p>\n\n\n\n<p><strong>NANAIMO&nbsp;\u2013&nbsp;<\/strong><\/p>\n\n\n\n<h4 class=\"wp-block-heading\"><strong>En bref :<\/strong><\/h4>\n\n\n\n<ul class=\"wp-block-list\">\n<li>Environ 1 200 nouvelles places en services de garde avant et apr\u00e8s l\u2019\u00e9cole devraient \u00eatre offertes sur les terrains des \u00e9coles au cours de la prochaine ann\u00e9e.<br><\/li>\n\n\n\n<li>Vingt-deux districts scolaires re\u00e7oivent des fonds d\u2019immobilisations pour cr\u00e9er ces places dans le cadre d\u2019un nouveau programme de financement des immobilisations pour les services de garde.<br><\/li>\n\n\n\n<li>\u00c0 l\u2019automne 2026, les districts scolaires pourront aussi demander du financement dans le cadre d\u2019un programme de 2,9 millions de dollars pour cr\u00e9er, sur les terrains des \u00e9coles, des programmes de garde destin\u00e9s aux enfants d\u2019\u00e2ge scolaire et g\u00e9r\u00e9s par les conseils scolaires.<strong>&nbsp;<\/strong><\/li>\n<\/ul>\n\n\n\n<p>Dans 22 districts scolaires, les familles auront bient\u00f4t acc\u00e8s \u00e0 environ 1 200 nouvelles places en services de garde agr\u00e9\u00e9s avant et apr\u00e8s l\u2019\u00e9cole, gr\u00e2ce \u00e0 la r\u00e9affectation de locaux existants dans les \u00e9coles.<\/p>\n\n\n\n<p>\u00ab Les p\u00e9riodes avant et apr\u00e8s l\u2019\u00e9cole peuvent \u00eatre charg\u00e9es pour les parents et les personnes qui prennent soin des enfants. En cr\u00e9ant plus de places en services de garde sur les terrains des \u00e9coles, nous permettons \u00e0 davantage de familles d\u2019avoir acc\u00e8s \u00e0 des services de garde pratiques et de haute qualit\u00e9, dans des lieux qu\u2019elles connaissent d\u00e9j\u00e0 et auxquels elles font confiance \u00bb, a d\u00e9clar\u00e9 la ministre de l\u2019\u00c9ducation et des Services \u00e0 la petite enfance et ministre de l\u2019Infrastructure par int\u00e9rim, Lisa Beare. \u00ab Donner aux districts scolaires les moyens de r\u00e9affecter des locaux existants con\u00e7us pour les enfants afin d\u2019y offrir des services de garde avant et apr\u00e8s l\u2019\u00e9cole constitue un autre \u00e9l\u00e9ment important d\u2019un syst\u00e8me de services de garde qui r\u00e9pond aux besoins des familles, des enfants et des collectivit\u00e9s. \u00bb<\/p>\n\n\n\n<h4 class=\"wp-block-heading\"><strong>Cr\u00e9er plus de places<\/strong><\/h4>\n\n\n\n<p>Ces nouvelles places sont financ\u00e9es gr\u00e2ce \u00e0 une enveloppe de 5 millions de dollars du minist\u00e8re de l\u2019Infrastructure consacr\u00e9e aux immobilisations pour les services de garde. Ces fonds serviront \u00e0 r\u00e9nover et \u00e0 r\u00e9affecter des locaux existants dans les b\u00e2timents scolaires. Vingt-deux districts scolaires se partagent cette enveloppe pour cr\u00e9er environ 1 200 nouvelles places en services de garde avant et apr\u00e8s l\u2019\u00e9cole, qui devraient \u00eatre offertes au cours de la prochaine ann\u00e9e. Ces nouvelles places \u00e9largiront l\u2019acc\u00e8s pour les familles qui ont eu de la difficult\u00e9 \u00e0 trouver des services de garde abordables et de haute qualit\u00e9 pr\u00e8s de chez elles.<\/p>\n\n\n\n<p>En plus du financement des immobilisations, les districts scolaires re\u00e7oivent l\u2019appui du minist\u00e8re de l\u2019\u00c9ducation et des Services \u00e0 la petite enfance pour mettre en place et g\u00e9rer les nouveaux programmes. Cet appui comprend 20 millions de dollars pour couvrir les frais de fonctionnement au cours des trois prochaines ann\u00e9es.<\/p>\n\n\n\n<p>Le minist\u00e8re de l\u2019\u00c9ducation et des Services \u00e0 la petite enfance a aussi investi 2 millions de dollars pour aider \u00e0 couvrir les frais de d\u00e9marrage li\u00e9s aux projets d\u2019immobilisations de petite envergure retenus, notamment la formation du personnel ainsi que l\u2019achat de petit mat\u00e9riel et de jouets. Ce financement s\u2019inscrit dans les efforts d\u00e9ploy\u00e9s pour \u00e9liminer les obstacles relev\u00e9s par les districts scolaires et les prestataires de services de garde lors de la cr\u00e9ation de places sur les terrains des \u00e9coles. \u00c0 l\u2019automne 2025, le gouvernement a adopt\u00e9 la School Amendment Act, qui accro\u00eet les pouvoirs des conseils scolaires en mati\u00e8re de gestion de programmes de services de garde.<\/p>\n\n\n\n<h4 class=\"wp-block-heading\"><strong>\u00c9largir les services de garde pour les enfants d\u2019\u00e2ge scolaire<\/strong><\/h4>\n\n\n\n<p>Les districts scolaires pourront \u00e9galement obtenir du financement dans le cadre d\u2019une enveloppe provinciale de 2,9 millions de dollars afin de cr\u00e9er, sur les terrains des \u00e9coles, des programmes de garde destin\u00e9s aux enfants d\u2019\u00e2ge scolaire et g\u00e9r\u00e9s par les conseils scolaires. Les demandes pourront \u00eatre pr\u00e9sent\u00e9es plus tard \u00e0 l\u2019automne 2026. Le financement couvrira les frais de d\u00e9marrage, les travaux d\u2019immobilisations de petite envergure et les frais de fonctionnement initiaux, afin de soutenir la cr\u00e9ation de nouvelles places au cours des deux prochaines ann\u00e9es.<\/p>\n\n\n\n<h4 class=\"wp-block-heading\"><strong>Aider plus de familles en Colombie-Britannique<\/strong><\/h4>\n\n\n\n<p>Les familles dont les enfants fr\u00e9quenteront les programmes cr\u00e9\u00e9s gr\u00e2ce \u00e0 ces mesures b\u00e9n\u00e9ficieront d\u2019une r\u00e9duction de leurs frais de garde dans le cadre de l\u2019initiative de r\u00e9duction des frais de garde d\u2019enfants, CCFRI (pour Child Care Fee Reduction Initiative). Ce programme permet de r\u00e9duire les frais de garde jusqu\u2019\u00e0 320 $ par enfant et par mois pour les enfants d\u2019\u00e2ge scolaire. Les familles qui ont besoin d\u2019une aide suppl\u00e9mentaire pour payer les frais de garde peuvent \u00eatre admissibles \u00e0 la prestation pour des frais de garde abordables, ACCB (pour Affordable Child Care Benefit), qui peut r\u00e9duire davantage les frais des familles qui en ont le plus besoin.<\/p>\n\n\n\n<p>Plus d\u2019informations sur ChildCareBC :&nbsp;<a href=\"http:\/\/www.gov.bc.ca\/childcare\">www.gov.bc.ca\/childcare<\/a> <\/p>\n\n\n\n<h4 class=\"wp-block-heading\">Quelques faits<\/h4>\n\n\n\n<ul class=\"wp-block-list\">\n<li>Les familles ont acc\u00e8s \u00e0 pr\u00e8s de 52 000 places en services de garde sur les terrains des \u00e9coles de la province, soit une hausse de 61 % depuis le lancement de ChildCareBC en 2018.<\/li>\n\n\n\n<li>Depuis 2018-2019, les programmes de la Colombie-Britannique visant \u00e0 rendre les services de garde plus abordables ont permis aux parents d\u2019\u00e9conomiser plus de 3,9 milliards de dollars en frais de garde.<\/li>\n\n\n\n<li>Le nombre d\u2019\u00e9ducatrices et d\u2019\u00e9ducateurs de la petite enfance certifi\u00e9s en Colombie-Britannique a augment\u00e9 de plus de 15 000 ; la province en compte maintenant pr\u00e8s de 32 000.<\/li>\n<\/ul>\n\n\n\n<h4 class=\"wp-block-heading\">Parmi les conseils scolaires de la province, le CSF obtient du financement pour les communaut\u00e9s suivantes : <\/h4>\n\n\n\n<ul class=\"wp-block-list\">\n<li>Anne-H\u00e9bert (20 places pour des enfants d&#8217;\u00e2ge scolaire) ; <\/li>\n\n\n\n<li>Collines-d&#8217;or (12 places pour des enfants d&#8217;\u00e2ge scolaire) ; <\/li>\n\n\n\n<li>Des Glaciers (12 places pour des enfants d&#8217;\u00e2ge scolaire) ; <\/li>\n\n\n\n<li>Oc\u00e9ane (12 places pour des enfants d&#8217;\u00e2ge scolaire) ; <\/li>\n\n\n\n<li>Entre-lacs (12 places pour des enfants d&#8217;\u00e2ge scolaire).<\/li>\n<\/ul>\n\n\n\n<p><strong>Renseignements<\/strong>&nbsp;<\/p>\n\n\n\n<p><strong>Minist\u00e8re de l&#8217;\u00c9ducation et des Services \u00e0 la petite enfance&nbsp;<br><\/strong>Relations avec les m\u00e9dias&nbsp;<br>778 678\u20112926<\/p>\n\n\n\n<p>Consultez le communiqu\u00e9 de presse de la province <a href=\"https:\/\/news.gov.bc.ca\/releases\/2026ECC0023-001005\">ici<\/a>. <\/p>\n\n\n\n<p>Branchez-vous sur la Colombie-Britannique :&nbsp;<a href=\"http:\/\/news.gov.bc.ca\/connect\">news.gov.bc.ca\/connect<\/a><\/p>\n","protected":false},"excerpt":{"rendered":"<p>RICHMOND, le 2 septembre 2026 \u2013&nbsp;&nbsp;Le minist\u00e8re de l&#8217;\u00c9ducation et des Services \u00e0 la petite [&hellip;]<\/p>\n","protected":false},"author":2,"featured_media":4224,"comment_status":"closed","ping_status":"closed","sticky":false,"template":"","format":"standard","meta":{"_acf_changed":false,"footnotes":""},"categories":[161],"tags":[],"class_list":["post-18140","post","type-post","status-publish","format-standard","has-post-thumbnail","hentry","category-immobilier"],"acf":[],"yoast_head":"<!-- This site is optimized with the Yoast SEO plugin v26.5 - https:\/\/yoast.com\/wordpress\/plugins\/seo\/ -->\n<title>Plus de places en services de garde dans les \u00e9coles | Conseil scolaire francophone de la Colombie-Britannique<\/title>\n<meta name=\"robots\" content=\"index, follow, max-snippet:-1, max-image-preview:large, max-video-preview:-1\" \/>\n<link rel=\"canonical\" href=\"https:\/\/www.csf.bc.ca\/en\/2026\/09\/02\/plus-de-places-en-services-de-garde-dans-les-ecoles\/\" \/>\n<meta property=\"og:locale\" content=\"en_US\" \/>\n<meta property=\"og:type\" content=\"article\" \/>\n<meta property=\"og:title\" content=\"Plus de places en services de garde dans les \u00e9coles | Conseil scolaire francophone de la Colombie-Britannique\" \/>\n<meta property=\"og:description\" content=\"RICHMOND, le 2 septembre 2026 \u2013&nbsp;&nbsp;Le minist\u00e8re de l&#8217;\u00c9ducation et des Services \u00e0 la petite [&hellip;]\" \/>\n<meta property=\"og:url\" content=\"https:\/\/www.csf.bc.ca\/en\/2026\/09\/02\/plus-de-places-en-services-de-garde-dans-les-ecoles\/\" \/>\n<meta property=\"og:site_name\" content=\"Conseil scolaire francophone de la Colombie-Britannique\" \/>\n<meta property=\"article:published_time\" content=\"2026-09-02T16:49:48+00:00\" \/>\n<meta property=\"article:modified_time\" content=\"2026-09-02T16:50:53+00:00\" \/>\n<meta property=\"og:image\" content=\"https:\/\/www.csf.bc.ca\/wp-content\/uploads\/2022\/08\/BCNews-e1582739101730.jpeg\" \/>\n\t<meta property=\"og:image:width\" content=\"745\" \/>\n\t<meta property=\"og:image:height\" content=\"495\" \/>\n\t<meta property=\"og:image:type\" content=\"image\/jpeg\" \/>\n<meta name=\"author\" content=\"csf\" \/>\n<meta name=\"twitter:card\" content=\"summary_large_image\" \/>\n<meta name=\"twitter:label1\" content=\"Written by\" \/>\n\t<meta name=\"twitter:data1\" content=\"csf\" \/>\n\t<meta name=\"twitter:label2\" content=\"Est. reading time\" \/>\n\t<meta name=\"twitter:data2\" content=\"6 minutes\" \/>\n<script type=\"application\/ld+json\" class=\"yoast-schema-graph\">{\"@context\":\"https:\/\/schema.org\",\"@graph\":[{\"@type\":\"Article\",\"@id\":\"https:\/\/www.csf.bc.ca\/en\/2026\/09\/02\/plus-de-places-en-services-de-garde-dans-les-ecoles\/#article\",\"isPartOf\":{\"@id\":\"https:\/\/www.csf.bc.ca\/en\/2026\/09\/02\/plus-de-places-en-services-de-garde-dans-les-ecoles\/\"},\"author\":{\"name\":\"csf\",\"@id\":\"https:\/\/www.csf.bc.ca\/en\/#\/schema\/person\/22c70ad892bd8e6c6ae5040918c74d76\"},\"headline\":\"Plus de places en services de garde dans les \u00e9coles\",\"datePublished\":\"2026-09-02T16:49:48+00:00\",\"dateModified\":\"2026-09-02T16:50:53+00:00\",\"mainEntityOfPage\":{\"@id\":\"https:\/\/www.csf.bc.ca\/en\/2026\/09\/02\/plus-de-places-en-services-de-garde-dans-les-ecoles\/\"},\"wordCount\":1109,\"publisher\":{\"@id\":\"https:\/\/www.csf.bc.ca\/en\/#organization\"},\"image\":{\"@id\":\"https:\/\/www.csf.bc.ca\/en\/2026\/09\/02\/plus-de-places-en-services-de-garde-dans-les-ecoles\/#primaryimage\"},\"thumbnailUrl\":\"https:\/\/www.csf.bc.ca\/wp-content\/uploads\/2022\/08\/BCNews-e1582739101730.jpeg\",\"articleSection\":[\"Immobilier\"],\"inLanguage\":\"en-US\"},{\"@type\":\"WebPage\",\"@id\":\"https:\/\/www.csf.bc.ca\/en\/2026\/09\/02\/plus-de-places-en-services-de-garde-dans-les-ecoles\/\",\"url\":\"https:\/\/www.csf.bc.ca\/en\/2026\/09\/02\/plus-de-places-en-services-de-garde-dans-les-ecoles\/\",\"name\":\"Plus de places en services de garde dans les \u00e9coles | Conseil scolaire francophone de la Colombie-Britannique\",\"isPartOf\":{\"@id\":\"https:\/\/www.csf.bc.ca\/en\/#website\"},\"primaryImageOfPage\":{\"@id\":\"https:\/\/www.csf.bc.ca\/en\/2026\/09\/02\/plus-de-places-en-services-de-garde-dans-les-ecoles\/#primaryimage\"},\"image\":{\"@id\":\"https:\/\/www.csf.bc.ca\/en\/2026\/09\/02\/plus-de-places-en-services-de-garde-dans-les-ecoles\/#primaryimage\"},\"thumbnailUrl\":\"https:\/\/www.csf.bc.ca\/wp-content\/uploads\/2022\/08\/BCNews-e1582739101730.jpeg\",\"datePublished\":\"2026-09-02T16:49:48+00:00\",\"dateModified\":\"2026-09-02T16:50:53+00:00\",\"breadcrumb\":{\"@id\":\"https:\/\/www.csf.bc.ca\/en\/2026\/09\/02\/plus-de-places-en-services-de-garde-dans-les-ecoles\/#breadcrumb\"},\"inLanguage\":\"en-US\",\"potentialAction\":[{\"@type\":\"ReadAction\",\"target\":[\"https:\/\/www.csf.bc.ca\/en\/2026\/09\/02\/plus-de-places-en-services-de-garde-dans-les-ecoles\/\"]}]},{\"@type\":\"ImageObject\",\"inLanguage\":\"en-US\",\"@id\":\"https:\/\/www.csf.bc.ca\/en\/2026\/09\/02\/plus-de-places-en-services-de-garde-dans-les-ecoles\/#primaryimage\",\"url\":\"https:\/\/www.csf.bc.ca\/wp-content\/uploads\/2022\/08\/BCNews-e1582739101730.jpeg\",\"contentUrl\":\"https:\/\/www.csf.bc.ca\/wp-content\/uploads\/2022\/08\/BCNews-e1582739101730.jpeg\",\"width\":745,\"height\":495},{\"@type\":\"BreadcrumbList\",\"@id\":\"https:\/\/www.csf.bc.ca\/en\/2026\/09\/02\/plus-de-places-en-services-de-garde-dans-les-ecoles\/#breadcrumb\",\"itemListElement\":[{\"@type\":\"ListItem\",\"position\":1,\"name\":\"Home\",\"item\":\"https:\/\/www.csf.bc.ca\/en\/\"},{\"@type\":\"ListItem\",\"position\":2,\"name\":\"Plus de places en services de garde dans les \u00e9coles\"}]},{\"@type\":\"WebSite\",\"@id\":\"https:\/\/www.csf.bc.ca\/en\/#website\",\"url\":\"https:\/\/www.csf.bc.ca\/en\/\",\"name\":\"Conseil scolaire francophone de la Colombie-Britannique\",\"description\":\"CSF\",\"publisher\":{\"@id\":\"https:\/\/www.csf.bc.ca\/en\/#organization\"},\"potentialAction\":[{\"@type\":\"SearchAction\",\"target\":{\"@type\":\"EntryPoint\",\"urlTemplate\":\"https:\/\/www.csf.bc.ca\/en\/?s={search_term_string}\"},\"query-input\":{\"@type\":\"PropertyValueSpecification\",\"valueRequired\":true,\"valueName\":\"search_term_string\"}}],\"inLanguage\":\"en-US\"},{\"@type\":\"Organization\",\"@id\":\"https:\/\/www.csf.bc.ca\/en\/#organization\",\"name\":\"Conseil scolaire francophone de la Colombie-Britannique\",\"url\":\"https:\/\/www.csf.bc.ca\/en\/\",\"logo\":{\"@type\":\"ImageObject\",\"inLanguage\":\"en-US\",\"@id\":\"https:\/\/www.csf.bc.ca\/en\/#\/schema\/logo\/image\/\",\"url\":\"https:\/\/www.csf.bc.ca\/wp-content\/uploads\/2022\/05\/csf-logoHoriz-desc-court-coul.svg\",\"contentUrl\":\"https:\/\/www.csf.bc.ca\/wp-content\/uploads\/2022\/05\/csf-logoHoriz-desc-court-coul.svg\",\"width\":842,\"height\":205,\"caption\":\"Conseil scolaire francophone de la Colombie-Britannique\"},\"image\":{\"@id\":\"https:\/\/www.csf.bc.ca\/en\/#\/schema\/logo\/image\/\"}},{\"@type\":\"Person\",\"@id\":\"https:\/\/www.csf.bc.ca\/en\/#\/schema\/person\/22c70ad892bd8e6c6ae5040918c74d76\",\"name\":\"csf\",\"image\":{\"@type\":\"ImageObject\",\"inLanguage\":\"en-US\",\"@id\":\"https:\/\/www.csf.bc.ca\/en\/#\/schema\/person\/image\/\",\"url\":\"https:\/\/secure.gravatar.com\/avatar\/6f2a6d26065f77b09f793418913d69362f1611663e90411b8d0ff25c7a63a3a5?s=96&d=mm&r=g\",\"contentUrl\":\"https:\/\/secure.gravatar.com\/avatar\/6f2a6d26065f77b09f793418913d69362f1611663e90411b8d0ff25c7a63a3a5?s=96&d=mm&r=g\",\"caption\":\"csf\"},\"url\":\"https:\/\/www.csf.bc.ca\/en\/author\/csf\/\"}]}<\/script>\n<!-- \/ Yoast SEO plugin. -->","yoast_head_json":{"title":"Plus de places en services de garde dans les \u00e9coles | Conseil scolaire francophone de la Colombie-Britannique","robots":{"index":"index","follow":"follow","max-snippet":"max-snippet:-1","max-image-preview":"max-image-preview:large","max-video-preview":"max-video-preview:-1"},"canonical":"https:\/\/www.csf.bc.ca\/en\/2026\/09\/02\/plus-de-places-en-services-de-garde-dans-les-ecoles\/","og_locale":"en_US","og_type":"article","og_title":"Plus de places en services de garde dans les \u00e9coles | Conseil scolaire francophone de la Colombie-Britannique","og_description":"RICHMOND, le 2 septembre 2026 \u2013&nbsp;&nbsp;Le minist\u00e8re de l&#8217;\u00c9ducation et des Services \u00e0 la petite [&hellip;]","og_url":"https:\/\/www.csf.bc.ca\/en\/2026\/09\/02\/plus-de-places-en-services-de-garde-dans-les-ecoles\/","og_site_name":"Conseil scolaire francophone de la Colombie-Britannique","article_published_time":"2026-09-02T16:49:48+00:00","article_modified_time":"2026-09-02T16:50:53+00:00","og_image":[{"width":745,"height":495,"url":"https:\/\/www.csf.bc.ca\/wp-content\/uploads\/2022\/08\/BCNews-e1582739101730.jpeg","type":"image\/jpeg"}],"author":"csf","twitter_card":"summary_large_image","twitter_misc":{"Written by":"csf","Est. reading time":"6 minutes"},"schema":{"@context":"https:\/\/schema.org","@graph":[{"@type":"Article","@id":"https:\/\/www.csf.bc.ca\/en\/2026\/09\/02\/plus-de-places-en-services-de-garde-dans-les-ecoles\/#article","isPartOf":{"@id":"https:\/\/www.csf.bc.ca\/en\/2026\/09\/02\/plus-de-places-en-services-de-garde-dans-les-ecoles\/"},"author":{"name":"csf","@id":"https:\/\/www.csf.bc.ca\/en\/#\/schema\/person\/22c70ad892bd8e6c6ae5040918c74d76"},"headline":"Plus de places en services de garde dans les \u00e9coles","datePublished":"2026-09-02T16:49:48+00:00","dateModified":"2026-09-02T16:50:53+00:00","mainEntityOfPage":{"@id":"https:\/\/www.csf.bc.ca\/en\/2026\/09\/02\/plus-de-places-en-services-de-garde-dans-les-ecoles\/"},"wordCount":1109,"publisher":{"@id":"https:\/\/www.csf.bc.ca\/en\/#organization"},"image":{"@id":"https:\/\/www.csf.bc.ca\/en\/2026\/09\/02\/plus-de-places-en-services-de-garde-dans-les-ecoles\/#primaryimage"},"thumbnailUrl":"https:\/\/www.csf.bc.ca\/wp-content\/uploads\/2022\/08\/BCNews-e1582739101730.jpeg","articleSection":["Immobilier"],"inLanguage":"en-US"},{"@type":"WebPage","@id":"https:\/\/www.csf.bc.ca\/en\/2026\/09\/02\/plus-de-places-en-services-de-garde-dans-les-ecoles\/","url":"https:\/\/www.csf.bc.ca\/en\/2026\/09\/02\/plus-de-places-en-services-de-garde-dans-les-ecoles\/","name":"Plus de places en services de garde dans les \u00e9coles | Conseil scolaire francophone de la Colombie-Britannique","isPartOf":{"@id":"https:\/\/www.csf.bc.ca\/en\/#website"},"primaryImageOfPage":{"@id":"https:\/\/www.csf.bc.ca\/en\/2026\/09\/02\/plus-de-places-en-services-de-garde-dans-les-ecoles\/#primaryimage"},"image":{"@id":"https:\/\/www.csf.bc.ca\/en\/2026\/09\/02\/plus-de-places-en-services-de-garde-dans-les-ecoles\/#primaryimage"},"thumbnailUrl":"https:\/\/www.csf.bc.ca\/wp-content\/uploads\/2022\/08\/BCNews-e1582739101730.jpeg","datePublished":"2026-09-02T16:49:48+00:00","dateModified":"2026-09-02T16:50:53+00:00","breadcrumb":{"@id":"https:\/\/www.csf.bc.ca\/en\/2026\/09\/02\/plus-de-places-en-services-de-garde-dans-les-ecoles\/#breadcrumb"},"inLanguage":"en-US","potentialAction":[{"@type":"ReadAction","target":["https:\/\/www.csf.bc.ca\/en\/2026\/09\/02\/plus-de-places-en-services-de-garde-dans-les-ecoles\/"]}]},{"@type":"ImageObject","inLanguage":"en-US","@id":"https:\/\/www.csf.bc.ca\/en\/2026\/09\/02\/plus-de-places-en-services-de-garde-dans-les-ecoles\/#primaryimage","url":"https:\/\/www.csf.bc.ca\/wp-content\/uploads\/2022\/08\/BCNews-e1582739101730.jpeg","contentUrl":"https:\/\/www.csf.bc.ca\/wp-content\/uploads\/2022\/08\/BCNews-e1582739101730.jpeg","width":745,"height":495},{"@type":"BreadcrumbList","@id":"https:\/\/www.csf.bc.ca\/en\/2026\/09\/02\/plus-de-places-en-services-de-garde-dans-les-ecoles\/#breadcrumb","itemListElement":[{"@type":"ListItem","position":1,"name":"Home","item":"https:\/\/www.csf.bc.ca\/en\/"},{"@type":"ListItem","position":2,"name":"Plus de places en services de garde dans les \u00e9coles"}]},{"@type":"WebSite","@id":"https:\/\/www.csf.bc.ca\/en\/#website","url":"https:\/\/www.csf.bc.ca\/en\/","name":"Conseil scolaire francophone de la Colombie-Britannique","description":"CSF","publisher":{"@id":"https:\/\/www.csf.bc.ca\/en\/#organization"},"potentialAction":[{"@type":"SearchAction","target":{"@type":"EntryPoint","urlTemplate":"https:\/\/www.csf.bc.ca\/en\/?s={search_term_string}"},"query-input":{"@type":"PropertyValueSpecification","valueRequired":true,"valueName":"search_term_string"}}],"inLanguage":"en-US"},{"@type":"Organization","@id":"https:\/\/www.csf.bc.ca\/en\/#organization","name":"Conseil scolaire francophone de la Colombie-Britannique","url":"https:\/\/www.csf.bc.ca\/en\/","logo":{"@type":"ImageObject","inLanguage":"en-US","@id":"https:\/\/www.csf.bc.ca\/en\/#\/schema\/logo\/image\/","url":"https:\/\/www.csf.bc.ca\/wp-content\/uploads\/2022\/05\/csf-logoHoriz-desc-court-coul.svg","contentUrl":"https:\/\/www.csf.bc.ca\/wp-content\/uploads\/2022\/05\/csf-logoHoriz-desc-court-coul.svg","width":842,"height":205,"caption":"Conseil scolaire francophone de la Colombie-Britannique"},"image":{"@id":"https:\/\/www.csf.bc.ca\/en\/#\/schema\/logo\/image\/"}},{"@type":"Person","@id":"https:\/\/www.csf.bc.ca\/en\/#\/schema\/person\/22c70ad892bd8e6c6ae5040918c74d76","name":"csf","image":{"@type":"ImageObject","inLanguage":"en-US","@id":"https:\/\/www.csf.bc.ca\/en\/#\/schema\/person\/image\/","url":"https:\/\/secure.gravatar.com\/avatar\/6f2a6d26065f77b09f793418913d69362f1611663e90411b8d0ff25c7a63a3a5?s=96&d=mm&r=g","contentUrl":"https:\/\/secure.gravatar.com\/avatar\/6f2a6d26065f77b09f793418913d69362f1611663e90411b8d0ff25c7a63a3a5?s=96&d=mm&r=g","caption":"csf"},"url":"https:\/\/www.csf.bc.ca\/en\/author\/csf\/"}]}},"_links":{"self":[{"href":"https:\/\/www.csf.bc.ca\/en\/wp-json\/wp\/v2\/posts\/18140","targetHints":{"allow":["GET"]}}],"collection":[{"href":"https:\/\/www.csf.bc.ca\/en\/wp-json\/wp\/v2\/posts"}],"about":[{"href":"https:\/\/www.csf.bc.ca\/en\/wp-json\/wp\/v2\/types\/post"}],"author":[{"embeddable":true,"href":"https:\/\/www.csf.bc.ca\/en\/wp-json\/wp\/v2\/users\/2"}],"replies":[{"embeddable":true,"href":"https:\/\/www.csf.bc.ca\/en\/wp-json\/wp\/v2\/comments?post=18140"}],"version-history":[{"count":3,"href":"https:\/\/www.csf.bc.ca\/en\/wp-json\/wp\/v2\/posts\/18140\/revisions"}],"predecessor-version":[{"id":18143,"href":"https:\/\/www.csf.bc.ca\/en\/wp-json\/wp\/v2\/posts\/18140\/revisions\/18143"}],"wp:featuredmedia":[{"embeddable":true,"href":"https:\/\/www.csf.bc.ca\/en\/wp-json\/wp\/v2\/media\/4224"}],"wp:attachment":[{"href":"https:\/\/www.csf.bc.ca\/en\/wp-json\/wp\/v2\/media?parent=18140"}],"wp:term":[{"taxonomy":"category","embeddable":true,"href":"https:\/\/www.csf.bc.ca\/en\/wp-json\/wp\/v2\/categories?post=18140"},{"taxonomy":"post_tag","embeddable":true,"href":"https:\/\/www.csf.bc.ca\/en\/wp-json\/wp\/v2\/tags?post=18140"}],"curies":[{"name":"wp","href":"https:\/\/api.w.org\/{rel}","templated":true}]}}